{"id":92671,"date":"2016-07-21T22:21:29","date_gmt":"2016-07-22T01:21:29","guid":{"rendered":"http:\/\/aconteceunovale.com.br\/portal\/?p=92671"},"modified":"2016-07-21T22:21:29","modified_gmt":"2016-07-22T01:21:29","slug":"vereador-deixa-prisao-domiciliar-e-vai-para-penitenciaria-em-governador-valadares","status":"publish","type":"post","link":"https:\/\/aconteceunovale.com.br\/portal\/?p=92671","title":{"rendered":"Vereador deixa pris\u00e3o domiciliar e vai para penitenci\u00e1ria em Governador Valadares"},"content":{"rendered":"<p>O vereador Cezinha Alvarenga (PRB) deixou o regime de pris\u00e3o domiciliar e foi encaminhado \u00e0 Penitenci\u00e1ria Francisco Floriano de Paula na tarde desta quinta-feira (21\/7) em Governador Valadares (MG). Segundo o promotor Evandro Ventura, a transfer\u00eancia se deu ap\u00f3s ter sido providenciada cela de acordo com a situa\u00e7\u00e3o do Cezinha Alvarenga.<\/p>\n<p>\u201cPortanto a defesa do vereador entrou com o pedido de habeas corpus pedindo pris\u00e3o domiciliar em raz\u00e3o de ele tamb\u00e9m ser advogado devidamente inscrito na OAB, cujo Estatuto prev\u00ea o direito a uma cela individual.  Mas o desembargador foi muito claro no sentido que a pris\u00e3o seria domiciliar at\u00e9 que haja uma situa\u00e7\u00e3o em que o sistema prisional prev\u00ea, com cela individual\u201d, explicou o promotor.<\/p>\n<p>Cezinha Alvarenga foi remanejado para a pris\u00e3o domiciliar na \u00faltima sexta-feira (15), e desde ent\u00e3o o Minist\u00e9rio P\u00fablico buscou com a Penitenci\u00e1ria Francisco de Paula para que fosse disponibilizada uma cela individual na qual o vereador possa ser instalado. Com a resposta positiva, o MP pediu \u00e0 justi\u00e7a o retorno dele ao sistema penitenci\u00e1rio, o que ocorreu nesta quinta-feira.<\/p>\n<p>At\u00e9 o momento, permanecem na cadeia cinco dos sete vereadores presos na 3\u00aa fase da Opera\u00e7\u00e3o Mar de Lama, que investiga uma organiza\u00e7\u00e3o criminosa instalada na Prefeitura de Governador Valadares e no Sistema Aut\u00f4nomo de \u00c1gua e Esgoto (SAAE) do munic\u00edpio. Segundo Evandro Ventura, os vereadores foram presos suspeitos de corrup\u00e7\u00e3o passiva, ou seja, recebiam dinheiro para favorecer a quadrilha investigada.<\/p>\n<p>\u201cN\u00f3s temos uma perspectiva de que ao final do processo, se forem condenados nos termos que o Minist\u00e9rio P\u00fablico fez o requerimento e a den\u00fancia, eles poder\u00e3o pegar o regime fechado e \u00e9 exatamente por isso que eles permanecem presos\u201d, concluiu o promotor.<\/p>\n<p><img decoding=\"async\" src=\"http:\/\/aconteceunovale.com.br\/portal\/wp-content\/uploads\/2016\/07\/cezinha_alvarenga.jpg\" alt=\"\" \/><em>Cezinha Alvarenga (Foto: Site da C\u00e2mara de Governador Valadares)<\/em><br \/>\n<\/br><\/p>\n<p><em>(Fonte: G1 Vales de Minas Gerais \/ Rep\u00f3rter: Zana Ferreira)<\/em><\/p>\n","protected":false},"excerpt":{"rendered":"<p>O vereador Cezinha Alvarenga (PRB) deixou o regime de pris\u00e3o domiciliar e foi encaminhado \u00e0 Penitenci\u00e1ria Francisco Floriano de Paula na tarde desta quinta-feira (21\/7) em Governador Valadares (MG). Segundo o promotor Evandro Ventura, a transfer\u00eancia se deu ap\u00f3s ter sido providenciada cela de acordo com a situa\u00e7\u00e3o do Cezinha Alvarenga. \u201cPortanto a defesa do [&hellip;]<\/p>\n","protected":false},"author":1,"featured_media":92672,"comment_status":"open","ping_status":"closed","sticky":false,"template":"","format":"standard","meta":{"amp_status":"","footnotes":""},"categories":[121],"tags":[27927,247,88065,106466,106464,20504],"class_list":["post-92671","post","type-post","status-publish","format-standard","has-post-thumbnail","hentry","category-leste","tag-cezinha-alvarenga","tag-governador-valadares","tag-prisao-de-cezinha-alvarenga","tag-vereador-cezinha-alvarenga","tag-vereador-deixa-prisao-domiciliar-e-vai-para-penitenciaria-em-governador-valadares","tag-vereador-preso-em-governador-valadares"],"_links":{"self":[{"href":"https:\/\/aconteceunovale.com.br\/portal\/index.php?rest_route=\/wp\/v2\/posts\/92671","targetHints":{"allow":["GET"]}}],"collection":[{"href":"https:\/\/aconteceunovale.com.br\/portal\/index.php?rest_route=\/wp\/v2\/posts"}],"about":[{"href":"https:\/\/aconteceunovale.com.br\/portal\/index.php?rest_route=\/wp\/v2\/types\/post"}],"author":[{"embeddable":true,"href":"https:\/\/aconteceunovale.com.br\/portal\/index.php?rest_route=\/wp\/v2\/users\/1"}],"replies":[{"embeddable":true,"href":"https:\/\/aconteceunovale.com.br\/portal\/index.php?rest_route=%2Fwp%2Fv2%2Fcomments&post=92671"}],"version-history":[{"count":0,"href":"https:\/\/aconteceunovale.com.br\/portal\/index.php?rest_route=\/wp\/v2\/posts\/92671\/revisions"}],"wp:featuredmedia":[{"embeddable":true,"href":"https:\/\/aconteceunovale.com.br\/portal\/index.php?rest_route=\/wp\/v2\/media\/92672"}],"wp:attachment":[{"href":"https:\/\/aconteceunovale.com.br\/portal\/index.php?rest_route=%2Fwp%2Fv2%2Fmedia&parent=92671"}],"wp:term":[{"taxonomy":"category","embeddable":true,"href":"https:\/\/aconteceunovale.com.br\/portal\/index.php?rest_route=%2Fwp%2Fv2%2Fcategories&post=92671"},{"taxonomy":"post_tag","embeddable":true,"href":"https:\/\/aconteceunovale.com.br\/portal\/index.php?rest_route=%2Fwp%2Fv2%2Ftags&post=92671"}],"curies":[{"name":"wp","href":"https:\/\/api.w.org\/{rel}","templated":true}]}}