{"id":92669,"date":"2016-07-21T22:12:36","date_gmt":"2016-07-22T01:12:36","guid":{"rendered":"http:\/\/aconteceunovale.com.br\/portal\/?p=92669"},"modified":"2016-07-21T22:12:36","modified_gmt":"2016-07-22T01:12:36","slug":"ossada-humana-e-encontrada-no-municipio-de-malacacheta","status":"publish","type":"post","link":"https:\/\/aconteceunovale.com.br\/portal\/?p=92669","title":{"rendered":"Ossada humana \u00e9 encontrada no munic\u00edpio de Malacacheta"},"content":{"rendered":"<p>Uma ossada humana foi encontrada na zona rural de Malacacheta, no Vale do Mucuri, nessa quarta-feira (20\/7). Os restos mortais estavam pr\u00f3ximo ao C\u00f3rrego dos Almeidas. A v\u00edtima n\u00e3o foi identificada e o caso est\u00e1 sendo investigado pela Pol\u00edcia Civil.<\/p>\n<p>De acordo com a pol\u00edcia, um funcion\u00e1rio de uma fazenda estava trabalhando quando encontrou a ossada. A Per\u00edcia T\u00e9cnica da Pol\u00edcia Civil de Te\u00f3filo Otoni foi acionada e recolheu o material. Foi instaurado um inqu\u00e9rito e o laudo pericial deve sair em 30 dias. (G1)<\/p>\n","protected":false},"excerpt":{"rendered":"<p>Uma ossada humana foi encontrada na zona rural de Malacacheta, no Vale do Mucuri, nessa quarta-feira (20\/7). Os restos mortais estavam pr\u00f3ximo ao C\u00f3rrego dos Almeidas. A v\u00edtima n\u00e3o foi identificada e o caso est\u00e1 sendo investigado pela Pol\u00edcia Civil. De acordo com a pol\u00edcia, um funcion\u00e1rio de uma fazenda estava trabalhando quando encontrou a [&hellip;]<\/p>\n","protected":false},"author":1,"featured_media":90576,"comment_status":"open","ping_status":"closed","sticky":false,"template":"","format":"standard","meta":{"amp_status":"","footnotes":""},"categories":[122],"tags":[106463,57317,226,106462,164],"class_list":["post-92669","post","type-post","status-publish","format-standard","has-post-thumbnail","hentry","category-mucuri","tag-corpo-encontrado-em-malacacheta","tag-homicidio-malacacheta","tag-malacacheta","tag-ossada-humana-e-encontrada-no-municipio-de-malacacheta","tag-teofilo-otoni"],"_links":{"self":[{"href":"https:\/\/aconteceunovale.com.br\/portal\/index.php?rest_route=\/wp\/v2\/posts\/92669","targetHints":{"allow":["GET"]}}],"collection":[{"href":"https:\/\/aconteceunovale.com.br\/portal\/index.php?rest_route=\/wp\/v2\/posts"}],"about":[{"href":"https:\/\/aconteceunovale.com.br\/portal\/index.php?rest_route=\/wp\/v2\/types\/post"}],"author":[{"embeddable":true,"href":"https:\/\/aconteceunovale.com.br\/portal\/index.php?rest_route=\/wp\/v2\/users\/1"}],"replies":[{"embeddable":true,"href":"https:\/\/aconteceunovale.com.br\/portal\/index.php?rest_route=%2Fwp%2Fv2%2Fcomments&post=92669"}],"version-history":[{"count":0,"href":"https:\/\/aconteceunovale.com.br\/portal\/index.php?rest_route=\/wp\/v2\/posts\/92669\/revisions"}],"wp:featuredmedia":[{"embeddable":true,"href":"https:\/\/aconteceunovale.com.br\/portal\/index.php?rest_route=\/wp\/v2\/media\/90576"}],"wp:attachment":[{"href":"https:\/\/aconteceunovale.com.br\/portal\/index.php?rest_route=%2Fwp%2Fv2%2Fmedia&parent=92669"}],"wp:term":[{"taxonomy":"category","embeddable":true,"href":"https:\/\/aconteceunovale.com.br\/portal\/index.php?rest_route=%2Fwp%2Fv2%2Fcategories&post=92669"},{"taxonomy":"post_tag","embeddable":true,"href":"https:\/\/aconteceunovale.com.br\/portal\/index.php?rest_route=%2Fwp%2Fv2%2Ftags&post=92669"}],"curies":[{"name":"wp","href":"https:\/\/api.w.org\/{rel}","templated":true}]}}