{"id":92665,"date":"2016-07-21T22:05:22","date_gmt":"2016-07-22T01:05:22","guid":{"rendered":"http:\/\/aconteceunovale.com.br\/portal\/?p=92665"},"modified":"2016-07-21T22:06:02","modified_gmt":"2016-07-22T01:06:02","slug":"apesar-da-crise-empresas-investem-na-expo-usipa-em-ipatinga","status":"publish","type":"post","link":"https:\/\/aconteceunovale.com.br\/portal\/?p=92665","title":{"rendered":"Apesar da crise financeira, empresas investem na Expo Usipa em Ipatinga"},"content":{"rendered":"<p>Apesar da crise financeira, a organiza\u00e7\u00e3o da 28\u00aa Expo Usipa de Ipatinga espera bons neg\u00f3cios. A feira, que \u00e9 tradicional na regi\u00e3o, come\u00e7ou nessa quarta-feira (20) e segue at\u00e9 o pr\u00f3ximo s\u00e1bado (23).<\/p>\n<p>O evento come\u00e7ou a ser planejado em outubro do ano passado com o foco na supera\u00e7\u00e3o da crise econ\u00f4mica enfrentada no pa\u00eds. De acordo com o gerente geral da Usipa, Celestino Batista, o novo cen\u00e1rio contribuiu para o aumento de expositores. Neste ano, ser\u00e3o 124 empresas nacionais e internacionais, 37% s\u00e3o do Vale do A\u00e7o. A organiza\u00e7\u00e3o do evento espera mais de 20 mil visitantes.<\/p>\n<p>&#8220;Mesmo com tantos desafios n\u00f3s tivemos uma melhora significante para este ano. Um exemplo s\u00e3o os expositores locais. Em 2015, menos de 20% dos estandes eram de empresas da regi\u00e3o e nesse ano j\u00e1 subiu 17%. Estamos felizes com o resultado e em clima de supera\u00e7\u00e3o vamos apresentar 124 expositores em 129 estandes, mantendo o n\u00famero de 2015, al\u00e9m das 48 palestras t\u00e9cnicas e 480 reuni\u00f5es de neg\u00f3cios\u201d, destacou.<\/p>\n<p>Leonardo Duarte \u00e9 diretor de uma empresa do setor automobil\u00edstico em Tim\u00f3teo e decidiu apostar na feira pela primeira vez. &#8220;Com a crise, tamb\u00e9m estamos sentindo uma queda no setor automobil\u00edstico. N\u00e3o podemos ficar de bra\u00e7os cruzados vendo a situa\u00e7\u00e3o piorar. Hoje meu maior p\u00fablico tanto direto como indireto \u00e9 do Vale do A\u00e7o. Portanto queremos estar perto desses consumidores, ouvir as demandas deles e apresentar as nossas novidades&#8221;, enfatiza.<\/p>\n<p>De acordo com a organiza\u00e7\u00e3o, a feira vai trazer novidades ao mercado nas \u00e1reas da Ind\u00fastria, Com\u00e9rcio e Presta\u00e7\u00e3o de Servi\u00e7os, al\u00e9m de palestras e shows. Confira a programa\u00e7\u00e3o no site <a href=\"http:\/\/expousipa.com\/\" target=\"_blank\">www.expousipa.com<\/a>.<\/p>\n<p><img decoding=\"async\" src=\"http:\/\/aconteceunovale.com.br\/portal\/wp-content\/uploads\/2016\/07\/expo_usipa.jpg\" alt=\"\" \/><em>Expo Usipa come\u00e7ou nesta quarta-feira (Foto: Assessoria\/Expo Usipa)<\/em><br \/>\n<\/br><\/p>\n<p><em>(Fonte: G1 Vales de Minas Gerais\/Patr\u00edcia Belo)<\/em><\/p>\n","protected":false},"excerpt":{"rendered":"<p>Apesar da crise financeira, a organiza\u00e7\u00e3o da 28\u00aa Expo Usipa de Ipatinga espera bons neg\u00f3cios. A feira, que \u00e9 tradicional na regi\u00e3o, come\u00e7ou nessa quarta-feira (20) e segue at\u00e9 o pr\u00f3ximo s\u00e1bado (23). O evento come\u00e7ou a ser planejado em outubro do ano passado com o foco na supera\u00e7\u00e3o da crise econ\u00f4mica enfrentada no pa\u00eds. [&hellip;]<\/p>\n","protected":false},"author":1,"featured_media":92666,"comment_status":"open","ping_status":"closed","sticky":false,"template":"","format":"standard","meta":{"amp_status":"","footnotes":""},"categories":[121],"tags":[106453,106456,106460,106459,106461,106454,106455,106457,106458,201,1105],"class_list":["post-92665","post","type-post","status-publish","format-standard","has-post-thumbnail","hentry","category-leste","tag-28a-expo-usipa","tag-28a-expo-usipa-de-ipatinga","tag-apesar-da-crise","tag-celestino-batista","tag-empresas-investem-na-expo-usipa-em-ipatinga","tag-expo-usipa","tag-expo-usipa-2016","tag-expo-usipa-de-ipatinga","tag-gerente-geral-da-usipa","tag-ipatinga","tag-timoteo"],"_links":{"self":[{"href":"https:\/\/aconteceunovale.com.br\/portal\/index.php?rest_route=\/wp\/v2\/posts\/92665","targetHints":{"allow":["GET"]}}],"collection":[{"href":"https:\/\/aconteceunovale.com.br\/portal\/index.php?rest_route=\/wp\/v2\/posts"}],"about":[{"href":"https:\/\/aconteceunovale.com.br\/portal\/index.php?rest_route=\/wp\/v2\/types\/post"}],"author":[{"embeddable":true,"href":"https:\/\/aconteceunovale.com.br\/portal\/index.php?rest_route=\/wp\/v2\/users\/1"}],"replies":[{"embeddable":true,"href":"https:\/\/aconteceunovale.com.br\/portal\/index.php?rest_route=%2Fwp%2Fv2%2Fcomments&post=92665"}],"version-history":[{"count":0,"href":"https:\/\/aconteceunovale.com.br\/portal\/index.php?rest_route=\/wp\/v2\/posts\/92665\/revisions"}],"wp:featuredmedia":[{"embeddable":true,"href":"https:\/\/aconteceunovale.com.br\/portal\/index.php?rest_route=\/wp\/v2\/media\/92666"}],"wp:attachment":[{"href":"https:\/\/aconteceunovale.com.br\/portal\/index.php?rest_route=%2Fwp%2Fv2%2Fmedia&parent=92665"}],"wp:term":[{"taxonomy":"category","embeddable":true,"href":"https:\/\/aconteceunovale.com.br\/portal\/index.php?rest_route=%2Fwp%2Fv2%2Fcategories&post=92665"},{"taxonomy":"post_tag","embeddable":true,"href":"https:\/\/aconteceunovale.com.br\/portal\/index.php?rest_route=%2Fwp%2Fv2%2Ftags&post=92665"}],"curies":[{"name":"wp","href":"https:\/\/api.w.org\/{rel}","templated":true}]}}