{"id":92662,"date":"2016-07-21T21:51:16","date_gmt":"2016-07-22T00:51:16","guid":{"rendered":"http:\/\/aconteceunovale.com.br\/portal\/?p=92662"},"modified":"2026-09-02T12:17:19","modified_gmt":"2026-09-02T15:17:19","slug":"prefeitura-tenta-evitar-interdicao-do-aeroporto-de-aracuai","status":"publish","type":"post","link":"https:\/\/aconteceunovale.com.br\/portal\/?p=92662","title":{"rendered":"Prefeitura tenta evitar interdi\u00e7\u00e3o do aeroporto de Ara\u00e7ua\u00ed"},"content":{"rendered":"<p>O Departamento de Controle do Espa\u00e7o A\u00e9reo (DECEA), \u00f3rg\u00e3o da Aeron\u00e1utica, quer interditar o aeroporto de Ara\u00e7ua\u00ed, no Vale do Jequitinhonha, a partir do pr\u00f3ximo dia 25 de julho, devido \u00e0 n\u00e3o apresenta\u00e7\u00e3o do Plano B\u00e1sico de Zona de Prote\u00e7\u00e3o do Aer\u00f3dromo (PBZPA), por parte da prefeitura municipal. Com a medida, nenhuma aeronave ter\u00e1 autoriza\u00e7\u00e3o para pousar ou decolar.<\/p>\n<p>O Plano B\u00e1sico de Zona de Prote\u00e7\u00e3o de Aer\u00f3dromo estabelece que a \u00e1rea  do aeroporto seja de exclusividade para voos, restringindo a constru\u00e7\u00e3o de edif\u00edcios em alturas que possam por em risco os seus ocupantes ou impactar a seguran\u00e7a de cada voo. E \u00e9 por meio da observa\u00e7\u00e3o desses planos que se tornam poss\u00edveis as visualiza\u00e7\u00f5es em um mapa tridimensional sobre o aeroporto, sobre a \u00e1rea e quais os limites observados para o distanciamento, al\u00e9m de indicar as alturas das edifica\u00e7\u00f5es da redondeza.<\/p>\n<p>De acordo com informa\u00e7\u00f5es da Assessoria de Comunica\u00e7\u00e3o da prefeitura, a administra\u00e7\u00e3o dever\u00e1 assinar nesta quinta-feira, 21 de julho, um termo de Ajustamento de Conduta com interveni\u00eancia  da Secretaria de Estado de Obras P\u00fablicas de Minas Gerais \u2013 SETOP\/MG e o Departamento de Controle de Espa\u00e7o A\u00e9reo (DECEA), solicitando mais prazo para que a prefeitura possa concluir o Plano B\u00e1sico de Prote\u00e7\u00e3o do Aer\u00f3dromo.<\/p>\n<p><img decoding=\"async\" src=\"http:\/\/aconteceunovale.com.br\/portal\/wp-content\/uploads\/2016\/07\/aeroporto_aracuai.jpg\" alt=\"\" \/><em>Aeroporto n\u00e3o passa por reformas h\u00e1 mais de 20 anos (Foto: Gazeta de Ara\u00e7ua\u00ed)<\/em><br \/>\n<\/br><\/p>\n<p>Uma comiss\u00e3o do Comando A\u00e9reo Regional da Aeron\u00e1utica (COMAR), composta por engenheiros, fez h\u00e1 dois anos, inspe\u00e7\u00e3o no local e apresentou uma lista de servi\u00e7os que precisavam ser executados pela prefeitura para que o aeroporto possa operar normalmente.<\/p>\n<p>Foi dado prazo para a prefeitura realizar os servi\u00e7os. Como isso n\u00e3o ocorreu, o aeroporto poder\u00e1 ser interditado por medidas de seguran\u00e7a. Entre as medidas solicitadas, est\u00e3o a coloca\u00e7\u00e3o de cerca adequada para impedir a entrada de animais na \u00e1rea, reforma da  pista de pouso, entre outras.<\/p>\n<p>H\u00e1 mais de 20 anos, o aeroporto de Ara\u00e7ua\u00ed, n\u00e3o passa por manuten\u00e7\u00e3o. Inaugurado em 1948 como um campo de avia\u00e7\u00e3o, seu asfaltamento ocorreu apenas em meados da d\u00e9cada de 80. <\/p>\n<p>Atualmente, a pista de pouso e decolagem, com 1.200 metros, est\u00e1 toda trincada, bem como a \u00e1rea de taxiamento das aeronaves.  \u201cAs pequenas pedras (britas) que se acumulam na pista, batem nas h\u00e9lices e provocam desgastes.  Por entre as fendas da pista est\u00e1 nascendo mato, bem como nas laterais. Com isso as rachaduras s\u00f3 aumentam\u201d, alerta Giuseppe Lopes, instrutor de voo e piloto da Net Aviation.<\/p>\n<p>O aeroporto conta com dois hangares, que abrigam quatro pequenas aeronaves de empres\u00e1rios da regi\u00e3o. A movimenta\u00e7\u00e3o \u00e9 de uma m\u00e9dia de 20 a 30 voos mensais, mas h\u00e1 aeronaves que pousam e decolam at\u00e9 quatro vezes ao dia.<\/p>\n<p>Desde o ano passado, o local \u00e9 utilizado por uma Escola de Pilotagens para cursos destinados a alunos da categoria experimental.<\/p>\n<p>Se ocorrer a interdi\u00e7\u00e3o, quem precisar utilizar o transporte a\u00e9reo ter\u00e1 que se valer do aeroporto de Jequitinhonha, a cerca de 140 km de Ara\u00e7ua\u00ed. \u201cImagine o transtorno se precisarmos transportar um paciente com urg\u00eancia para hospitais fora daqui?\u201d, questionou um m\u00e9dico da rede hospitalar do munic\u00edpio.<\/p>\n<p><strong>Prefeitura descarta interdi\u00e7\u00e3o<\/strong><\/p>\n<p>Em nota, a assessoria de Comunica\u00e7\u00e3o da prefeitura informou que n\u00e3o ocorrer\u00e1 a interdi\u00e7\u00e3o.  De acordo com o comunicado, a administra\u00e7\u00e3o municipal est\u00e1 atuando, junto ao DECEA para assegurar a continuidade do funcionamento do aeroporto.<\/p>\n<p>Ainda segundo a nota da prefeitura, o aeroporto de Ara\u00e7ua\u00ed continuar\u00e1 em opera\u00e7\u00e3o a servi\u00e7o do munic\u00edpio e regi\u00e3o, pois um Termo de Ajustamento de Conduta ser\u00e1 celebrado com a interveni\u00eancia da Secretaria de Estado de Obras P\u00fablicas de Minas Gerais e o Departamento de Controle de Espa\u00e7o A\u00e9reo.<\/p>\n<p>A assessoria de Comunica\u00e7\u00e3o informou que a assinatura estava prevista para esta quinta-feira (21), com a finalidade de conceder maior prazo para que o munic\u00edpio possa concluir o Plano B\u00e1sico de Prote\u00e7\u00e3o ao Aer\u00f3dromo.<\/p>\n<p>De acordo com a assessoria,  no dia 4 de agosto do ano passado, foi assinado o Conv\u00eanio 43\/2015, celebrado entre o munic\u00edpio de Ara\u00e7ua\u00ed e a Secretaria de Avia\u00e7\u00e3o Civil da Presid\u00eancia da Rep\u00fablica, para a explora\u00e7\u00e3o do aeroporto de Ara\u00e7ua\u00ed por um per\u00edodo de 35 anos.<\/p>\n<p><em>(Fonte: Gazeta de Ara\u00e7ua\u00ed)<\/em><\/p>\n","protected":false},"excerpt":{"rendered":"<p>O Departamento de Controle do Espa\u00e7o A\u00e9reo (DECEA), \u00f3rg\u00e3o da Aeron\u00e1utica, quer interditar o aeroporto de Ara\u00e7ua\u00ed, no Vale do Jequitinhonha, a partir do pr\u00f3ximo dia 25 de julho, devido \u00e0 n\u00e3o apresenta\u00e7\u00e3o do Plano B\u00e1sico de Zona de Prote\u00e7\u00e3o do Aer\u00f3dromo (PBZPA), por parte da prefeitura municipal. Com a medida, nenhuma aeronave ter\u00e1 autoriza\u00e7\u00e3o [&hellip;]<\/p>\n","protected":false},"author":1,"featured_media":92663,"comment_status":"open","ping_status":"closed","sticky":false,"template":"","format":"standard","meta":{"amp_status":"","footnotes":""},"categories":[272530,120],"tags":[5767,106446,106445,106441,106442,106450,106444,106451,106448,106449,106447,106452,106443],"class_list":["post-92662","post","type-post","status-publish","format-standard","has-post-thumbnail","hentry","category-aracuai","category-jequi","tag-aeroporto-de-aracuai","tag-aeroporto-de-aracuai-pode-ser-fechado","tag-aeroporto-de-aracuai-pode-ser-interditado","tag-decea","tag-departamento-de-controle-do-espaco-aereo","tag-giuseppe-lopes","tag-interdicao-do-aeroporto-de-aracuai","tag-net-aviation","tag-pbzpa","tag-pbzpa-do-aeroporto-de-aracuai","tag-plano-basico-de-zona-de-protecao-do-aerodromo-do-aeroporto-de-aracuai","tag-prefeitura-tenta-evitar-interdicao-do-aeroporto-de-aracuai","tag-situacao-do-aeroporto-de-aracuai"],"yoast_head":"<!-- This site is optimized with the Yoast SEO plugin v28.3 - https:\/\/yoast.com\/product\/yoast-seo-wordpress\/ -->\n<title>Prefeitura tenta evitar interdi\u00e7\u00e3o do aeroporto de Ara\u00e7ua\u00ed - Aconteceu no Vale<\/title>\n<meta name=\"robots\" content=\"index, follow, max-snippet:-1, max-image-preview:large, max-video-preview:-1\" \/>\n<link rel=\"canonical\" href=\"https:\/\/aconteceunovale.com.br\/portal\/?p=92662\" \/>\n<meta property=\"og:locale\" content=\"pt_BR\" \/>\n<meta property=\"og:type\" content=\"article\" \/>\n<meta property=\"og:title\" content=\"Prefeitura tenta evitar interdi\u00e7\u00e3o do aeroporto de Ara\u00e7ua\u00ed - Aconteceu no Vale\" \/>\n<meta property=\"og:description\" content=\"O Departamento de Controle do Espa\u00e7o A\u00e9reo (DECEA), \u00f3rg\u00e3o da Aeron\u00e1utica, quer interditar o aeroporto de Ara\u00e7ua\u00ed, no Vale do Jequitinhonha, a partir do pr\u00f3ximo dia 25 de julho, devido \u00e0 n\u00e3o apresenta\u00e7\u00e3o do Plano B\u00e1sico de Zona de Prote\u00e7\u00e3o do Aer\u00f3dromo (PBZPA), por parte da prefeitura municipal. Com a medida, nenhuma aeronave ter\u00e1 autoriza\u00e7\u00e3o [&hellip;]\" \/>\n<meta property=\"og:url\" content=\"https:\/\/aconteceunovale.com.br\/portal\/?p=92662\" \/>\n<meta property=\"og:site_name\" content=\"Aconteceu no Vale\" \/>\n<meta property=\"article:publisher\" content=\"https:\/\/www.facebook.com\/aconteceunovale\/\" \/>\n<meta property=\"article:published_time\" content=\"2016-07-22T00:51:16+00:00\" \/>\n<meta property=\"article:modified_time\" content=\"2026-09-02T15:17:19+00:00\" \/>\n<meta property=\"og:image\" content=\"https:\/\/aconteceunovale.com.br\/portal\/wp-content\/uploads\/2016\/07\/aeroporto_aracuai.jpg\" \/>\n\t<meta property=\"og:image:width\" content=\"640\" \/>\n\t<meta property=\"og:image:height\" content=\"337\" \/>\n\t<meta property=\"og:image:type\" content=\"image\/jpeg\" \/>\n<meta name=\"author\" content=\"Aconteceu no Vale\" \/>\n<meta name=\"twitter:card\" content=\"summary_large_image\" \/>\n<meta name=\"twitter:creator\" content=\"@noticiadosvales\" \/>\n<meta name=\"twitter:site\" content=\"@noticiadosvales\" \/>\n<meta name=\"twitter:label1\" content=\"Escrito por\" \/>\n\t<meta name=\"twitter:data1\" content=\"Aconteceu no Vale\" \/>\n\t<meta name=\"twitter:label2\" content=\"Est. tempo de leitura\" \/>\n\t<meta name=\"twitter:data2\" content=\"4 minutos\" \/>\n<script type=\"application\/ld+json\" class=\"yoast-schema-graph\">{\"@context\":\"https:\\\/\\\/schema.org\",\"@graph\":[{\"@type\":\"Article\",\"@id\":\"https:\\\/\\\/aconteceunovale.com.br\\\/portal\\\/?p=92662#article\",\"isPartOf\":{\"@id\":\"https:\\\/\\\/aconteceunovale.com.br\\\/portal\\\/?p=92662\"},\"author\":{\"name\":\"Aconteceu no Vale\",\"@id\":\"https:\\\/\\\/aconteceunovale.com.br\\\/portal\\\/#\\\/schema\\\/person\\\/633529146f2c94272bef50ac2953d589\"},\"headline\":\"Prefeitura tenta evitar interdi\u00e7\u00e3o do aeroporto de Ara\u00e7ua\u00ed\",\"datePublished\":\"2016-07-22T00:51:16+00:00\",\"dateModified\":\"2026-09-02T15:17:19+00:00\",\"mainEntityOfPage\":{\"@id\":\"https:\\\/\\\/aconteceunovale.com.br\\\/portal\\\/?p=92662\"},\"wordCount\":763,\"commentCount\":0,\"image\":{\"@id\":\"https:\\\/\\\/aconteceunovale.com.br\\\/portal\\\/?p=92662#primaryimage\"},\"thumbnailUrl\":\"https:\\\/\\\/aconteceunovale.com.br\\\/portal\\\/wp-content\\\/uploads\\\/2016\\\/07\\\/aeroporto_aracuai.jpg\",\"keywords\":[\"Aeroporto de Ara\u00e7ua\u00ed\",\"aeroporto de Ara\u00e7ua\u00ed pode ser fechado\",\"aeroporto de Ara\u00e7ua\u00ed pode ser interditado\",\"DECEA\",\"Departamento de Controle do Espa\u00e7o A\u00e9reo\",\"Giuseppe Lopes\",\"interdi\u00e7\u00e3o do aeroporto de Ara\u00e7ua\u00ed\",\"Net Aviation\",\"PBZPA\",\"PBZPA do aeroporto de ara\u00e7ua\u00ed\",\"Plano B\u00e1sico de Zona de Prote\u00e7\u00e3o do Aer\u00f3dromo do aeroporto de ara\u00e7ua\u00ed\",\"Prefeitura tenta evitar interdi\u00e7\u00e3o do aeroporto de Ara\u00e7ua\u00ed\",\"situa\u00e7\u00e3o do aeroporto de Ara\u00e7ua\u00ed\"],\"articleSection\":[\"Ara\u00e7ua\u00ed\",\"Vale do Jequitinhonha\"],\"inLanguage\":\"pt-BR\",\"potentialAction\":[{\"@type\":\"CommentAction\",\"name\":\"Comment\",\"target\":[\"https:\\\/\\\/aconteceunovale.com.br\\\/portal\\\/?p=92662#respond\"]}]},{\"@type\":\"WebPage\",\"@id\":\"https:\\\/\\\/aconteceunovale.com.br\\\/portal\\\/?p=92662\",\"url\":\"https:\\\/\\\/aconteceunovale.com.br\\\/portal\\\/?p=92662\",\"name\":\"Prefeitura tenta evitar interdi\u00e7\u00e3o do aeroporto de Ara\u00e7ua\u00ed - Aconteceu no Vale\",\"isPartOf\":{\"@id\":\"https:\\\/\\\/aconteceunovale.com.br\\\/portal\\\/#website\"},\"primaryImageOfPage\":{\"@id\":\"https:\\\/\\\/aconteceunovale.com.br\\\/portal\\\/?p=92662#primaryimage\"},\"image\":{\"@id\":\"https:\\\/\\\/aconteceunovale.com.br\\\/portal\\\/?p=92662#primaryimage\"},\"thumbnailUrl\":\"https:\\\/\\\/aconteceunovale.com.br\\\/portal\\\/wp-content\\\/uploads\\\/2016\\\/07\\\/aeroporto_aracuai.jpg\",\"datePublished\":\"2016-07-22T00:51:16+00:00\",\"dateModified\":\"2026-09-02T15:17:19+00:00\",\"author\":{\"@id\":\"https:\\\/\\\/aconteceunovale.com.br\\\/portal\\\/#\\\/schema\\\/person\\\/633529146f2c94272bef50ac2953d589\"},\"breadcrumb\":{\"@id\":\"https:\\\/\\\/aconteceunovale.com.br\\\/portal\\\/?p=92662#breadcrumb\"},\"inLanguage\":\"pt-BR\",\"potentialAction\":[{\"@type\":\"ReadAction\",\"target\":[\"https:\\\/\\\/aconteceunovale.com.br\\\/portal\\\/?p=92662\"]}]},{\"@type\":\"ImageObject\",\"inLanguage\":\"pt-BR\",\"@id\":\"https:\\\/\\\/aconteceunovale.com.br\\\/portal\\\/?p=92662#primaryimage\",\"url\":\"https:\\\/\\\/aconteceunovale.com.br\\\/portal\\\/wp-content\\\/uploads\\\/2016\\\/07\\\/aeroporto_aracuai.jpg\",\"contentUrl\":\"https:\\\/\\\/aconteceunovale.com.br\\\/portal\\\/wp-content\\\/uploads\\\/2016\\\/07\\\/aeroporto_aracuai.jpg\",\"width\":640,\"height\":337},{\"@type\":\"BreadcrumbList\",\"@id\":\"https:\\\/\\\/aconteceunovale.com.br\\\/portal\\\/?p=92662#breadcrumb\",\"itemListElement\":[{\"@type\":\"ListItem\",\"position\":1,\"name\":\"In\u00edcio\",\"item\":\"https:\\\/\\\/aconteceunovale.com.br\\\/portal\\\/\"},{\"@type\":\"ListItem\",\"position\":2,\"name\":\"Prefeitura tenta evitar interdi\u00e7\u00e3o do aeroporto de Ara\u00e7ua\u00ed\"}]},{\"@type\":\"WebSite\",\"@id\":\"https:\\\/\\\/aconteceunovale.com.br\\\/portal\\\/#website\",\"url\":\"https:\\\/\\\/aconteceunovale.com.br\\\/portal\\\/\",\"name\":\"Aconteceu no Vale\",\"description\":\"Portal de Not\u00edcias\",\"potentialAction\":[{\"@type\":\"SearchAction\",\"target\":{\"@type\":\"EntryPoint\",\"urlTemplate\":\"https:\\\/\\\/aconteceunovale.com.br\\\/portal\\\/?s={search_term_string}\"},\"query-input\":{\"@type\":\"PropertyValueSpecification\",\"valueRequired\":true,\"valueName\":\"search_term_string\"}}],\"inLanguage\":\"pt-BR\"},{\"@type\":\"Person\",\"@id\":\"https:\\\/\\\/aconteceunovale.com.br\\\/portal\\\/#\\\/schema\\\/person\\\/633529146f2c94272bef50ac2953d589\",\"name\":\"Aconteceu no Vale\",\"description\":\"Equipe de reportagem do Aconteceu no Vale, portal de not\u00edcias do Vale do Jequitinhonha, em Minas Gerais. Cobrimos as 51 cidades do Vale desde 2013. Sugest\u00f5es de pauta e pedidos de corre\u00e7\u00e3o: contato@aconteceunovale.com.br\",\"sameAs\":[\"http:\\\/\\\/www.aconteceunovale.com.br\"],\"url\":\"https:\\\/\\\/aconteceunovale.com.br\\\/portal\\\/?author=1\"}]}<\/script>\n<!-- \/ Yoast SEO plugin. -->","yoast_head_json":{"title":"Prefeitura tenta evitar interdi\u00e7\u00e3o do aeroporto de Ara\u00e7ua\u00ed - Aconteceu no Vale","robots":{"index":"index","follow":"follow","max-snippet":"max-snippet:-1","max-image-preview":"max-image-preview:large","max-video-preview":"max-video-preview:-1"},"canonical":"https:\/\/aconteceunovale.com.br\/portal\/?p=92662","og_locale":"pt_BR","og_type":"article","og_title":"Prefeitura tenta evitar interdi\u00e7\u00e3o do aeroporto de Ara\u00e7ua\u00ed - Aconteceu no Vale","og_description":"O Departamento de Controle do Espa\u00e7o A\u00e9reo (DECEA), \u00f3rg\u00e3o da Aeron\u00e1utica, quer interditar o aeroporto de Ara\u00e7ua\u00ed, no Vale do Jequitinhonha, a partir do pr\u00f3ximo dia 25 de julho, devido \u00e0 n\u00e3o apresenta\u00e7\u00e3o do Plano B\u00e1sico de Zona de Prote\u00e7\u00e3o do Aer\u00f3dromo (PBZPA), por parte da prefeitura municipal. Com a medida, nenhuma aeronave ter\u00e1 autoriza\u00e7\u00e3o [&hellip;]","og_url":"https:\/\/aconteceunovale.com.br\/portal\/?p=92662","og_site_name":"Aconteceu no Vale","article_publisher":"https:\/\/www.facebook.com\/aconteceunovale\/","article_published_time":"2016-07-22T00:51:16+00:00","article_modified_time":"2026-09-02T15:17:19+00:00","og_image":[{"width":640,"height":337,"url":"https:\/\/aconteceunovale.com.br\/portal\/wp-content\/uploads\/2016\/07\/aeroporto_aracuai.jpg","type":"image\/jpeg"}],"author":"Aconteceu no Vale","twitter_card":"summary_large_image","twitter_creator":"@noticiadosvales","twitter_site":"@noticiadosvales","twitter_misc":{"Escrito por":"Aconteceu no Vale","Est. tempo de leitura":"4 minutos"},"schema":{"@context":"https:\/\/schema.org","@graph":[{"@type":"Article","@id":"https:\/\/aconteceunovale.com.br\/portal\/?p=92662#article","isPartOf":{"@id":"https:\/\/aconteceunovale.com.br\/portal\/?p=92662"},"author":{"name":"Aconteceu no Vale","@id":"https:\/\/aconteceunovale.com.br\/portal\/#\/schema\/person\/633529146f2c94272bef50ac2953d589"},"headline":"Prefeitura tenta evitar interdi\u00e7\u00e3o do aeroporto de Ara\u00e7ua\u00ed","datePublished":"2016-07-22T00:51:16+00:00","dateModified":"2026-09-02T15:17:19+00:00","mainEntityOfPage":{"@id":"https:\/\/aconteceunovale.com.br\/portal\/?p=92662"},"wordCount":763,"commentCount":0,"image":{"@id":"https:\/\/aconteceunovale.com.br\/portal\/?p=92662#primaryimage"},"thumbnailUrl":"https:\/\/aconteceunovale.com.br\/portal\/wp-content\/uploads\/2016\/07\/aeroporto_aracuai.jpg","keywords":["Aeroporto de Ara\u00e7ua\u00ed","aeroporto de Ara\u00e7ua\u00ed pode ser fechado","aeroporto de Ara\u00e7ua\u00ed pode ser interditado","DECEA","Departamento de Controle do Espa\u00e7o A\u00e9reo","Giuseppe Lopes","interdi\u00e7\u00e3o do aeroporto de Ara\u00e7ua\u00ed","Net Aviation","PBZPA","PBZPA do aeroporto de ara\u00e7ua\u00ed","Plano B\u00e1sico de Zona de Prote\u00e7\u00e3o do Aer\u00f3dromo do aeroporto de ara\u00e7ua\u00ed","Prefeitura tenta evitar interdi\u00e7\u00e3o do aeroporto de Ara\u00e7ua\u00ed","situa\u00e7\u00e3o do aeroporto de Ara\u00e7ua\u00ed"],"articleSection":["Ara\u00e7ua\u00ed","Vale do Jequitinhonha"],"inLanguage":"pt-BR","potentialAction":[{"@type":"CommentAction","name":"Comment","target":["https:\/\/aconteceunovale.com.br\/portal\/?p=92662#respond"]}]},{"@type":"WebPage","@id":"https:\/\/aconteceunovale.com.br\/portal\/?p=92662","url":"https:\/\/aconteceunovale.com.br\/portal\/?p=92662","name":"Prefeitura tenta evitar interdi\u00e7\u00e3o do aeroporto de Ara\u00e7ua\u00ed - Aconteceu no Vale","isPartOf":{"@id":"https:\/\/aconteceunovale.com.br\/portal\/#website"},"primaryImageOfPage":{"@id":"https:\/\/aconteceunovale.com.br\/portal\/?p=92662#primaryimage"},"image":{"@id":"https:\/\/aconteceunovale.com.br\/portal\/?p=92662#primaryimage"},"thumbnailUrl":"https:\/\/aconteceunovale.com.br\/portal\/wp-content\/uploads\/2016\/07\/aeroporto_aracuai.jpg","datePublished":"2016-07-22T00:51:16+00:00","dateModified":"2026-09-02T15:17:19+00:00","author":{"@id":"https:\/\/aconteceunovale.com.br\/portal\/#\/schema\/person\/633529146f2c94272bef50ac2953d589"},"breadcrumb":{"@id":"https:\/\/aconteceunovale.com.br\/portal\/?p=92662#breadcrumb"},"inLanguage":"pt-BR","potentialAction":[{"@type":"ReadAction","target":["https:\/\/aconteceunovale.com.br\/portal\/?p=92662"]}]},{"@type":"ImageObject","inLanguage":"pt-BR","@id":"https:\/\/aconteceunovale.com.br\/portal\/?p=92662#primaryimage","url":"https:\/\/aconteceunovale.com.br\/portal\/wp-content\/uploads\/2016\/07\/aeroporto_aracuai.jpg","contentUrl":"https:\/\/aconteceunovale.com.br\/portal\/wp-content\/uploads\/2016\/07\/aeroporto_aracuai.jpg","width":640,"height":337},{"@type":"BreadcrumbList","@id":"https:\/\/aconteceunovale.com.br\/portal\/?p=92662#breadcrumb","itemListElement":[{"@type":"ListItem","position":1,"name":"In\u00edcio","item":"https:\/\/aconteceunovale.com.br\/portal\/"},{"@type":"ListItem","position":2,"name":"Prefeitura tenta evitar interdi\u00e7\u00e3o do aeroporto de Ara\u00e7ua\u00ed"}]},{"@type":"WebSite","@id":"https:\/\/aconteceunovale.com.br\/portal\/#website","url":"https:\/\/aconteceunovale.com.br\/portal\/","name":"Aconteceu no Vale","description":"Portal de Not\u00edcias","potentialAction":[{"@type":"SearchAction","target":{"@type":"EntryPoint","urlTemplate":"https:\/\/aconteceunovale.com.br\/portal\/?s={search_term_string}"},"query-input":{"@type":"PropertyValueSpecification","valueRequired":true,"valueName":"search_term_string"}}],"inLanguage":"pt-BR"},{"@type":"Person","@id":"https:\/\/aconteceunovale.com.br\/portal\/#\/schema\/person\/633529146f2c94272bef50ac2953d589","name":"Aconteceu no Vale","description":"Equipe de reportagem do Aconteceu no Vale, portal de not\u00edcias do Vale do Jequitinhonha, em Minas Gerais. Cobrimos as 51 cidades do Vale desde 2013. Sugest\u00f5es de pauta e pedidos de corre\u00e7\u00e3o: contato@aconteceunovale.com.br","sameAs":["http:\/\/www.aconteceunovale.com.br"],"url":"https:\/\/aconteceunovale.com.br\/portal\/?author=1"}]}},"_links":{"self":[{"href":"https:\/\/aconteceunovale.com.br\/portal\/index.php?rest_route=\/wp\/v2\/posts\/92662","targetHints":{"allow":["GET"]}}],"collection":[{"href":"https:\/\/aconteceunovale.com.br\/portal\/index.php?rest_route=\/wp\/v2\/posts"}],"about":[{"href":"https:\/\/aconteceunovale.com.br\/portal\/index.php?rest_route=\/wp\/v2\/types\/post"}],"author":[{"embeddable":true,"href":"https:\/\/aconteceunovale.com.br\/portal\/index.php?rest_route=\/wp\/v2\/users\/1"}],"replies":[{"embeddable":true,"href":"https:\/\/aconteceunovale.com.br\/portal\/index.php?rest_route=%2Fwp%2Fv2%2Fcomments&post=92662"}],"version-history":[{"count":1,"href":"https:\/\/aconteceunovale.com.br\/portal\/index.php?rest_route=\/wp\/v2\/posts\/92662\/revisions"}],"predecessor-version":[{"id":199532,"href":"https:\/\/aconteceunovale.com.br\/portal\/index.php?rest_route=\/wp\/v2\/posts\/92662\/revisions\/199532"}],"wp:featuredmedia":[{"embeddable":true,"href":"https:\/\/aconteceunovale.com.br\/portal\/index.php?rest_route=\/wp\/v2\/media\/92663"}],"wp:attachment":[{"href":"https:\/\/aconteceunovale.com.br\/portal\/index.php?rest_route=%2Fwp%2Fv2%2Fmedia&parent=92662"}],"wp:term":[{"taxonomy":"category","embeddable":true,"href":"https:\/\/aconteceunovale.com.br\/portal\/index.php?rest_route=%2Fwp%2Fv2%2Fcategories&post=92662"},{"taxonomy":"post_tag","embeddable":true,"href":"https:\/\/aconteceunovale.com.br\/portal\/index.php?rest_route=%2Fwp%2Fv2%2Ftags&post=92662"}],"curies":[{"name":"wp","href":"https:\/\/api.w.org\/{rel}","templated":true}]}}