{"id":92659,"date":"2016-07-21T21:36:45","date_gmt":"2016-07-22T00:36:45","guid":{"rendered":"http:\/\/aconteceunovale.com.br\/portal\/?p=92659"},"modified":"2016-07-21T21:36:45","modified_gmt":"2016-07-22T00:36:45","slug":"corpo-de-adolescente-que-se-afogou-no-rio-jequitinhonha-e-encontrado-pela-pm","status":"publish","type":"post","link":"https:\/\/aconteceunovale.com.br\/portal\/?p=92659","title":{"rendered":"Corpo de adolescente que se afogou no Rio Jequitinhonha \u00e9 encontrado pela PM"},"content":{"rendered":"<p>O corpo de uma adolescente de 15 anos, que se afogou no \u00faltimo domingo, no Rio Jequitinhonha, na cidade de Itaobim (MG), foi resgatado na tarde desta quarta-feira (20\/7), pela Pol\u00edcia Militar (PM). No dia do afogamento, uma equipe do Corpo de Bombeiros foi acionada e realizou buscas, por\u00e9m n\u00e3o obteve \u00eaxito na localiza\u00e7\u00e3o da v\u00edtima.<\/p>\n<p>O Policial Militar, Cabo Abr\u00e3o J\u00fanior, prosseguiu com os trabalhos na tarde desta quarta-feira e conseguiu encontrar o corpo. O Comandante da 26\u00aa Companhia Militar, Major Walter, acompanhou toda a a\u00e7\u00e3o.<\/p>\n<p>Segundo informa\u00e7\u00f5es, a jovem estava com os familiares \u00e0s margens do rio Jequitinhonha, quando se desequilibrou e caiu de uma pedra em um local profundo.<\/p>\n<p>A adolescente e seus familiares que estavam no local n\u00e3o sabiam nadar. O corpo foi sepultado no cemit\u00e9rio municipal.<\/p>\n<p><img decoding=\"async\" src=\"http:\/\/aconteceunovale.com.br\/portal\/wp-content\/uploads\/2016\/07\/afogamento_itaobim.jpeg\" alt=\"\" \/><em>Corpo foi encontrado na tarde de quarta-feira (Foto: Divulga\u00e7\u00e3o\/PMMG)<\/em><br \/>\n<\/br><\/p>\n<p><em>(Via Gazeta de Ara\u00e7ua\u00ed)<\/em><\/p>\n","protected":false},"excerpt":{"rendered":"<p>O corpo de uma adolescente de 15 anos, que se afogou no \u00faltimo domingo, no Rio Jequitinhonha, na cidade de Itaobim (MG), foi resgatado na tarde desta quarta-feira (20\/7), pela Pol\u00edcia Militar (PM). No dia do afogamento, uma equipe do Corpo de Bombeiros foi acionada e realizou buscas, por\u00e9m n\u00e3o obteve \u00eaxito na localiza\u00e7\u00e3o da [&hellip;]<\/p>\n","protected":false},"author":1,"featured_media":92660,"comment_status":"open","ping_status":"closed","sticky":false,"template":"","format":"standard","meta":{"amp_status":"","footnotes":""},"categories":[120],"tags":[106439,32010,106437,391,106440,106438,232],"class_list":["post-92659","post","type-post","status-publish","format-standard","has-post-thumbnail","hentry","category-jequi","tag-afogamento-em-itaobim","tag-afogamento-no-rio-jequitinhonha","tag-corpo-de-adolescente-que-se-afogou-no-rio-jequitinhonha-e-encontrado-pela-pm","tag-itaobim","tag-morte-por-afogamento-em-itaobim","tag-morte-por-afogamento-no-rio-jequitinhonha","tag-rio-jequitinhonha"],"_links":{"self":[{"href":"https:\/\/aconteceunovale.com.br\/portal\/index.php?rest_route=\/wp\/v2\/posts\/92659","targetHints":{"allow":["GET"]}}],"collection":[{"href":"https:\/\/aconteceunovale.com.br\/portal\/index.php?rest_route=\/wp\/v2\/posts"}],"about":[{"href":"https:\/\/aconteceunovale.com.br\/portal\/index.php?rest_route=\/wp\/v2\/types\/post"}],"author":[{"embeddable":true,"href":"https:\/\/aconteceunovale.com.br\/portal\/index.php?rest_route=\/wp\/v2\/users\/1"}],"replies":[{"embeddable":true,"href":"https:\/\/aconteceunovale.com.br\/portal\/index.php?rest_route=%2Fwp%2Fv2%2Fcomments&post=92659"}],"version-history":[{"count":0,"href":"https:\/\/aconteceunovale.com.br\/portal\/index.php?rest_route=\/wp\/v2\/posts\/92659\/revisions"}],"wp:featuredmedia":[{"embeddable":true,"href":"https:\/\/aconteceunovale.com.br\/portal\/index.php?rest_route=\/wp\/v2\/media\/92660"}],"wp:attachment":[{"href":"https:\/\/aconteceunovale.com.br\/portal\/index.php?rest_route=%2Fwp%2Fv2%2Fmedia&parent=92659"}],"wp:term":[{"taxonomy":"category","embeddable":true,"href":"https:\/\/aconteceunovale.com.br\/portal\/index.php?rest_route=%2Fwp%2Fv2%2Fcategories&post=92659"},{"taxonomy":"post_tag","embeddable":true,"href":"https:\/\/aconteceunovale.com.br\/portal\/index.php?rest_route=%2Fwp%2Fv2%2Ftags&post=92659"}],"curies":[{"name":"wp","href":"https:\/\/api.w.org\/{rel}","templated":true}]}}