{"id":92656,"date":"2016-07-21T20:24:54","date_gmt":"2016-07-21T23:24:54","guid":{"rendered":"http:\/\/aconteceunovale.com.br\/portal\/?p=92656"},"modified":"2016-07-21T20:24:54","modified_gmt":"2016-07-21T23:24:54","slug":"tres-pessoas-sao-presas-com-200-bananas-de-dinamite-em-montes-claros","status":"publish","type":"post","link":"https:\/\/aconteceunovale.com.br\/portal\/?p=92656","title":{"rendered":"Tr\u00eas pessoas s\u00e3o presas com 200 bananas de dinamite em Montes Claros"},"content":{"rendered":"<p>Duzentas bananas de dinamite foram apreendidas em uma casa no Bairro Jaragu\u00e1 II, em Montes Claros, nessa quarta-feira (20\/7). O material estava armazenado dentro de uma caixa de papel\u00e3o, embaixo de um tanque. No local, a Pol\u00edcia Militar (PM) tamb\u00e9m encontrou um rolo com 100 metros de cord\u00e3o usado para detona\u00e7\u00e3o dos explosivos. Um casal e um homem foram presos.<\/p>\n<p>A PM foi at\u00e9 o local depois de receber den\u00fancias de que um im\u00f3vel na Rua Sete estava sendo usando como ponto de venda de drogas.  Durante as buscas, os militares encontraram dentro de uma mochila 310 papelotes de coca\u00edna, um saco pl\u00e1stico contendo a mesma droga e 110 pedras de crack. Dentro da geladeira, os policiais apreenderam ainda 17 buchas de maconha e duas balan\u00e7as. Foi encontrada tamb\u00e9m uma espingarda de press\u00e3o, que estava dentro de um guarda-roupa.<\/p>\n<p>Ao serem questionados, os rapazes, de 22 e 24, e a mulher, de 27, indicaram que o dono do material seria um homem, que j\u00e1 tem passagens pela pol\u00edcia, ele n\u00e3o foi encontrado. N\u00e3o h\u00e1 informa\u00e7\u00f5es sobre a finalidade dos explosivos.<\/p>\n<p>Segundo a PM, por se tratar de material explosivo, o Grupamento de A\u00e7\u00f5es T\u00e1ticas Especiais (Gate) foi chamado. Foi feita a avalia\u00e7\u00e3o do material e a retirada de dentro da casa. Por n\u00e3o haver local para acondiciona-lo na delegacia de plant\u00e3o, os explosivos foram levados para o pelot\u00e3o do Gate. A PM informou que as bananas de dinamite e o rolo de pavio ser\u00e3o entregues para o Ex\u00e9rcito. Os tr\u00eas presos foram levados para a Delegacia de plant\u00e3o da Pol\u00edcia Civil.<\/p>\n<p><img decoding=\"async\" src=\"http:\/\/aconteceunovale.com.br\/portal\/wp-content\/uploads\/2016\/07\/dinamite_moc_1.jpg\" alt=\"\" \/><em>Material foi encontrado em uma casa no Bairro Jaragu\u00e1 II (Foto: Divulga\u00e7\u00e3o\/PMMG)<\/em><br \/>\n<\/br><\/p>\n<p><em>(Fonte: G1 Grande Minas)<\/em><\/p>\n","protected":false},"excerpt":{"rendered":"<p>Duzentas bananas de dinamite foram apreendidas em uma casa no Bairro Jaragu\u00e1 II, em Montes Claros, nessa quarta-feira (20\/7). O material estava armazenado dentro de uma caixa de papel\u00e3o, embaixo de um tanque. No local, a Pol\u00edcia Militar (PM) tamb\u00e9m encontrou um rolo com 100 metros de cord\u00e3o usado para detona\u00e7\u00e3o dos explosivos. Um casal [&hellip;]<\/p>\n","protected":false},"author":1,"featured_media":92657,"comment_status":"open","ping_status":"closed","sticky":false,"template":"","format":"standard","meta":{"amp_status":"","footnotes":""},"categories":[1236],"tags":[106434,106428,106435,106430,106427,58448,106429,210,106432,106433,106431,106436],"class_list":["post-92656","post","type-post","status-publish","format-standard","has-post-thumbnail","hentry","category-norte_de_minas","tag-apreensao-de-dinamites-em-montes-claros","tag-clarice-ataide","tag-dinamite-apreendida-em-montes-claros","tag-jaragua-ii","tag-julio-cesar-pereira-de-souza","tag-marcos-antonio-da-silva","tag-michele-moura-silva","tag-montes-claros","tag-presos-com-dinamite-no-jaragua-ii","tag-presos-com-dinamites-em-montes-claros","tag-presos-no-jaragua-ii","tag-tres-pessoas-sao-presas-com-200-bananas-de-dinamite-em-montes-claros"],"yoast_head":"<!-- This site is optimized with the Yoast SEO plugin v28.3 - https:\/\/yoast.com\/product\/yoast-seo-wordpress\/ -->\n<title>Tr\u00eas pessoas s\u00e3o presas com 200 bananas de dinamite em Montes Claros - Aconteceu no Vale<\/title>\n<meta name=\"robots\" content=\"index, follow, max-snippet:-1, max-image-preview:large, max-video-preview:-1\" \/>\n<link rel=\"canonical\" href=\"https:\/\/aconteceunovale.com.br\/portal\/?p=92656\" \/>\n<meta property=\"og:locale\" content=\"pt_BR\" \/>\n<meta property=\"og:type\" content=\"article\" \/>\n<meta property=\"og:title\" content=\"Tr\u00eas pessoas s\u00e3o presas com 200 bananas de dinamite em Montes Claros - Aconteceu no Vale\" \/>\n<meta property=\"og:description\" content=\"Duzentas bananas de dinamite foram apreendidas em uma casa no Bairro Jaragu\u00e1 II, em Montes Claros, nessa quarta-feira (20\/7). O material estava armazenado dentro de uma caixa de papel\u00e3o, embaixo de um tanque. No local, a Pol\u00edcia Militar (PM) tamb\u00e9m encontrou um rolo com 100 metros de cord\u00e3o usado para detona\u00e7\u00e3o dos explosivos. Um casal [&hellip;]\" \/>\n<meta property=\"og:url\" content=\"https:\/\/aconteceunovale.com.br\/portal\/?p=92656\" \/>\n<meta property=\"og:site_name\" content=\"Aconteceu no Vale\" \/>\n<meta property=\"article:publisher\" content=\"https:\/\/www.facebook.com\/aconteceunovale\/\" \/>\n<meta property=\"article:published_time\" content=\"2016-07-21T23:24:54+00:00\" \/>\n<meta property=\"og:image\" content=\"https:\/\/aconteceunovale.com.br\/portal\/wp-content\/uploads\/2016\/07\/dinamite_moc_1.jpg\" \/>\n\t<meta property=\"og:image:width\" content=\"674\" \/>\n\t<meta property=\"og:image:height\" content=\"375\" \/>\n\t<meta property=\"og:image:type\" content=\"image\/jpeg\" \/>\n<meta name=\"author\" content=\"Aconteceu no Vale\" \/>\n<meta name=\"twitter:card\" content=\"summary_large_image\" \/>\n<meta name=\"twitter:creator\" content=\"@noticiadosvales\" \/>\n<meta name=\"twitter:site\" content=\"@noticiadosvales\" \/>\n<meta name=\"twitter:label1\" content=\"Escrito por\" \/>\n\t<meta name=\"twitter:data1\" content=\"Aconteceu no Vale\" \/>\n\t<meta name=\"twitter:label2\" content=\"Est. tempo de leitura\" \/>\n\t<meta name=\"twitter:data2\" content=\"1 minuto\" \/>\n<script type=\"application\/ld+json\" class=\"yoast-schema-graph\">{\"@context\":\"https:\\\/\\\/schema.org\",\"@graph\":[{\"@type\":\"Article\",\"@id\":\"https:\\\/\\\/aconteceunovale.com.br\\\/portal\\\/?p=92656#article\",\"isPartOf\":{\"@id\":\"https:\\\/\\\/aconteceunovale.com.br\\\/portal\\\/?p=92656\"},\"author\":{\"name\":\"Aconteceu no Vale\",\"@id\":\"https:\\\/\\\/aconteceunovale.com.br\\\/portal\\\/#\\\/schema\\\/person\\\/633529146f2c94272bef50ac2953d589\"},\"headline\":\"Tr\u00eas pessoas s\u00e3o presas com 200 bananas de dinamite em Montes Claros\",\"datePublished\":\"2016-07-21T23:24:54+00:00\",\"mainEntityOfPage\":{\"@id\":\"https:\\\/\\\/aconteceunovale.com.br\\\/portal\\\/?p=92656\"},\"wordCount\":311,\"commentCount\":0,\"image\":{\"@id\":\"https:\\\/\\\/aconteceunovale.com.br\\\/portal\\\/?p=92656#primaryimage\"},\"thumbnailUrl\":\"https:\\\/\\\/aconteceunovale.com.br\\\/portal\\\/wp-content\\\/uploads\\\/2016\\\/07\\\/dinamite_moc_1.jpg\",\"keywords\":[\"apreens\u00e3o de dinamites em Montes Claros\",\"Clarice Ata\u00edde\",\"dinamite apreendida em Montes Claros\",\"Jaragu\u00e1 II\",\"J\u00falio C\u00e9sar Pereira de Souza\",\"Marcos Ant\u00f4nio da Silva\",\"Michele Moura Silva\",\"Montes Claros\",\"presos com dinamite no Jaragu\u00e1 II\",\"presos com dinamites em Montes Claros\",\"presos no Jaragu\u00e1 II\",\"Tr\u00eas pessoas s\u00e3o presas com 200 bananas de dinamite em Montes Claros\"],\"articleSection\":[\"Norte de Minas\"],\"inLanguage\":\"pt-BR\",\"potentialAction\":[{\"@type\":\"CommentAction\",\"name\":\"Comment\",\"target\":[\"https:\\\/\\\/aconteceunovale.com.br\\\/portal\\\/?p=92656#respond\"]}]},{\"@type\":\"WebPage\",\"@id\":\"https:\\\/\\\/aconteceunovale.com.br\\\/portal\\\/?p=92656\",\"url\":\"https:\\\/\\\/aconteceunovale.com.br\\\/portal\\\/?p=92656\",\"name\":\"Tr\u00eas pessoas s\u00e3o presas com 200 bananas de dinamite em Montes Claros - Aconteceu no Vale\",\"isPartOf\":{\"@id\":\"https:\\\/\\\/aconteceunovale.com.br\\\/portal\\\/#website\"},\"primaryImageOfPage\":{\"@id\":\"https:\\\/\\\/aconteceunovale.com.br\\\/portal\\\/?p=92656#primaryimage\"},\"image\":{\"@id\":\"https:\\\/\\\/aconteceunovale.com.br\\\/portal\\\/?p=92656#primaryimage\"},\"thumbnailUrl\":\"https:\\\/\\\/aconteceunovale.com.br\\\/portal\\\/wp-content\\\/uploads\\\/2016\\\/07\\\/dinamite_moc_1.jpg\",\"datePublished\":\"2016-07-21T23:24:54+00:00\",\"author\":{\"@id\":\"https:\\\/\\\/aconteceunovale.com.br\\\/portal\\\/#\\\/schema\\\/person\\\/633529146f2c94272bef50ac2953d589\"},\"breadcrumb\":{\"@id\":\"https:\\\/\\\/aconteceunovale.com.br\\\/portal\\\/?p=92656#breadcrumb\"},\"inLanguage\":\"pt-BR\",\"potentialAction\":[{\"@type\":\"ReadAction\",\"target\":[\"https:\\\/\\\/aconteceunovale.com.br\\\/portal\\\/?p=92656\"]}]},{\"@type\":\"ImageObject\",\"inLanguage\":\"pt-BR\",\"@id\":\"https:\\\/\\\/aconteceunovale.com.br\\\/portal\\\/?p=92656#primaryimage\",\"url\":\"https:\\\/\\\/aconteceunovale.com.br\\\/portal\\\/wp-content\\\/uploads\\\/2016\\\/07\\\/dinamite_moc_1.jpg\",\"contentUrl\":\"https:\\\/\\\/aconteceunovale.com.br\\\/portal\\\/wp-content\\\/uploads\\\/2016\\\/07\\\/dinamite_moc_1.jpg\",\"width\":674,\"height\":375},{\"@type\":\"BreadcrumbList\",\"@id\":\"https:\\\/\\\/aconteceunovale.com.br\\\/portal\\\/?p=92656#breadcrumb\",\"itemListElement\":[{\"@type\":\"ListItem\",\"position\":1,\"name\":\"In\u00edcio\",\"item\":\"https:\\\/\\\/aconteceunovale.com.br\\\/portal\\\/\"},{\"@type\":\"ListItem\",\"position\":2,\"name\":\"Tr\u00eas pessoas s\u00e3o presas com 200 bananas de dinamite em Montes Claros\"}]},{\"@type\":\"WebSite\",\"@id\":\"https:\\\/\\\/aconteceunovale.com.br\\\/portal\\\/#website\",\"url\":\"https:\\\/\\\/aconteceunovale.com.br\\\/portal\\\/\",\"name\":\"Aconteceu no Vale\",\"description\":\"Portal de Not\u00edcias\",\"potentialAction\":[{\"@type\":\"SearchAction\",\"target\":{\"@type\":\"EntryPoint\",\"urlTemplate\":\"https:\\\/\\\/aconteceunovale.com.br\\\/portal\\\/?s={search_term_string}\"},\"query-input\":{\"@type\":\"PropertyValueSpecification\",\"valueRequired\":true,\"valueName\":\"search_term_string\"}}],\"inLanguage\":\"pt-BR\"},{\"@type\":\"Person\",\"@id\":\"https:\\\/\\\/aconteceunovale.com.br\\\/portal\\\/#\\\/schema\\\/person\\\/633529146f2c94272bef50ac2953d589\",\"name\":\"Aconteceu no Vale\",\"description\":\"Equipe de reportagem do Aconteceu no Vale, portal de not\u00edcias do Vale do Jequitinhonha, em Minas Gerais. Cobrimos as 51 cidades do Vale desde 2013. Sugest\u00f5es de pauta e pedidos de corre\u00e7\u00e3o: contato@aconteceunovale.com.br\",\"sameAs\":[\"http:\\\/\\\/www.aconteceunovale.com.br\"],\"url\":\"https:\\\/\\\/aconteceunovale.com.br\\\/portal\\\/?author=1\"}]}<\/script>\n<!-- \/ Yoast SEO plugin. -->","yoast_head_json":{"title":"Tr\u00eas pessoas s\u00e3o presas com 200 bananas de dinamite em Montes Claros - Aconteceu no Vale","robots":{"index":"index","follow":"follow","max-snippet":"max-snippet:-1","max-image-preview":"max-image-preview:large","max-video-preview":"max-video-preview:-1"},"canonical":"https:\/\/aconteceunovale.com.br\/portal\/?p=92656","og_locale":"pt_BR","og_type":"article","og_title":"Tr\u00eas pessoas s\u00e3o presas com 200 bananas de dinamite em Montes Claros - Aconteceu no Vale","og_description":"Duzentas bananas de dinamite foram apreendidas em uma casa no Bairro Jaragu\u00e1 II, em Montes Claros, nessa quarta-feira (20\/7). O material estava armazenado dentro de uma caixa de papel\u00e3o, embaixo de um tanque. No local, a Pol\u00edcia Militar (PM) tamb\u00e9m encontrou um rolo com 100 metros de cord\u00e3o usado para detona\u00e7\u00e3o dos explosivos. Um casal [&hellip;]","og_url":"https:\/\/aconteceunovale.com.br\/portal\/?p=92656","og_site_name":"Aconteceu no Vale","article_publisher":"https:\/\/www.facebook.com\/aconteceunovale\/","article_published_time":"2016-07-21T23:24:54+00:00","og_image":[{"width":674,"height":375,"url":"https:\/\/aconteceunovale.com.br\/portal\/wp-content\/uploads\/2016\/07\/dinamite_moc_1.jpg","type":"image\/jpeg"}],"author":"Aconteceu no Vale","twitter_card":"summary_large_image","twitter_creator":"@noticiadosvales","twitter_site":"@noticiadosvales","twitter_misc":{"Escrito por":"Aconteceu no Vale","Est. tempo de leitura":"1 minuto"},"schema":{"@context":"https:\/\/schema.org","@graph":[{"@type":"Article","@id":"https:\/\/aconteceunovale.com.br\/portal\/?p=92656#article","isPartOf":{"@id":"https:\/\/aconteceunovale.com.br\/portal\/?p=92656"},"author":{"name":"Aconteceu no Vale","@id":"https:\/\/aconteceunovale.com.br\/portal\/#\/schema\/person\/633529146f2c94272bef50ac2953d589"},"headline":"Tr\u00eas pessoas s\u00e3o presas com 200 bananas de dinamite em Montes Claros","datePublished":"2016-07-21T23:24:54+00:00","mainEntityOfPage":{"@id":"https:\/\/aconteceunovale.com.br\/portal\/?p=92656"},"wordCount":311,"commentCount":0,"image":{"@id":"https:\/\/aconteceunovale.com.br\/portal\/?p=92656#primaryimage"},"thumbnailUrl":"https:\/\/aconteceunovale.com.br\/portal\/wp-content\/uploads\/2016\/07\/dinamite_moc_1.jpg","keywords":["apreens\u00e3o de dinamites em Montes Claros","Clarice Ata\u00edde","dinamite apreendida em Montes Claros","Jaragu\u00e1 II","J\u00falio C\u00e9sar Pereira de Souza","Marcos Ant\u00f4nio da Silva","Michele Moura Silva","Montes Claros","presos com dinamite no Jaragu\u00e1 II","presos com dinamites em Montes Claros","presos no Jaragu\u00e1 II","Tr\u00eas pessoas s\u00e3o presas com 200 bananas de dinamite em Montes Claros"],"articleSection":["Norte de Minas"],"inLanguage":"pt-BR","potentialAction":[{"@type":"CommentAction","name":"Comment","target":["https:\/\/aconteceunovale.com.br\/portal\/?p=92656#respond"]}]},{"@type":"WebPage","@id":"https:\/\/aconteceunovale.com.br\/portal\/?p=92656","url":"https:\/\/aconteceunovale.com.br\/portal\/?p=92656","name":"Tr\u00eas pessoas s\u00e3o presas com 200 bananas de dinamite em Montes Claros - Aconteceu no Vale","isPartOf":{"@id":"https:\/\/aconteceunovale.com.br\/portal\/#website"},"primaryImageOfPage":{"@id":"https:\/\/aconteceunovale.com.br\/portal\/?p=92656#primaryimage"},"image":{"@id":"https:\/\/aconteceunovale.com.br\/portal\/?p=92656#primaryimage"},"thumbnailUrl":"https:\/\/aconteceunovale.com.br\/portal\/wp-content\/uploads\/2016\/07\/dinamite_moc_1.jpg","datePublished":"2016-07-21T23:24:54+00:00","author":{"@id":"https:\/\/aconteceunovale.com.br\/portal\/#\/schema\/person\/633529146f2c94272bef50ac2953d589"},"breadcrumb":{"@id":"https:\/\/aconteceunovale.com.br\/portal\/?p=92656#breadcrumb"},"inLanguage":"pt-BR","potentialAction":[{"@type":"ReadAction","target":["https:\/\/aconteceunovale.com.br\/portal\/?p=92656"]}]},{"@type":"ImageObject","inLanguage":"pt-BR","@id":"https:\/\/aconteceunovale.com.br\/portal\/?p=92656#primaryimage","url":"https:\/\/aconteceunovale.com.br\/portal\/wp-content\/uploads\/2016\/07\/dinamite_moc_1.jpg","contentUrl":"https:\/\/aconteceunovale.com.br\/portal\/wp-content\/uploads\/2016\/07\/dinamite_moc_1.jpg","width":674,"height":375},{"@type":"BreadcrumbList","@id":"https:\/\/aconteceunovale.com.br\/portal\/?p=92656#breadcrumb","itemListElement":[{"@type":"ListItem","position":1,"name":"In\u00edcio","item":"https:\/\/aconteceunovale.com.br\/portal\/"},{"@type":"ListItem","position":2,"name":"Tr\u00eas pessoas s\u00e3o presas com 200 bananas de dinamite em Montes Claros"}]},{"@type":"WebSite","@id":"https:\/\/aconteceunovale.com.br\/portal\/#website","url":"https:\/\/aconteceunovale.com.br\/portal\/","name":"Aconteceu no Vale","description":"Portal de Not\u00edcias","potentialAction":[{"@type":"SearchAction","target":{"@type":"EntryPoint","urlTemplate":"https:\/\/aconteceunovale.com.br\/portal\/?s={search_term_string}"},"query-input":{"@type":"PropertyValueSpecification","valueRequired":true,"valueName":"search_term_string"}}],"inLanguage":"pt-BR"},{"@type":"Person","@id":"https:\/\/aconteceunovale.com.br\/portal\/#\/schema\/person\/633529146f2c94272bef50ac2953d589","name":"Aconteceu no Vale","description":"Equipe de reportagem do Aconteceu no Vale, portal de not\u00edcias do Vale do Jequitinhonha, em Minas Gerais. Cobrimos as 51 cidades do Vale desde 2013. Sugest\u00f5es de pauta e pedidos de corre\u00e7\u00e3o: contato@aconteceunovale.com.br","sameAs":["http:\/\/www.aconteceunovale.com.br"],"url":"https:\/\/aconteceunovale.com.br\/portal\/?author=1"}]}},"_links":{"self":[{"href":"https:\/\/aconteceunovale.com.br\/portal\/index.php?rest_route=\/wp\/v2\/posts\/92656","targetHints":{"allow":["GET"]}}],"collection":[{"href":"https:\/\/aconteceunovale.com.br\/portal\/index.php?rest_route=\/wp\/v2\/posts"}],"about":[{"href":"https:\/\/aconteceunovale.com.br\/portal\/index.php?rest_route=\/wp\/v2\/types\/post"}],"author":[{"embeddable":true,"href":"https:\/\/aconteceunovale.com.br\/portal\/index.php?rest_route=\/wp\/v2\/users\/1"}],"replies":[{"embeddable":true,"href":"https:\/\/aconteceunovale.com.br\/portal\/index.php?rest_route=%2Fwp%2Fv2%2Fcomments&post=92656"}],"version-history":[{"count":0,"href":"https:\/\/aconteceunovale.com.br\/portal\/index.php?rest_route=\/wp\/v2\/posts\/92656\/revisions"}],"wp:featuredmedia":[{"embeddable":true,"href":"https:\/\/aconteceunovale.com.br\/portal\/index.php?rest_route=\/wp\/v2\/media\/92657"}],"wp:attachment":[{"href":"https:\/\/aconteceunovale.com.br\/portal\/index.php?rest_route=%2Fwp%2Fv2%2Fmedia&parent=92656"}],"wp:term":[{"taxonomy":"category","embeddable":true,"href":"https:\/\/aconteceunovale.com.br\/portal\/index.php?rest_route=%2Fwp%2Fv2%2Fcategories&post=92656"},{"taxonomy":"post_tag","embeddable":true,"href":"https:\/\/aconteceunovale.com.br\/portal\/index.php?rest_route=%2Fwp%2Fv2%2Ftags&post=92656"}],"curies":[{"name":"wp","href":"https:\/\/api.w.org\/{rel}","templated":true}]}}