{"id":92634,"date":"2016-07-21T15:09:54","date_gmt":"2016-07-21T18:09:54","guid":{"rendered":"http:\/\/aconteceunovale.com.br\/portal\/?p=92634"},"modified":"2016-07-21T15:09:54","modified_gmt":"2016-07-21T18:09:54","slug":"capelinhense-ausente-2016-comeca-nesta-quinta-feira-com-show-de-henrique-juliano","status":"publish","type":"post","link":"https:\/\/aconteceunovale.com.br\/portal\/?p=92634","title":{"rendered":"Capelinhense Ausente 2016 come\u00e7a nesta quinta-feira com show de Henrique &#038; Juliano"},"content":{"rendered":"<p>A noite desta quinta-feira, 21 de julho, \u00e9 de festa em Capelinha, no Vale do Jequitinhonha. \u00c0s 20 horas, ser\u00e3o abertos os port\u00f5es do Parque de Exposi\u00e7\u00f5es para a abertura oficial da 30\u00aa Festa do Capelinhense Ausente. O evento, considerado um dos maiores da regi\u00e3o, contar\u00e1 com v\u00e1rias atra\u00e7\u00f5es da m\u00fasica nacional. Shows regionais, galp\u00e3o cultural e aquecimento na Pra\u00e7a do Povo tamb\u00e9m fazem parte da extensa programa\u00e7\u00e3o que segue at\u00e9 o pr\u00f3ximo domingo (24\/7).<\/p>\n<p>O Capelinhense Ausente completa tr\u00eas d\u00e9cadas em 2016. Marcado por encontros e reencontros, a festa \u00e9 um momento de confraterniza\u00e7\u00e3o para a popula\u00e7\u00e3o de Capelinha, os capelinhenses que moram fora e retornam \u00e0 cidade nesta \u00e9poca do ano, os moradores da regi\u00e3o, os amigos e convidados de diversos lugares.<\/p>\n<p>A programa\u00e7\u00e3o come\u00e7ou no dia 16 de julho, no Galp\u00e3o Cultural Professora Maria Odeth Sampaio. As atividades s\u00e3o di\u00e1rias com m\u00fasica regional e v\u00e1rias outras atra\u00e7\u00f5es, como a exposi\u00e7\u00e3o de produtos artesanais, al\u00e9m da venda de comidas e bebidas t\u00edpicas. A entrada foi gratuita at\u00e9 ontem (20\/7). A partir de hoje, o acesso ao parque acontecer\u00e1 por meio de ingressos. No domingo, dia 24, a entrada \u00e9 novamente liberada.<\/p>\n<p><strong>Playlist Henrique &#038; Juliano<\/strong><\/p>\n<p><iframe loading=\"lazy\" width=\"640\" height=\"360\" src=\"https:\/\/www.youtube.com\/embed\/BA0x0ScUAvQ?list=PLZl5gqjItoKxlutke_XIaKwn1cPiFUi0m\" frameborder=\"0\" allowfullscreen><\/iframe><br \/>\n<\/br><\/p>\n<p><strong>Programa\u00e7\u00e3o da 30\u00aa Festa do Capelinhense Ausente<\/strong><\/p>\n<p><strong>21\/07\/2016 (Quinta-feira)<\/strong><br \/>\n&#8211; 20h00 &#8211; Abertura do Parque de Exposi\u00e7\u00f5es e Galp\u00e3o Cultural<br \/>\n&#8211; 23h00 &#8211; Abertura Oficial da 30\u00aa Festa do Capelinhense Ausente<br \/>\n&#8211; 23h30 &#8211; Banda Kurti\u00e7\u00e3o, Henrique &#038; Juliano, Daniel Campos, Madrugada no Galp\u00e3o com Oswaldo e Corimar<\/p>\n<p><strong>22\/07\/2016 (Sexta-feira)<\/strong><br \/>\n&#8211; 17h00 &#8211; Aquecimento na Pra\u00e7a do Povo com Sambarte<br \/>\n&#8211; 20h00 &#8211; Abertura do Parque de Exposi\u00e7\u00f5es e Galp\u00e3o Cultural<br \/>\n&#8211; 23h30 &#8211; Forr\u00f3 Stronda, Jads &#038; Jadson, Biquini Cavad\u00e3o, Madrugada no Galp\u00e3o com Lidiane Azevedo e Roger Coelho<\/p>\n<p><strong>23\/07\/2016 (S\u00e1bado)<\/strong><br \/>\n&#8211; 17h00 &#8211; Aquecimento na Pra\u00e7a do Povo com Banda Akasus<br \/>\n&#8211; 20h00 &#8211; Abertura do Parque de Exposi\u00e7\u00f5es e Galp\u00e3o Cultural<br \/>\n&#8211; 23h30 &#8211; Dimas e Seus Teclados, Luan Santana, Monobloco, Madrugada no Galp\u00e3o com Vander &#038; Luan e Nenka<\/p>\n<p><strong>24\/07\/2016 (Domingo)<\/strong><br \/>\n&#8211; 12h00 &#8211; Abertura do Parque de Exposi\u00e7\u00f5es e Galp\u00e3o Cultural<br \/>\n&#8211; 14h00 &#8211; Tarde Infantil (circo)<br \/>\n&#8211; 14h00 &#8211; Os Parada Torta e Vicente de Paula<br \/>\n&#8211; 14h00 &#8211; Maluquinho do Forr\u00f3 no Galp\u00e3o Cultural<br \/>\n&#8211; 15h00 &#8211; Clemilson Sampaio no Galp\u00e3o Cultural<br \/>\n&#8211; 16h00 &#8211; Sebastian dos Teclados no Galp\u00e3o Cultural<br \/>\n&#8211; 14h00 &#8211; Gerson &#038; Nelson no encerramento do Galp\u00e3o Cultural<br \/>\n&#8211; 18h00 &#8211; Bingo no Parque de Exposi\u00e7\u00f5es<br \/>\n&#8211; 18h30 &#8211; Show com Gabriel Lener e encerramento da 3\u00aa Festa do Capelinhense Ausente com Teodoro &#038; Sampaio<\/p>\n<p><img decoding=\"async\" src=\"http:\/\/aconteceunovale.com.br\/portal\/wp-content\/uploads\/2016\/07\/capelinhense_16_1.jpg\" alt=\"\" \/><\/p>\n","protected":false},"excerpt":{"rendered":"<p>A noite desta quinta-feira, 21 de julho, \u00e9 de festa em Capelinha, no Vale do Jequitinhonha. \u00c0s 20 horas, ser\u00e3o abertos os port\u00f5es do Parque de Exposi\u00e7\u00f5es para a abertura oficial da 30\u00aa Festa do Capelinhense Ausente. O evento, considerado um dos maiores da regi\u00e3o, contar\u00e1 com v\u00e1rias atra\u00e7\u00f5es da m\u00fasica nacional. Shows regionais, galp\u00e3o [&hellip;]<\/p>\n","protected":false},"author":1,"featured_media":92637,"comment_status":"open","ping_status":"closed","sticky":false,"template":"","format":"standard","meta":{"amp_status":"","footnotes":""},"categories":[125,120],"tags":[77754,98326,98327,77796,77755,98331,98329,77759,77753,77757,77761,77752,77739,132,2482,77750,106375,1018,2481,77758,106378,77734,106377,106376,77738,16172,77795,72798,106380,106379,98328,98330,77756,77760,77751,77748],"class_list":["post-92634","post","type-post","status-publish","format-standard","has-post-thumbnail","hentry","category-noticias","category-jequi","tag-30a-edicao-da-festa-do-capelinhense-ausente","tag-30a-festa-do-capelinhense-ausente","tag-agenda-30a-festa-do-capelinhense-ausente","tag-alvaro-pedra","tag-atracao-da-30a-edicao-da-festa-do-capelinhense-ausente","tag-atracoes-capelinhense-ausente","tag-atracoes-da-30a-festa-do-capelinhense-ausente","tag-atracoes-da-festa-do-capelinhense-ausente-2016","tag-atracoes-do-capelinhense-ausente-2016","tag-bandas-da-30a-edicao-da-festa-do-capelinhense-ausente","tag-bandas-da-festa-do-capelinhense-ausente-2016","tag-bandas-do-capelinhense-ausente-2016","tag-biquini-cavadao","tag-capelinha","tag-capelinhense-ausente","tag-capelinhense-ausente-2016","tag-capelinhense-ausente-2016-comeca-nesta-quinta-feira-com-show-de-henrique-juliano","tag-destaque","tag-festa-do-capelinhense-ausente","tag-festa-do-capelinhense-ausente-2016","tag-galpao-cultural-professora-maria-odeth-sampaio","tag-henrique-juliano","tag-henrique-juliano-no-capelinhense-ausente","tag-henrique-juliano-no-capelinhense-ausente-2016","tag-jads-jadson","tag-luan-santana","tag-minas-eventos","tag-monobloco","tag-ouvir-henrique-juliano","tag-playlist-henrique-juliano","tag-shows-30a-festa-do-capelinhense-ausente","tag-shows-capelinhense-ausente","tag-shows-da-30a-edicao-da-festa-do-capelinhense-ausente","tag-shows-da-festa-do-capelinhense-ausente-2016","tag-shows-do-capelinhense-ausente-2016","tag-teodoro-sampaio"],"_links":{"self":[{"href":"https:\/\/aconteceunovale.com.br\/portal\/index.php?rest_route=\/wp\/v2\/posts\/92634","targetHints":{"allow":["GET"]}}],"collection":[{"href":"https:\/\/aconteceunovale.com.br\/portal\/index.php?rest_route=\/wp\/v2\/posts"}],"about":[{"href":"https:\/\/aconteceunovale.com.br\/portal\/index.php?rest_route=\/wp\/v2\/types\/post"}],"author":[{"embeddable":true,"href":"https:\/\/aconteceunovale.com.br\/portal\/index.php?rest_route=\/wp\/v2\/users\/1"}],"replies":[{"embeddable":true,"href":"https:\/\/aconteceunovale.com.br\/portal\/index.php?rest_route=%2Fwp%2Fv2%2Fcomments&post=92634"}],"version-history":[{"count":0,"href":"https:\/\/aconteceunovale.com.br\/portal\/index.php?rest_route=\/wp\/v2\/posts\/92634\/revisions"}],"wp:featuredmedia":[{"embeddable":true,"href":"https:\/\/aconteceunovale.com.br\/portal\/index.php?rest_route=\/wp\/v2\/media\/92637"}],"wp:attachment":[{"href":"https:\/\/aconteceunovale.com.br\/portal\/index.php?rest_route=%2Fwp%2Fv2%2Fmedia&parent=92634"}],"wp:term":[{"taxonomy":"category","embeddable":true,"href":"https:\/\/aconteceunovale.com.br\/portal\/index.php?rest_route=%2Fwp%2Fv2%2Fcategories&post=92634"},{"taxonomy":"post_tag","embeddable":true,"href":"https:\/\/aconteceunovale.com.br\/portal\/index.php?rest_route=%2Fwp%2Fv2%2Ftags&post=92634"}],"curies":[{"name":"wp","href":"https:\/\/api.w.org\/{rel}","templated":true}]}}