{"id":92592,"date":"2016-07-20T21:16:27","date_gmt":"2016-07-21T00:16:27","guid":{"rendered":"http:\/\/aconteceunovale.com.br\/portal\/?p=92592"},"modified":"2016-07-20T21:16:27","modified_gmt":"2016-07-21T00:16:27","slug":"projeto-proibe-porte-de-laminas-com-mais-de-10-centimetros-em-minas-gerais","status":"publish","type":"post","link":"https:\/\/aconteceunovale.com.br\/portal\/?p=92592","title":{"rendered":"Projeto pro\u00edbe porte de l\u00e2minas com mais de 10 cent\u00edmetros em Minas Gerais"},"content":{"rendered":"<p>Em menos de 10 dias, o governador Fernando Pimentel deve sancionar ou vetar o Projeto de Lei (PL) 2227\/2015, que pro\u00edbe o porte de armas brancas em todo o Estado, inclusive, facas, punhais ou objetos semelhantes com l\u00e2mina de 10 cent\u00edmetros ou mais. O PL \u00e9 de autoria do deputado estadual Cabo J\u00falio.<\/p>\n<p>Conforme o texto do projeto, que j\u00e1 passou pelas comiss\u00f5es de Comiss\u00e3o e Justi\u00e7a, de Seguran\u00e7a P\u00fablica e de Fiscaliza\u00e7\u00e3o Financeira e Or\u00e7ament\u00e1ria, as armas brancas s\u00f3 poder\u00e3o ser liberadas em circunst\u00e2ncias que justifiquem a sua fabrica\u00e7\u00e3o, com\u00e9rcio ou uso como instrumento de trabalho ou utens\u00edlio. <\/p>\n<p>Por arma branca o deputado considera qualquer artefato cortante ou perfurante destinado \u00e0 a\u00e7\u00e3o ofensiva. No entanto, transportar esses objetos ainda novos na embalagem original, ou com nota fiscal, ou ainda em bolsas, malas ou sacolas n\u00e3o ir\u00e1 configurar infra\u00e7\u00e3o. Os artefatos, mesmo que n\u00e3o estejam novos, tamb\u00e9m poder\u00e3o ser transportados em malas de ferramentas dentro de ve\u00edculos ou em bagagens pr\u00f3prias por quem os utiliza profissionalmente.<\/p>\n<p>A justificativa para o projeto \u00e9 o alto n\u00famero de registros de crimes praticados com armas brancas como facas e canivetes. O deputado ainda classifica estes dados como consequ\u00eancia da &#8220;rigidez do Estatuto do Desarmamento&#8221;.<\/p>\n<p>Caso se torne norma ap\u00f3s an\u00e1lise do governador, descumprir a nova regra ir\u00e1 gerar multa de mais de R$ 2.700,00. A autua\u00e7\u00e3o pela infra\u00e7\u00e3o ser\u00e1 de responsabilidade da Pol\u00edcia Civil e a arrecada\u00e7\u00e3o com as multas ser\u00e1 recolhida ao Fundo Penitenci\u00e1rio Estadual de Minas Gerais. <\/p>\n<p>O PL foi encaminhado para san\u00e7\u00e3o no \u00faltimo dia 8 e o governador tem at\u00e9 o dia 29 para sancion\u00e1-lo ou vet\u00e1-lo. (O Tempo)<\/p>\n","protected":false},"excerpt":{"rendered":"<p>Em menos de 10 dias, o governador Fernando Pimentel deve sancionar ou vetar o Projeto de Lei (PL) 2227\/2015, que pro\u00edbe o porte de armas brancas em todo o Estado, inclusive, facas, punhais ou objetos semelhantes com l\u00e2mina de 10 cent\u00edmetros ou mais. O PL \u00e9 de autoria do deputado estadual Cabo J\u00falio. Conforme o [&hellip;]<\/p>\n","protected":false},"author":1,"featured_media":92593,"comment_status":"open","ping_status":"closed","sticky":false,"template":"","format":"standard","meta":{"amp_status":"","footnotes":""},"categories":[123],"tags":[27040,106288,106293,106290,106291,106289,106292,106295,106294],"class_list":["post-92592","post","type-post","status-publish","format-standard","has-post-thumbnail","hentry","category-gerais","tag-cabo-julio","tag-pl-22272015","tag-pl-proibe-o-porte-de-armas-brancas-em-minas-gerais","tag-porte-de-armas-brancas-em-minas-gerais","tag-proibicao-do-porte-de-armas-brancas-em-minas-gerais","tag-projeto-de-lei-22272015","tag-projeto-proibe-o-porte-de-armas-brancas-em-minas-gerais","tag-projeto-proibe-porte-de-laminas-com-mais-de-10-centimetros","tag-projeto-proibe-porte-de-laminas-com-mais-de-10-centimetros-em-minas-gerais"],"_links":{"self":[{"href":"https:\/\/aconteceunovale.com.br\/portal\/index.php?rest_route=\/wp\/v2\/posts\/92592","targetHints":{"allow":["GET"]}}],"collection":[{"href":"https:\/\/aconteceunovale.com.br\/portal\/index.php?rest_route=\/wp\/v2\/posts"}],"about":[{"href":"https:\/\/aconteceunovale.com.br\/portal\/index.php?rest_route=\/wp\/v2\/types\/post"}],"author":[{"embeddable":true,"href":"https:\/\/aconteceunovale.com.br\/portal\/index.php?rest_route=\/wp\/v2\/users\/1"}],"replies":[{"embeddable":true,"href":"https:\/\/aconteceunovale.com.br\/portal\/index.php?rest_route=%2Fwp%2Fv2%2Fcomments&post=92592"}],"version-history":[{"count":0,"href":"https:\/\/aconteceunovale.com.br\/portal\/index.php?rest_route=\/wp\/v2\/posts\/92592\/revisions"}],"wp:featuredmedia":[{"embeddable":true,"href":"https:\/\/aconteceunovale.com.br\/portal\/index.php?rest_route=\/wp\/v2\/media\/92593"}],"wp:attachment":[{"href":"https:\/\/aconteceunovale.com.br\/portal\/index.php?rest_route=%2Fwp%2Fv2%2Fmedia&parent=92592"}],"wp:term":[{"taxonomy":"category","embeddable":true,"href":"https:\/\/aconteceunovale.com.br\/portal\/index.php?rest_route=%2Fwp%2Fv2%2Fcategories&post=92592"},{"taxonomy":"post_tag","embeddable":true,"href":"https:\/\/aconteceunovale.com.br\/portal\/index.php?rest_route=%2Fwp%2Fv2%2Ftags&post=92592"}],"curies":[{"name":"wp","href":"https:\/\/api.w.org\/{rel}","templated":true}]}}