{"id":92583,"date":"2016-07-20T20:46:57","date_gmt":"2016-07-20T23:46:57","guid":{"rendered":"http:\/\/aconteceunovale.com.br\/portal\/?p=92583"},"modified":"2016-07-21T00:12:45","modified_gmt":"2016-07-21T03:12:45","slug":"seis-pessoas-ficam-feridas-em-acidente-no-norte-de-minas","status":"publish","type":"post","link":"https:\/\/aconteceunovale.com.br\/portal\/?p=92583","title":{"rendered":"Seis pessoas ficam feridas em acidente no Norte de Minas"},"content":{"rendered":"<p>O acidente com um carro superlotado terminou com seis pessoas feridas na manh\u00e3 desta quarta-feira (20\/7) na MGC-401, em Jana\u00faba, na Regi\u00e3o Norte de Minas Gerais. O ve\u00edculo ocupado pelas v\u00edtimas foi atingido por outro carro durante uma ultrapassagem. A colis\u00e3o provocou uma sa\u00edda de pista, seguida de capotamento. <\/p>\n<p>A ocorr\u00eancia foi registrada por volta das 7h30. O VW\/Gol seguia de Verdel\u00e2ndia em dire\u00e7\u00e3o \u00e0 Jana\u00faba. Quando passava pelo km 132, outro ve\u00edculo tentou a ultrapassagem e acabou provocando o acidente. \u201cTestemunhas contaram que o outro ve\u00edculo tentou uma ultrapassagem for\u00e7ada sobre o Gol e acabou colidindo na parte dianteira. O motorista perdeu o controle da dire\u00e7\u00e3o e o carro capotou\u201d, explicou o sargento Arlei \u00c2ngelo. <\/p>\n<p>Depois do acidente, o condutor do ve\u00edculo que teria provocado o acidente fugiu e ainda n\u00e3o foi encontrado. O Corpo de Bombeiros e equipes do Servi\u00e7o de Atendimento M\u00f3vel de Urg\u00eancia (SAMU) socorreram as v\u00edtimas e as levaram para o Hospital Regional de Jana\u00faba. <\/p>\n<p>O condutor do Gol foi multado por causa do excesso de passageiros. \u201cTinham seis pessoas dentro do ve\u00edculo. Ele ser\u00e1 notificado por isso, pois foi configurado o excesso de passageiros\u201d, afirmou o sargento Arlei. Como o carro ficou fora da rodovia, ela n\u00e3o precisou ser interditada.<\/p>\n<p><img decoding=\"async\" src=\"http:\/\/aconteceunovale.com.br\/portal\/wp-content\/uploads\/2016\/07\/capotamento_janauba_1.jpg\" alt=\"\" \/><em>Acidente aconteceu no km 132 da MGC-401 (Foto: Corpo de Bombeiros \/ Divulga\u00e7\u00e3o)<\/em><br \/>\n<\/br><\/p>\n<p><img decoding=\"async\" src=\"http:\/\/aconteceunovale.com.br\/portal\/wp-content\/uploads\/2016\/07\/capotamento_janauba_2.jpg\" alt=\"\" \/><em>Acidente aconteceu no km 132 da MGC-401 (Foto: Corpo de Bombeiros \/ Divulga\u00e7\u00e3o)<\/em><br \/>\n<\/br><\/p>\n<p><img decoding=\"async\" src=\"http:\/\/aconteceunovale.com.br\/portal\/wp-content\/uploads\/2016\/07\/capotamento_janauba_3.jpg\" alt=\"\" \/><em>Acidente aconteceu no km 132 da MGC-401 (Foto: Corpo de Bombeiros \/ Divulga\u00e7\u00e3o)<\/em><br \/>\n<\/br><\/p>\n<p><em>(Fonte: Estado de Minas\/Jo\u00e3o Henrique do Vale)<\/em><\/p>\n","protected":false},"excerpt":{"rendered":"<p>O acidente com um carro superlotado terminou com seis pessoas feridas na manh\u00e3 desta quarta-feira (20\/7) na MGC-401, em Jana\u00faba, na Regi\u00e3o Norte de Minas Gerais. O ve\u00edculo ocupado pelas v\u00edtimas foi atingido por outro carro durante uma ultrapassagem. A colis\u00e3o provocou uma sa\u00edda de pista, seguida de capotamento. A ocorr\u00eancia foi registrada por volta [&hellip;]<\/p>\n","protected":false},"author":1,"featured_media":92586,"comment_status":"open","ping_status":"closed","sticky":false,"template":"","format":"standard","meta":{"amp_status":"","footnotes":""},"categories":[1236],"tags":[106279,9852,52189,106277,106278,1018,204,106276,106281,106280],"class_list":["post-92583","post","type-post","status-publish","format-standard","has-post-thumbnail","hentry","category-norte_de_minas","tag-acidente-com-gol-em-janauba","tag-acidente-em-janauba","tag-acidente-entre-janauba-e-verdelandia","tag-acidente-na-mgc-401","tag-capotamento-na-mgc-401","tag-destaque","tag-janauba","tag-mgc-401","tag-seis-pessoas-ficam-feridas-em-acidente-na-mgc-401-em-janauba","tag-seis-pessoas-ficam-feridas-em-acidente-no-norte-de-minas"],"_links":{"self":[{"href":"https:\/\/aconteceunovale.com.br\/portal\/index.php?rest_route=\/wp\/v2\/posts\/92583","targetHints":{"allow":["GET"]}}],"collection":[{"href":"https:\/\/aconteceunovale.com.br\/portal\/index.php?rest_route=\/wp\/v2\/posts"}],"about":[{"href":"https:\/\/aconteceunovale.com.br\/portal\/index.php?rest_route=\/wp\/v2\/types\/post"}],"author":[{"embeddable":true,"href":"https:\/\/aconteceunovale.com.br\/portal\/index.php?rest_route=\/wp\/v2\/users\/1"}],"replies":[{"embeddable":true,"href":"https:\/\/aconteceunovale.com.br\/portal\/index.php?rest_route=%2Fwp%2Fv2%2Fcomments&post=92583"}],"version-history":[{"count":0,"href":"https:\/\/aconteceunovale.com.br\/portal\/index.php?rest_route=\/wp\/v2\/posts\/92583\/revisions"}],"wp:featuredmedia":[{"embeddable":true,"href":"https:\/\/aconteceunovale.com.br\/portal\/index.php?rest_route=\/wp\/v2\/media\/92586"}],"wp:attachment":[{"href":"https:\/\/aconteceunovale.com.br\/portal\/index.php?rest_route=%2Fwp%2Fv2%2Fmedia&parent=92583"}],"wp:term":[{"taxonomy":"category","embeddable":true,"href":"https:\/\/aconteceunovale.com.br\/portal\/index.php?rest_route=%2Fwp%2Fv2%2Fcategories&post=92583"},{"taxonomy":"post_tag","embeddable":true,"href":"https:\/\/aconteceunovale.com.br\/portal\/index.php?rest_route=%2Fwp%2Fv2%2Ftags&post=92583"}],"curies":[{"name":"wp","href":"https:\/\/api.w.org\/{rel}","templated":true}]}}