{"id":92571,"date":"2016-07-20T16:13:32","date_gmt":"2016-07-20T19:13:32","guid":{"rendered":"http:\/\/aconteceunovale.com.br\/portal\/?p=92571"},"modified":"2016-07-20T16:13:32","modified_gmt":"2016-07-20T19:13:32","slug":"acidente-entre-carro-forte-e-varios-veiculos-deixa-feridos-em-ipatinga","status":"publish","type":"post","link":"https:\/\/aconteceunovale.com.br\/portal\/?p=92571","title":{"rendered":"Acidente entre carro-forte e v\u00e1rios ve\u00edculos deixa feridos em Ipatinga"},"content":{"rendered":"<p>Dois ocupantes de um carro-forte ficaram feridos em um acidente na manh\u00e3 desta quarta-feira, 20 de julho, no trecho urbano da BR-458, em Ipatinga, na Regi\u00e3o Metropolitana do Vale do A\u00e7o. Segundo informa\u00e7\u00f5es da Pol\u00edcia Militar (PM), o motorista do ve\u00edculo, pertencente a empresa Prosegur, perdeu o controle da dire\u00e7\u00e3o e colidiu contra v\u00e1rios ve\u00edculos que estavam estacionados.<\/p>\n<p>O carro-forte s\u00f3 parou ap\u00f3s atingir o port\u00e3o de um pr\u00e9dio, que ficou completamente destru\u00eddo. Com o impacto do acidente, dois vigilantes ca\u00edram no compartimento onde fica o cofre do ve\u00edculo. Uma equipe do Servi\u00e7o de Atendimento M\u00f3vel de Urg\u00eancia (SAMU) foi acionada e prestou socorro \u00e0s v\u00edtimas.<\/p>\n<p>As causas do acidente ser\u00e3o apuradas pela Pol\u00edcia. O estado de sa\u00fade das v\u00edtimas socorridas pelo SAMU n\u00e3o foi divulgado.<\/p>\n<p><img decoding=\"async\" src=\"http:\/\/aconteceunovale.com.br\/portal\/wp-content\/uploads\/2016\/07\/acidente_carro_forte.jpeg\" alt=\"\" \/><em>Carro forte atingiu v\u00e1rios ve\u00edculos estacionados (Foto: Tati Souza \/ Reprodu\u00e7\u00e3o G1)<\/em><br \/>\n<\/br><\/p>\n<p><em>(Com informa\u00e7\u00f5es do G1 Vales de Minas Gerais)<\/em><\/p>\n","protected":false},"excerpt":{"rendered":"<p>Dois ocupantes de um carro-forte ficaram feridos em um acidente na manh\u00e3 desta quarta-feira, 20 de julho, no trecho urbano da BR-458, em Ipatinga, na Regi\u00e3o Metropolitana do Vale do A\u00e7o. Segundo informa\u00e7\u00f5es da Pol\u00edcia Militar (PM), o motorista do ve\u00edculo, pertencente a empresa Prosegur, perdeu o controle da dire\u00e7\u00e3o e colidiu contra v\u00e1rios ve\u00edculos [&hellip;]<\/p>\n","protected":false},"author":1,"featured_media":92572,"comment_status":"open","ping_status":"closed","sticky":false,"template":"","format":"standard","meta":{"amp_status":"","footnotes":""},"categories":[121],"tags":[106243,106244,106245,14508,106246,106247,100351,106241,106240,106242,201,106239],"class_list":["post-92571","post","type-post","status-publish","format-standard","has-post-thumbnail","hentry","category-leste","tag-acidente-carro-forte-em-ipatinga","tag-acidente-carro-forte-na-br-458","tag-acidente-carro-forte-prosegur","tag-acidente-em-ipatinga","tag-acidente-entre-carro-forte-e-varios-veiculos-deixa-feridos-em-ipatinga","tag-acidente-entre-carro-forte-e-varios-veiculos-deixa-feridos-na-br-458","tag-acidente-na-br-458-em-ipatinga","tag-acidente-prosegur-br-458","tag-acidente-prosegur-ipatinga","tag-carro-forte","tag-ipatinga","tag-prosegur"],"_links":{"self":[{"href":"https:\/\/aconteceunovale.com.br\/portal\/index.php?rest_route=\/wp\/v2\/posts\/92571","targetHints":{"allow":["GET"]}}],"collection":[{"href":"https:\/\/aconteceunovale.com.br\/portal\/index.php?rest_route=\/wp\/v2\/posts"}],"about":[{"href":"https:\/\/aconteceunovale.com.br\/portal\/index.php?rest_route=\/wp\/v2\/types\/post"}],"author":[{"embeddable":true,"href":"https:\/\/aconteceunovale.com.br\/portal\/index.php?rest_route=\/wp\/v2\/users\/1"}],"replies":[{"embeddable":true,"href":"https:\/\/aconteceunovale.com.br\/portal\/index.php?rest_route=%2Fwp%2Fv2%2Fcomments&post=92571"}],"version-history":[{"count":0,"href":"https:\/\/aconteceunovale.com.br\/portal\/index.php?rest_route=\/wp\/v2\/posts\/92571\/revisions"}],"wp:featuredmedia":[{"embeddable":true,"href":"https:\/\/aconteceunovale.com.br\/portal\/index.php?rest_route=\/wp\/v2\/media\/92572"}],"wp:attachment":[{"href":"https:\/\/aconteceunovale.com.br\/portal\/index.php?rest_route=%2Fwp%2Fv2%2Fmedia&parent=92571"}],"wp:term":[{"taxonomy":"category","embeddable":true,"href":"https:\/\/aconteceunovale.com.br\/portal\/index.php?rest_route=%2Fwp%2Fv2%2Fcategories&post=92571"},{"taxonomy":"post_tag","embeddable":true,"href":"https:\/\/aconteceunovale.com.br\/portal\/index.php?rest_route=%2Fwp%2Fv2%2Ftags&post=92571"}],"curies":[{"name":"wp","href":"https:\/\/api.w.org\/{rel}","templated":true}]}}