{"id":92568,"date":"2016-07-20T15:24:57","date_gmt":"2016-07-20T18:24:57","guid":{"rendered":"http:\/\/aconteceunovale.com.br\/portal\/?p=92568"},"modified":"2016-07-20T22:21:21","modified_gmt":"2016-07-21T01:21:21","slug":"motociclista-morre-apos-colidir-contra-cavalo-na-br-116-no-vale-do-rio-doce","status":"publish","type":"post","link":"https:\/\/aconteceunovale.com.br\/portal\/?p=92568","title":{"rendered":"Motociclista morre ap\u00f3s colidir contra cavalo na BR-116, no Vale do Rio Doce"},"content":{"rendered":"<p>O condutor de uma motocicleta morreu ap\u00f3s colidir contra um cavalo na noite dessa ter\u00e7a-feira, 19 de julho, na BR-116, pr\u00f3ximo ao distrito de Era Nova, munic\u00edpio de Alpercata, na regi\u00e3o do Vale do Rio Doce. De acordo com informa\u00e7\u00f5es da Pol\u00edcia Rodovi\u00e1ria Federal (PFR), Jova Nonato da Silva, de 37 anos, transitava pela rodovia, quando o equino atravessou na pista.<\/p>\n<p>Ainda segundo a PRF, a v\u00edtima n\u00e3o conseguiu parar e acabou colidindo contra o animal. O motociclista n\u00e3o resistiu aos graves ferimentos e veio a \u00f3bito. O corpo foi encaminhado para o Instituto M\u00e9dico Legal (IML) e liberado aos familiares ap\u00f3s a realiza\u00e7\u00e3o de exames. <\/p>\n<p>O cavalo teve ferimentos leves. A Pol\u00edcia n\u00e3o divulgou se o mesmo possui marcas que possibilite a identifica\u00e7\u00e3o do propriet\u00e1rio.<\/p>\n<p><img decoding=\"async\" src=\"http:\/\/aconteceunovale.com.br\/portal\/wp-content\/uploads\/2016\/07\/acidente_116_cavalo.jpg\" alt=\"\" \/><em>Motociclista colidiu contra cavalo pr\u00f3ximo a Era Nova (Foto: Reprodu\u00e7\u00e3o\/Rede Alerta)<\/em><\/p>\n","protected":false},"excerpt":{"rendered":"<p>O condutor de uma motocicleta morreu ap\u00f3s colidir contra um cavalo na noite dessa ter\u00e7a-feira, 19 de julho, na BR-116, pr\u00f3ximo ao distrito de Era Nova, munic\u00edpio de Alpercata, na regi\u00e3o do Vale do Rio Doce. De acordo com informa\u00e7\u00f5es da Pol\u00edcia Rodovi\u00e1ria Federal (PFR), Jova Nonato da Silva, de 37 anos, transitava pela rodovia, [&hellip;]<\/p>\n","protected":false},"author":1,"featured_media":92569,"comment_status":"open","ping_status":"closed","sticky":false,"template":"","format":"standard","meta":{"amp_status":"","footnotes":""},"categories":[121],"tags":[106230,80391,106235,56948,106231,106234,106232,106233,3945,85577,89213,274,182,106229,247,106306,106228,106236,106237,106238,58056],"class_list":["post-92568","post","type-post","status-publish","format-standard","has-post-thumbnail","hentry","category-leste","tag-acidente-com-cavalo-em-era-nova","tag-acidente-com-cavalo-em-governador-valadares","tag-acidente-com-cavalo-na-br-116","tag-acidente-em-alpercata","tag-acidente-era-nova","tag-acidente-funcionario-epa-supermercados","tag-acidente-jeova","tag-acidente-jova","tag-acidente-na-br-116","tag-acidente-perto-de-alpercata","tag-acidente-perto-de-governador-valadares","tag-alpercata","tag-br-116","tag-era-nova","tag-governador-valadares","tag-jova-nonato-da-silva","tag-motociclista-colidiu-contra-cavalo-proximo-a-era-nova","tag-motociclista-morre-apos-colidir-contra-cavalo-na-br-116","tag-motociclista-morre-apos-colidir-contra-cavalo-na-br-116-em-alpercata","tag-motociclista-morre-apos-colidir-contra-cavalo-na-br-116-perto-de-era-nova","tag-no-vale-do-rio-doce"],"_links":{"self":[{"href":"https:\/\/aconteceunovale.com.br\/portal\/index.php?rest_route=\/wp\/v2\/posts\/92568","targetHints":{"allow":["GET"]}}],"collection":[{"href":"https:\/\/aconteceunovale.com.br\/portal\/index.php?rest_route=\/wp\/v2\/posts"}],"about":[{"href":"https:\/\/aconteceunovale.com.br\/portal\/index.php?rest_route=\/wp\/v2\/types\/post"}],"author":[{"embeddable":true,"href":"https:\/\/aconteceunovale.com.br\/portal\/index.php?rest_route=\/wp\/v2\/users\/1"}],"replies":[{"embeddable":true,"href":"https:\/\/aconteceunovale.com.br\/portal\/index.php?rest_route=%2Fwp%2Fv2%2Fcomments&post=92568"}],"version-history":[{"count":0,"href":"https:\/\/aconteceunovale.com.br\/portal\/index.php?rest_route=\/wp\/v2\/posts\/92568\/revisions"}],"wp:featuredmedia":[{"embeddable":true,"href":"https:\/\/aconteceunovale.com.br\/portal\/index.php?rest_route=\/wp\/v2\/media\/92569"}],"wp:attachment":[{"href":"https:\/\/aconteceunovale.com.br\/portal\/index.php?rest_route=%2Fwp%2Fv2%2Fmedia&parent=92568"}],"wp:term":[{"taxonomy":"category","embeddable":true,"href":"https:\/\/aconteceunovale.com.br\/portal\/index.php?rest_route=%2Fwp%2Fv2%2Fcategories&post=92568"},{"taxonomy":"post_tag","embeddable":true,"href":"https:\/\/aconteceunovale.com.br\/portal\/index.php?rest_route=%2Fwp%2Fv2%2Ftags&post=92568"}],"curies":[{"name":"wp","href":"https:\/\/api.w.org\/{rel}","templated":true}]}}