{"id":92483,"date":"2016-07-19T20:34:33","date_gmt":"2016-07-19T23:34:33","guid":{"rendered":"http:\/\/aconteceunovale.com.br\/portal\/?p=92483"},"modified":"2016-07-19T20:34:33","modified_gmt":"2016-07-19T23:34:33","slug":"foragido-da-cadeia-de-taiobeiras-e-recapturado-apos-denuncia-anonima","status":"publish","type":"post","link":"https:\/\/aconteceunovale.com.br\/portal\/?p=92483","title":{"rendered":"Foragido da cadeia de Taiobeiras \u00e9 recapturado ap\u00f3s den\u00fancia an\u00f4nima"},"content":{"rendered":"<p>Um a a\u00e7\u00e3o da Pol\u00edcia Militar (PM), em conjunto com a Pol\u00edcia Civil (PC), na tarde desta ter\u00e7a-feira (19\/7), resultou na recaptura de um foragido da cadeia p\u00fablica de Taiobeiras, na regi\u00e3o Norte de Minas. De acordo com a PM, Wanderson Ferreira dos Santos, de 22 anos, fugiu no dia 19 de junho, junto com outros tr\u00eas detentos.<\/p>\n<p>A pol\u00edcia chegou at\u00e9 o fugitivo ap\u00f3s uma den\u00fancia an\u00f4nima. Ele foi encontrado dormindo em uma casa, na Rua Tom\u00e9 de Souza, no Bairro Planalto. Wanderson tem passagens por roubo, sequestro, c\u00e1rcere privado, les\u00e3o corporal, furto e homic\u00eddio.<\/p>\n<p>Ele n\u00e3o resistiu \u00e0 pris\u00e3o e foi levado novamente para a cadeia da cidade.<\/p>\n<p><img decoding=\"async\" src=\"http:\/\/aconteceunovale.com.br\/portal\/wp-content\/uploads\/2016\/07\/preso_taio.jpg\" alt=\"\" \/><em>Homem estava dormindo em um casa no Bairro Planalto (Foto: PM\/Divulga\u00e7\u00e3o)<\/em><br \/>\n<\/br><\/p>\n<p><em>(G1 Grande Minas)<\/em><\/p>\n","protected":false},"excerpt":{"rendered":"<p>Um a a\u00e7\u00e3o da Pol\u00edcia Militar (PM), em conjunto com a Pol\u00edcia Civil (PC), na tarde desta ter\u00e7a-feira (19\/7), resultou na recaptura de um foragido da cadeia p\u00fablica de Taiobeiras, na regi\u00e3o Norte de Minas. De acordo com a PM, Wanderson Ferreira dos Santos, de 22 anos, fugiu no dia 19 de junho, junto com [&hellip;]<\/p>\n","protected":false},"author":1,"featured_media":92484,"comment_status":"open","ping_status":"closed","sticky":false,"template":"","format":"standard","meta":{"amp_status":"","footnotes":""},"categories":[1236],"tags":[106010,106013,106012,106011,419,22631],"class_list":["post-92483","post","type-post","status-publish","format-standard","has-post-thumbnail","hentry","category-norte_de_minas","tag-foragido-da-cadeia-de-taiobeiras","tag-fugitivo-taiobeiras","tag-homem-preso-em-taiobeiras","tag-preso-taiobeiras","tag-taiobeiras","tag-wanderson-ferreira-dos-santos"],"yoast_head":"<!-- This site is optimized with the Yoast SEO plugin v28.3 - https:\/\/yoast.com\/product\/yoast-seo-wordpress\/ -->\n<title>Foragido da cadeia de Taiobeiras \u00e9 recapturado ap\u00f3s den\u00fancia an\u00f4nima - Aconteceu no Vale<\/title>\n<meta name=\"robots\" content=\"index, follow, max-snippet:-1, max-image-preview:large, max-video-preview:-1\" \/>\n<link rel=\"canonical\" href=\"https:\/\/aconteceunovale.com.br\/portal\/?p=92483\" \/>\n<meta property=\"og:locale\" content=\"pt_BR\" \/>\n<meta property=\"og:type\" content=\"article\" \/>\n<meta property=\"og:title\" content=\"Foragido da cadeia de Taiobeiras \u00e9 recapturado ap\u00f3s den\u00fancia an\u00f4nima - Aconteceu no Vale\" \/>\n<meta property=\"og:description\" content=\"Um a a\u00e7\u00e3o da Pol\u00edcia Militar (PM), em conjunto com a Pol\u00edcia Civil (PC), na tarde desta ter\u00e7a-feira (19\/7), resultou na recaptura de um foragido da cadeia p\u00fablica de Taiobeiras, na regi\u00e3o Norte de Minas. De acordo com a PM, Wanderson Ferreira dos Santos, de 22 anos, fugiu no dia 19 de junho, junto com [&hellip;]\" \/>\n<meta property=\"og:url\" content=\"https:\/\/aconteceunovale.com.br\/portal\/?p=92483\" \/>\n<meta property=\"og:site_name\" content=\"Aconteceu no Vale\" \/>\n<meta property=\"article:publisher\" content=\"https:\/\/www.facebook.com\/aconteceunovale\/\" \/>\n<meta property=\"article:published_time\" content=\"2016-07-19T23:34:33+00:00\" \/>\n<meta property=\"og:image\" content=\"https:\/\/aconteceunovale.com.br\/portal\/wp-content\/uploads\/2016\/07\/preso_taio.jpg\" \/>\n\t<meta property=\"og:image:width\" content=\"648\" \/>\n\t<meta property=\"og:image:height\" content=\"443\" \/>\n\t<meta property=\"og:image:type\" content=\"image\/jpeg\" \/>\n<meta name=\"author\" content=\"Aconteceu no Vale\" \/>\n<meta name=\"twitter:card\" content=\"summary_large_image\" \/>\n<meta name=\"twitter:creator\" content=\"@noticiadosvales\" \/>\n<meta name=\"twitter:site\" content=\"@noticiadosvales\" \/>\n<meta name=\"twitter:label1\" content=\"Escrito por\" \/>\n\t<meta name=\"twitter:data1\" content=\"Aconteceu no Vale\" \/>\n\t<meta name=\"twitter:label2\" content=\"Est. tempo de leitura\" \/>\n\t<meta name=\"twitter:data2\" content=\"1 minuto\" \/>\n<script type=\"application\/ld+json\" class=\"yoast-schema-graph\">{\"@context\":\"https:\\\/\\\/schema.org\",\"@graph\":[{\"@type\":\"Article\",\"@id\":\"https:\\\/\\\/aconteceunovale.com.br\\\/portal\\\/?p=92483#article\",\"isPartOf\":{\"@id\":\"https:\\\/\\\/aconteceunovale.com.br\\\/portal\\\/?p=92483\"},\"author\":{\"name\":\"Aconteceu no Vale\",\"@id\":\"https:\\\/\\\/aconteceunovale.com.br\\\/portal\\\/#\\\/schema\\\/person\\\/633529146f2c94272bef50ac2953d589\"},\"headline\":\"Foragido da cadeia de Taiobeiras \u00e9 recapturado ap\u00f3s den\u00fancia an\u00f4nima\",\"datePublished\":\"2016-07-19T23:34:33+00:00\",\"mainEntityOfPage\":{\"@id\":\"https:\\\/\\\/aconteceunovale.com.br\\\/portal\\\/?p=92483\"},\"wordCount\":150,\"commentCount\":0,\"image\":{\"@id\":\"https:\\\/\\\/aconteceunovale.com.br\\\/portal\\\/?p=92483#primaryimage\"},\"thumbnailUrl\":\"https:\\\/\\\/aconteceunovale.com.br\\\/portal\\\/wp-content\\\/uploads\\\/2016\\\/07\\\/preso_taio.jpg\",\"keywords\":[\"Foragido da cadeia de Taiobeiras\",\"fugitivo Taiobeiras\",\"homem preso em Taiobeiras\",\"preso Taiobeiras\",\"Taiobeiras\",\"WANDERSON FERREIRA DOS SANTOS\"],\"articleSection\":[\"Norte de Minas\"],\"inLanguage\":\"pt-BR\",\"potentialAction\":[{\"@type\":\"CommentAction\",\"name\":\"Comment\",\"target\":[\"https:\\\/\\\/aconteceunovale.com.br\\\/portal\\\/?p=92483#respond\"]}]},{\"@type\":\"WebPage\",\"@id\":\"https:\\\/\\\/aconteceunovale.com.br\\\/portal\\\/?p=92483\",\"url\":\"https:\\\/\\\/aconteceunovale.com.br\\\/portal\\\/?p=92483\",\"name\":\"Foragido da cadeia de Taiobeiras \u00e9 recapturado ap\u00f3s den\u00fancia an\u00f4nima - Aconteceu no Vale\",\"isPartOf\":{\"@id\":\"https:\\\/\\\/aconteceunovale.com.br\\\/portal\\\/#website\"},\"primaryImageOfPage\":{\"@id\":\"https:\\\/\\\/aconteceunovale.com.br\\\/portal\\\/?p=92483#primaryimage\"},\"image\":{\"@id\":\"https:\\\/\\\/aconteceunovale.com.br\\\/portal\\\/?p=92483#primaryimage\"},\"thumbnailUrl\":\"https:\\\/\\\/aconteceunovale.com.br\\\/portal\\\/wp-content\\\/uploads\\\/2016\\\/07\\\/preso_taio.jpg\",\"datePublished\":\"2016-07-19T23:34:33+00:00\",\"author\":{\"@id\":\"https:\\\/\\\/aconteceunovale.com.br\\\/portal\\\/#\\\/schema\\\/person\\\/633529146f2c94272bef50ac2953d589\"},\"breadcrumb\":{\"@id\":\"https:\\\/\\\/aconteceunovale.com.br\\\/portal\\\/?p=92483#breadcrumb\"},\"inLanguage\":\"pt-BR\",\"potentialAction\":[{\"@type\":\"ReadAction\",\"target\":[\"https:\\\/\\\/aconteceunovale.com.br\\\/portal\\\/?p=92483\"]}]},{\"@type\":\"ImageObject\",\"inLanguage\":\"pt-BR\",\"@id\":\"https:\\\/\\\/aconteceunovale.com.br\\\/portal\\\/?p=92483#primaryimage\",\"url\":\"https:\\\/\\\/aconteceunovale.com.br\\\/portal\\\/wp-content\\\/uploads\\\/2016\\\/07\\\/preso_taio.jpg\",\"contentUrl\":\"https:\\\/\\\/aconteceunovale.com.br\\\/portal\\\/wp-content\\\/uploads\\\/2016\\\/07\\\/preso_taio.jpg\",\"width\":648,\"height\":443},{\"@type\":\"BreadcrumbList\",\"@id\":\"https:\\\/\\\/aconteceunovale.com.br\\\/portal\\\/?p=92483#breadcrumb\",\"itemListElement\":[{\"@type\":\"ListItem\",\"position\":1,\"name\":\"In\u00edcio\",\"item\":\"https:\\\/\\\/aconteceunovale.com.br\\\/portal\\\/\"},{\"@type\":\"ListItem\",\"position\":2,\"name\":\"Foragido da cadeia de Taiobeiras \u00e9 recapturado ap\u00f3s den\u00fancia an\u00f4nima\"}]},{\"@type\":\"WebSite\",\"@id\":\"https:\\\/\\\/aconteceunovale.com.br\\\/portal\\\/#website\",\"url\":\"https:\\\/\\\/aconteceunovale.com.br\\\/portal\\\/\",\"name\":\"Aconteceu no Vale\",\"description\":\"Portal de Not\u00edcias\",\"potentialAction\":[{\"@type\":\"SearchAction\",\"target\":{\"@type\":\"EntryPoint\",\"urlTemplate\":\"https:\\\/\\\/aconteceunovale.com.br\\\/portal\\\/?s={search_term_string}\"},\"query-input\":{\"@type\":\"PropertyValueSpecification\",\"valueRequired\":true,\"valueName\":\"search_term_string\"}}],\"inLanguage\":\"pt-BR\"},{\"@type\":\"Person\",\"@id\":\"https:\\\/\\\/aconteceunovale.com.br\\\/portal\\\/#\\\/schema\\\/person\\\/633529146f2c94272bef50ac2953d589\",\"name\":\"Aconteceu no Vale\",\"description\":\"Equipe de reportagem do Aconteceu no Vale, portal de not\u00edcias do Vale do Jequitinhonha, em Minas Gerais. Cobrimos as 51 cidades do Vale desde 2013. Sugest\u00f5es de pauta e pedidos de corre\u00e7\u00e3o: contato@aconteceunovale.com.br\",\"sameAs\":[\"http:\\\/\\\/www.aconteceunovale.com.br\"],\"url\":\"https:\\\/\\\/aconteceunovale.com.br\\\/portal\\\/?author=1\"}]}<\/script>\n<!-- \/ Yoast SEO plugin. -->","yoast_head_json":{"title":"Foragido da cadeia de Taiobeiras \u00e9 recapturado ap\u00f3s den\u00fancia an\u00f4nima - Aconteceu no Vale","robots":{"index":"index","follow":"follow","max-snippet":"max-snippet:-1","max-image-preview":"max-image-preview:large","max-video-preview":"max-video-preview:-1"},"canonical":"https:\/\/aconteceunovale.com.br\/portal\/?p=92483","og_locale":"pt_BR","og_type":"article","og_title":"Foragido da cadeia de Taiobeiras \u00e9 recapturado ap\u00f3s den\u00fancia an\u00f4nima - Aconteceu no Vale","og_description":"Um a a\u00e7\u00e3o da Pol\u00edcia Militar (PM), em conjunto com a Pol\u00edcia Civil (PC), na tarde desta ter\u00e7a-feira (19\/7), resultou na recaptura de um foragido da cadeia p\u00fablica de Taiobeiras, na regi\u00e3o Norte de Minas. De acordo com a PM, Wanderson Ferreira dos Santos, de 22 anos, fugiu no dia 19 de junho, junto com [&hellip;]","og_url":"https:\/\/aconteceunovale.com.br\/portal\/?p=92483","og_site_name":"Aconteceu no Vale","article_publisher":"https:\/\/www.facebook.com\/aconteceunovale\/","article_published_time":"2016-07-19T23:34:33+00:00","og_image":[{"width":648,"height":443,"url":"https:\/\/aconteceunovale.com.br\/portal\/wp-content\/uploads\/2016\/07\/preso_taio.jpg","type":"image\/jpeg"}],"author":"Aconteceu no Vale","twitter_card":"summary_large_image","twitter_creator":"@noticiadosvales","twitter_site":"@noticiadosvales","twitter_misc":{"Escrito por":"Aconteceu no Vale","Est. tempo de leitura":"1 minuto"},"schema":{"@context":"https:\/\/schema.org","@graph":[{"@type":"Article","@id":"https:\/\/aconteceunovale.com.br\/portal\/?p=92483#article","isPartOf":{"@id":"https:\/\/aconteceunovale.com.br\/portal\/?p=92483"},"author":{"name":"Aconteceu no Vale","@id":"https:\/\/aconteceunovale.com.br\/portal\/#\/schema\/person\/633529146f2c94272bef50ac2953d589"},"headline":"Foragido da cadeia de Taiobeiras \u00e9 recapturado ap\u00f3s den\u00fancia an\u00f4nima","datePublished":"2016-07-19T23:34:33+00:00","mainEntityOfPage":{"@id":"https:\/\/aconteceunovale.com.br\/portal\/?p=92483"},"wordCount":150,"commentCount":0,"image":{"@id":"https:\/\/aconteceunovale.com.br\/portal\/?p=92483#primaryimage"},"thumbnailUrl":"https:\/\/aconteceunovale.com.br\/portal\/wp-content\/uploads\/2016\/07\/preso_taio.jpg","keywords":["Foragido da cadeia de Taiobeiras","fugitivo Taiobeiras","homem preso em Taiobeiras","preso Taiobeiras","Taiobeiras","WANDERSON FERREIRA DOS SANTOS"],"articleSection":["Norte de Minas"],"inLanguage":"pt-BR","potentialAction":[{"@type":"CommentAction","name":"Comment","target":["https:\/\/aconteceunovale.com.br\/portal\/?p=92483#respond"]}]},{"@type":"WebPage","@id":"https:\/\/aconteceunovale.com.br\/portal\/?p=92483","url":"https:\/\/aconteceunovale.com.br\/portal\/?p=92483","name":"Foragido da cadeia de Taiobeiras \u00e9 recapturado ap\u00f3s den\u00fancia an\u00f4nima - Aconteceu no Vale","isPartOf":{"@id":"https:\/\/aconteceunovale.com.br\/portal\/#website"},"primaryImageOfPage":{"@id":"https:\/\/aconteceunovale.com.br\/portal\/?p=92483#primaryimage"},"image":{"@id":"https:\/\/aconteceunovale.com.br\/portal\/?p=92483#primaryimage"},"thumbnailUrl":"https:\/\/aconteceunovale.com.br\/portal\/wp-content\/uploads\/2016\/07\/preso_taio.jpg","datePublished":"2016-07-19T23:34:33+00:00","author":{"@id":"https:\/\/aconteceunovale.com.br\/portal\/#\/schema\/person\/633529146f2c94272bef50ac2953d589"},"breadcrumb":{"@id":"https:\/\/aconteceunovale.com.br\/portal\/?p=92483#breadcrumb"},"inLanguage":"pt-BR","potentialAction":[{"@type":"ReadAction","target":["https:\/\/aconteceunovale.com.br\/portal\/?p=92483"]}]},{"@type":"ImageObject","inLanguage":"pt-BR","@id":"https:\/\/aconteceunovale.com.br\/portal\/?p=92483#primaryimage","url":"https:\/\/aconteceunovale.com.br\/portal\/wp-content\/uploads\/2016\/07\/preso_taio.jpg","contentUrl":"https:\/\/aconteceunovale.com.br\/portal\/wp-content\/uploads\/2016\/07\/preso_taio.jpg","width":648,"height":443},{"@type":"BreadcrumbList","@id":"https:\/\/aconteceunovale.com.br\/portal\/?p=92483#breadcrumb","itemListElement":[{"@type":"ListItem","position":1,"name":"In\u00edcio","item":"https:\/\/aconteceunovale.com.br\/portal\/"},{"@type":"ListItem","position":2,"name":"Foragido da cadeia de Taiobeiras \u00e9 recapturado ap\u00f3s den\u00fancia an\u00f4nima"}]},{"@type":"WebSite","@id":"https:\/\/aconteceunovale.com.br\/portal\/#website","url":"https:\/\/aconteceunovale.com.br\/portal\/","name":"Aconteceu no Vale","description":"Portal de Not\u00edcias","potentialAction":[{"@type":"SearchAction","target":{"@type":"EntryPoint","urlTemplate":"https:\/\/aconteceunovale.com.br\/portal\/?s={search_term_string}"},"query-input":{"@type":"PropertyValueSpecification","valueRequired":true,"valueName":"search_term_string"}}],"inLanguage":"pt-BR"},{"@type":"Person","@id":"https:\/\/aconteceunovale.com.br\/portal\/#\/schema\/person\/633529146f2c94272bef50ac2953d589","name":"Aconteceu no Vale","description":"Equipe de reportagem do Aconteceu no Vale, portal de not\u00edcias do Vale do Jequitinhonha, em Minas Gerais. Cobrimos as 51 cidades do Vale desde 2013. Sugest\u00f5es de pauta e pedidos de corre\u00e7\u00e3o: contato@aconteceunovale.com.br","sameAs":["http:\/\/www.aconteceunovale.com.br"],"url":"https:\/\/aconteceunovale.com.br\/portal\/?author=1"}]}},"_links":{"self":[{"href":"https:\/\/aconteceunovale.com.br\/portal\/index.php?rest_route=\/wp\/v2\/posts\/92483","targetHints":{"allow":["GET"]}}],"collection":[{"href":"https:\/\/aconteceunovale.com.br\/portal\/index.php?rest_route=\/wp\/v2\/posts"}],"about":[{"href":"https:\/\/aconteceunovale.com.br\/portal\/index.php?rest_route=\/wp\/v2\/types\/post"}],"author":[{"embeddable":true,"href":"https:\/\/aconteceunovale.com.br\/portal\/index.php?rest_route=\/wp\/v2\/users\/1"}],"replies":[{"embeddable":true,"href":"https:\/\/aconteceunovale.com.br\/portal\/index.php?rest_route=%2Fwp%2Fv2%2Fcomments&post=92483"}],"version-history":[{"count":0,"href":"https:\/\/aconteceunovale.com.br\/portal\/index.php?rest_route=\/wp\/v2\/posts\/92483\/revisions"}],"wp:featuredmedia":[{"embeddable":true,"href":"https:\/\/aconteceunovale.com.br\/portal\/index.php?rest_route=\/wp\/v2\/media\/92484"}],"wp:attachment":[{"href":"https:\/\/aconteceunovale.com.br\/portal\/index.php?rest_route=%2Fwp%2Fv2%2Fmedia&parent=92483"}],"wp:term":[{"taxonomy":"category","embeddable":true,"href":"https:\/\/aconteceunovale.com.br\/portal\/index.php?rest_route=%2Fwp%2Fv2%2Fcategories&post=92483"},{"taxonomy":"post_tag","embeddable":true,"href":"https:\/\/aconteceunovale.com.br\/portal\/index.php?rest_route=%2Fwp%2Fv2%2Ftags&post=92483"}],"curies":[{"name":"wp","href":"https:\/\/api.w.org\/{rel}","templated":true}]}}