{"id":92475,"date":"2016-07-19T19:57:34","date_gmt":"2016-07-19T22:57:34","guid":{"rendered":"http:\/\/aconteceunovale.com.br\/portal\/?p=92475"},"modified":"2016-07-19T19:57:34","modified_gmt":"2016-07-19T22:57:34","slug":"homem-e-assassinado-dentro-de-farmacia-em-timoteo-no-vale-do-aco","status":"publish","type":"post","link":"https:\/\/aconteceunovale.com.br\/portal\/?p=92475","title":{"rendered":"Homem \u00e9 assassinado dentro de farm\u00e1cia em Tim\u00f3teo, no Vale do A\u00e7o"},"content":{"rendered":"<p>Um funcion\u00e1rio de uma farm\u00e1cia foi morto a tiros enquanto trabalhava nessa segunda-feira (18\/7), em Tim\u00f3teo, na Regi\u00e3o Metropolitana do Vale do A\u00e7o. Segundo informa\u00e7\u00f5es da Pol\u00edcia Militar (PM), a motiva\u00e7\u00e3o do crime seria uma d\u00edvida de R$ 200 mil referente a empr\u00e9stimos e financiamentos que a v\u00edtima Tarc\u00edsio Jos\u00e9 Fernandes, de 35 anos, tinha com o autor Sebasti\u00e3o Marinho Neto, de 60 anos.<\/p>\n<p>Uma equipe da PM estava pr\u00f3xima ao estabelecimento quando ouviu os disparos e se deslocou para o local. Na farm\u00e1cia, eles prenderam o autor, que estava sendo segurando por populares. Ele confessou o crime e foi encaminhado \u00e0 delegacia de Ipatinga, juntamente com a arma utilizada.<\/p>\n<p>Tarc\u00edsio Jos\u00e9 Fernandes foi atingido no t\u00f3rax e na regi\u00e3o lombar. Ele chegou a ser socorrido ao Hospital S\u00e3o Camilo, mas n\u00e3o resistiu aos ferimentos e veio a \u00f3bito.<\/p>\n<p><img decoding=\"async\" src=\"http:\/\/aconteceunovale.com.br\/portal\/wp-content\/uploads\/2016\/07\/homicidio_timoteo.jpg\" alt=\"\" \/><em>Homem foi morto dentro de farm\u00e1cia (Foto: Vander Andrade\/R\u00e1dio Itatiaia Vale do A\u00e7o)<\/em><br \/>\n<\/br><\/p>\n<p><em>(Fonte: G1 Vales de Minas Gerais)<\/em><\/p>\n","protected":false},"excerpt":{"rendered":"<p>Um funcion\u00e1rio de uma farm\u00e1cia foi morto a tiros enquanto trabalhava nessa segunda-feira (18\/7), em Tim\u00f3teo, na Regi\u00e3o Metropolitana do Vale do A\u00e7o. Segundo informa\u00e7\u00f5es da Pol\u00edcia Militar (PM), a motiva\u00e7\u00e3o do crime seria uma d\u00edvida de R$ 200 mil referente a empr\u00e9stimos e financiamentos que a v\u00edtima Tarc\u00edsio Jos\u00e9 Fernandes, de 35 anos, tinha [&hellip;]<\/p>\n","protected":false},"author":1,"featured_media":92476,"comment_status":"open","ping_status":"closed","sticky":false,"template":"","format":"standard","meta":{"amp_status":"","footnotes":""},"categories":[121],"tags":[85571,237,106001,106000,75800,23087,105999,105998,1105,75802],"class_list":["post-92475","post","type-post","status-publish","format-standard","has-post-thumbnail","hentry","category-leste","tag-assassinato-timoteo","tag-caratinga","tag-homem-e-assassinado-dentro-de-farmacia-em-timoteo","tag-homem-e-morto-dentro-de-farmacia-em-timoteo","tag-homicidio-timoteo","tag-morto-em-timoteo","tag-sebastiao-marinho-neto","tag-tarcisio-jose-fernandes","tag-timoteo","tag-violencia-timoteo"],"yoast_head":"<!-- This site is optimized with the Yoast SEO plugin v28.3 - https:\/\/yoast.com\/product\/yoast-seo-wordpress\/ -->\n<title>Homem \u00e9 assassinado dentro de farm\u00e1cia em Tim\u00f3teo, no Vale do A\u00e7o - Aconteceu no Vale<\/title>\n<meta name=\"robots\" content=\"index, follow, max-snippet:-1, max-image-preview:large, max-video-preview:-1\" \/>\n<link rel=\"canonical\" href=\"https:\/\/aconteceunovale.com.br\/portal\/?p=92475\" \/>\n<meta property=\"og:locale\" content=\"pt_BR\" \/>\n<meta property=\"og:type\" content=\"article\" \/>\n<meta property=\"og:title\" content=\"Homem \u00e9 assassinado dentro de farm\u00e1cia em Tim\u00f3teo, no Vale do A\u00e7o - Aconteceu no Vale\" \/>\n<meta property=\"og:description\" content=\"Um funcion\u00e1rio de uma farm\u00e1cia foi morto a tiros enquanto trabalhava nessa segunda-feira (18\/7), em Tim\u00f3teo, na Regi\u00e3o Metropolitana do Vale do A\u00e7o. Segundo informa\u00e7\u00f5es da Pol\u00edcia Militar (PM), a motiva\u00e7\u00e3o do crime seria uma d\u00edvida de R$ 200 mil referente a empr\u00e9stimos e financiamentos que a v\u00edtima Tarc\u00edsio Jos\u00e9 Fernandes, de 35 anos, tinha [&hellip;]\" \/>\n<meta property=\"og:url\" content=\"https:\/\/aconteceunovale.com.br\/portal\/?p=92475\" \/>\n<meta property=\"og:site_name\" content=\"Aconteceu no Vale\" \/>\n<meta property=\"article:publisher\" content=\"https:\/\/www.facebook.com\/aconteceunovale\/\" \/>\n<meta property=\"article:published_time\" content=\"2016-07-19T22:57:34+00:00\" \/>\n<meta property=\"og:image\" content=\"https:\/\/aconteceunovale.com.br\/portal\/wp-content\/uploads\/2016\/07\/homicidio_timoteo.jpg\" \/>\n\t<meta property=\"og:image:width\" content=\"678\" \/>\n\t<meta property=\"og:image:height\" content=\"425\" \/>\n\t<meta property=\"og:image:type\" content=\"image\/jpeg\" \/>\n<meta name=\"author\" content=\"Aconteceu no Vale\" \/>\n<meta name=\"twitter:card\" content=\"summary_large_image\" \/>\n<meta name=\"twitter:creator\" content=\"@noticiadosvales\" \/>\n<meta name=\"twitter:site\" content=\"@noticiadosvales\" \/>\n<meta name=\"twitter:label1\" content=\"Escrito por\" \/>\n\t<meta name=\"twitter:data1\" content=\"Aconteceu no Vale\" \/>\n\t<meta name=\"twitter:label2\" content=\"Est. tempo de leitura\" \/>\n\t<meta name=\"twitter:data2\" content=\"1 minuto\" \/>\n<script type=\"application\/ld+json\" class=\"yoast-schema-graph\">{\"@context\":\"https:\\\/\\\/schema.org\",\"@graph\":[{\"@type\":\"Article\",\"@id\":\"https:\\\/\\\/aconteceunovale.com.br\\\/portal\\\/?p=92475#article\",\"isPartOf\":{\"@id\":\"https:\\\/\\\/aconteceunovale.com.br\\\/portal\\\/?p=92475\"},\"author\":{\"name\":\"Aconteceu no Vale\",\"@id\":\"https:\\\/\\\/aconteceunovale.com.br\\\/portal\\\/#\\\/schema\\\/person\\\/633529146f2c94272bef50ac2953d589\"},\"headline\":\"Homem \u00e9 assassinado dentro de farm\u00e1cia em Tim\u00f3teo, no Vale do A\u00e7o\",\"datePublished\":\"2016-07-19T22:57:34+00:00\",\"mainEntityOfPage\":{\"@id\":\"https:\\\/\\\/aconteceunovale.com.br\\\/portal\\\/?p=92475\"},\"wordCount\":191,\"commentCount\":0,\"image\":{\"@id\":\"https:\\\/\\\/aconteceunovale.com.br\\\/portal\\\/?p=92475#primaryimage\"},\"thumbnailUrl\":\"https:\\\/\\\/aconteceunovale.com.br\\\/portal\\\/wp-content\\\/uploads\\\/2016\\\/07\\\/homicidio_timoteo.jpg\",\"keywords\":[\"assassinato Tim\u00f3teo\",\"Caratinga\",\"Homem \u00e9 assassinado dentro de farm\u00e1cia em Tim\u00f3teo\",\"Homem \u00e9 morto dentro de farm\u00e1cia em Tim\u00f3teo\",\"homic\u00eddio tim\u00f3teo\",\"morto em tim\u00f3teo\",\"Sebasti\u00e3o Marinho Neto\",\"Tarc\u00edsio Jos\u00e9 Fernandes\",\"Tim\u00f3teo\",\"viol\u00eancia tim\u00f3teo\"],\"articleSection\":[\"Leste de Minas\"],\"inLanguage\":\"pt-BR\",\"potentialAction\":[{\"@type\":\"CommentAction\",\"name\":\"Comment\",\"target\":[\"https:\\\/\\\/aconteceunovale.com.br\\\/portal\\\/?p=92475#respond\"]}]},{\"@type\":\"WebPage\",\"@id\":\"https:\\\/\\\/aconteceunovale.com.br\\\/portal\\\/?p=92475\",\"url\":\"https:\\\/\\\/aconteceunovale.com.br\\\/portal\\\/?p=92475\",\"name\":\"Homem \u00e9 assassinado dentro de farm\u00e1cia em Tim\u00f3teo, no Vale do A\u00e7o - Aconteceu no Vale\",\"isPartOf\":{\"@id\":\"https:\\\/\\\/aconteceunovale.com.br\\\/portal\\\/#website\"},\"primaryImageOfPage\":{\"@id\":\"https:\\\/\\\/aconteceunovale.com.br\\\/portal\\\/?p=92475#primaryimage\"},\"image\":{\"@id\":\"https:\\\/\\\/aconteceunovale.com.br\\\/portal\\\/?p=92475#primaryimage\"},\"thumbnailUrl\":\"https:\\\/\\\/aconteceunovale.com.br\\\/portal\\\/wp-content\\\/uploads\\\/2016\\\/07\\\/homicidio_timoteo.jpg\",\"datePublished\":\"2016-07-19T22:57:34+00:00\",\"author\":{\"@id\":\"https:\\\/\\\/aconteceunovale.com.br\\\/portal\\\/#\\\/schema\\\/person\\\/633529146f2c94272bef50ac2953d589\"},\"breadcrumb\":{\"@id\":\"https:\\\/\\\/aconteceunovale.com.br\\\/portal\\\/?p=92475#breadcrumb\"},\"inLanguage\":\"pt-BR\",\"potentialAction\":[{\"@type\":\"ReadAction\",\"target\":[\"https:\\\/\\\/aconteceunovale.com.br\\\/portal\\\/?p=92475\"]}]},{\"@type\":\"ImageObject\",\"inLanguage\":\"pt-BR\",\"@id\":\"https:\\\/\\\/aconteceunovale.com.br\\\/portal\\\/?p=92475#primaryimage\",\"url\":\"https:\\\/\\\/aconteceunovale.com.br\\\/portal\\\/wp-content\\\/uploads\\\/2016\\\/07\\\/homicidio_timoteo.jpg\",\"contentUrl\":\"https:\\\/\\\/aconteceunovale.com.br\\\/portal\\\/wp-content\\\/uploads\\\/2016\\\/07\\\/homicidio_timoteo.jpg\",\"width\":678,\"height\":425},{\"@type\":\"BreadcrumbList\",\"@id\":\"https:\\\/\\\/aconteceunovale.com.br\\\/portal\\\/?p=92475#breadcrumb\",\"itemListElement\":[{\"@type\":\"ListItem\",\"position\":1,\"name\":\"In\u00edcio\",\"item\":\"https:\\\/\\\/aconteceunovale.com.br\\\/portal\\\/\"},{\"@type\":\"ListItem\",\"position\":2,\"name\":\"Homem \u00e9 assassinado dentro de farm\u00e1cia em Tim\u00f3teo, no Vale do A\u00e7o\"}]},{\"@type\":\"WebSite\",\"@id\":\"https:\\\/\\\/aconteceunovale.com.br\\\/portal\\\/#website\",\"url\":\"https:\\\/\\\/aconteceunovale.com.br\\\/portal\\\/\",\"name\":\"Aconteceu no Vale\",\"description\":\"Portal de Not\u00edcias\",\"potentialAction\":[{\"@type\":\"SearchAction\",\"target\":{\"@type\":\"EntryPoint\",\"urlTemplate\":\"https:\\\/\\\/aconteceunovale.com.br\\\/portal\\\/?s={search_term_string}\"},\"query-input\":{\"@type\":\"PropertyValueSpecification\",\"valueRequired\":true,\"valueName\":\"search_term_string\"}}],\"inLanguage\":\"pt-BR\"},{\"@type\":\"Person\",\"@id\":\"https:\\\/\\\/aconteceunovale.com.br\\\/portal\\\/#\\\/schema\\\/person\\\/633529146f2c94272bef50ac2953d589\",\"name\":\"Aconteceu no Vale\",\"description\":\"Equipe de reportagem do Aconteceu no Vale, portal de not\u00edcias do Vale do Jequitinhonha, em Minas Gerais. Cobrimos as 51 cidades do Vale desde 2013. Sugest\u00f5es de pauta e pedidos de corre\u00e7\u00e3o: contato@aconteceunovale.com.br\",\"sameAs\":[\"http:\\\/\\\/www.aconteceunovale.com.br\"],\"url\":\"https:\\\/\\\/aconteceunovale.com.br\\\/portal\\\/?author=1\"}]}<\/script>\n<!-- \/ Yoast SEO plugin. -->","yoast_head_json":{"title":"Homem \u00e9 assassinado dentro de farm\u00e1cia em Tim\u00f3teo, no Vale do A\u00e7o - Aconteceu no Vale","robots":{"index":"index","follow":"follow","max-snippet":"max-snippet:-1","max-image-preview":"max-image-preview:large","max-video-preview":"max-video-preview:-1"},"canonical":"https:\/\/aconteceunovale.com.br\/portal\/?p=92475","og_locale":"pt_BR","og_type":"article","og_title":"Homem \u00e9 assassinado dentro de farm\u00e1cia em Tim\u00f3teo, no Vale do A\u00e7o - Aconteceu no Vale","og_description":"Um funcion\u00e1rio de uma farm\u00e1cia foi morto a tiros enquanto trabalhava nessa segunda-feira (18\/7), em Tim\u00f3teo, na Regi\u00e3o Metropolitana do Vale do A\u00e7o. Segundo informa\u00e7\u00f5es da Pol\u00edcia Militar (PM), a motiva\u00e7\u00e3o do crime seria uma d\u00edvida de R$ 200 mil referente a empr\u00e9stimos e financiamentos que a v\u00edtima Tarc\u00edsio Jos\u00e9 Fernandes, de 35 anos, tinha [&hellip;]","og_url":"https:\/\/aconteceunovale.com.br\/portal\/?p=92475","og_site_name":"Aconteceu no Vale","article_publisher":"https:\/\/www.facebook.com\/aconteceunovale\/","article_published_time":"2016-07-19T22:57:34+00:00","og_image":[{"width":678,"height":425,"url":"https:\/\/aconteceunovale.com.br\/portal\/wp-content\/uploads\/2016\/07\/homicidio_timoteo.jpg","type":"image\/jpeg"}],"author":"Aconteceu no Vale","twitter_card":"summary_large_image","twitter_creator":"@noticiadosvales","twitter_site":"@noticiadosvales","twitter_misc":{"Escrito por":"Aconteceu no Vale","Est. tempo de leitura":"1 minuto"},"schema":{"@context":"https:\/\/schema.org","@graph":[{"@type":"Article","@id":"https:\/\/aconteceunovale.com.br\/portal\/?p=92475#article","isPartOf":{"@id":"https:\/\/aconteceunovale.com.br\/portal\/?p=92475"},"author":{"name":"Aconteceu no Vale","@id":"https:\/\/aconteceunovale.com.br\/portal\/#\/schema\/person\/633529146f2c94272bef50ac2953d589"},"headline":"Homem \u00e9 assassinado dentro de farm\u00e1cia em Tim\u00f3teo, no Vale do A\u00e7o","datePublished":"2016-07-19T22:57:34+00:00","mainEntityOfPage":{"@id":"https:\/\/aconteceunovale.com.br\/portal\/?p=92475"},"wordCount":191,"commentCount":0,"image":{"@id":"https:\/\/aconteceunovale.com.br\/portal\/?p=92475#primaryimage"},"thumbnailUrl":"https:\/\/aconteceunovale.com.br\/portal\/wp-content\/uploads\/2016\/07\/homicidio_timoteo.jpg","keywords":["assassinato Tim\u00f3teo","Caratinga","Homem \u00e9 assassinado dentro de farm\u00e1cia em Tim\u00f3teo","Homem \u00e9 morto dentro de farm\u00e1cia em Tim\u00f3teo","homic\u00eddio tim\u00f3teo","morto em tim\u00f3teo","Sebasti\u00e3o Marinho Neto","Tarc\u00edsio Jos\u00e9 Fernandes","Tim\u00f3teo","viol\u00eancia tim\u00f3teo"],"articleSection":["Leste de Minas"],"inLanguage":"pt-BR","potentialAction":[{"@type":"CommentAction","name":"Comment","target":["https:\/\/aconteceunovale.com.br\/portal\/?p=92475#respond"]}]},{"@type":"WebPage","@id":"https:\/\/aconteceunovale.com.br\/portal\/?p=92475","url":"https:\/\/aconteceunovale.com.br\/portal\/?p=92475","name":"Homem \u00e9 assassinado dentro de farm\u00e1cia em Tim\u00f3teo, no Vale do A\u00e7o - Aconteceu no Vale","isPartOf":{"@id":"https:\/\/aconteceunovale.com.br\/portal\/#website"},"primaryImageOfPage":{"@id":"https:\/\/aconteceunovale.com.br\/portal\/?p=92475#primaryimage"},"image":{"@id":"https:\/\/aconteceunovale.com.br\/portal\/?p=92475#primaryimage"},"thumbnailUrl":"https:\/\/aconteceunovale.com.br\/portal\/wp-content\/uploads\/2016\/07\/homicidio_timoteo.jpg","datePublished":"2016-07-19T22:57:34+00:00","author":{"@id":"https:\/\/aconteceunovale.com.br\/portal\/#\/schema\/person\/633529146f2c94272bef50ac2953d589"},"breadcrumb":{"@id":"https:\/\/aconteceunovale.com.br\/portal\/?p=92475#breadcrumb"},"inLanguage":"pt-BR","potentialAction":[{"@type":"ReadAction","target":["https:\/\/aconteceunovale.com.br\/portal\/?p=92475"]}]},{"@type":"ImageObject","inLanguage":"pt-BR","@id":"https:\/\/aconteceunovale.com.br\/portal\/?p=92475#primaryimage","url":"https:\/\/aconteceunovale.com.br\/portal\/wp-content\/uploads\/2016\/07\/homicidio_timoteo.jpg","contentUrl":"https:\/\/aconteceunovale.com.br\/portal\/wp-content\/uploads\/2016\/07\/homicidio_timoteo.jpg","width":678,"height":425},{"@type":"BreadcrumbList","@id":"https:\/\/aconteceunovale.com.br\/portal\/?p=92475#breadcrumb","itemListElement":[{"@type":"ListItem","position":1,"name":"In\u00edcio","item":"https:\/\/aconteceunovale.com.br\/portal\/"},{"@type":"ListItem","position":2,"name":"Homem \u00e9 assassinado dentro de farm\u00e1cia em Tim\u00f3teo, no Vale do A\u00e7o"}]},{"@type":"WebSite","@id":"https:\/\/aconteceunovale.com.br\/portal\/#website","url":"https:\/\/aconteceunovale.com.br\/portal\/","name":"Aconteceu no Vale","description":"Portal de Not\u00edcias","potentialAction":[{"@type":"SearchAction","target":{"@type":"EntryPoint","urlTemplate":"https:\/\/aconteceunovale.com.br\/portal\/?s={search_term_string}"},"query-input":{"@type":"PropertyValueSpecification","valueRequired":true,"valueName":"search_term_string"}}],"inLanguage":"pt-BR"},{"@type":"Person","@id":"https:\/\/aconteceunovale.com.br\/portal\/#\/schema\/person\/633529146f2c94272bef50ac2953d589","name":"Aconteceu no Vale","description":"Equipe de reportagem do Aconteceu no Vale, portal de not\u00edcias do Vale do Jequitinhonha, em Minas Gerais. Cobrimos as 51 cidades do Vale desde 2013. Sugest\u00f5es de pauta e pedidos de corre\u00e7\u00e3o: contato@aconteceunovale.com.br","sameAs":["http:\/\/www.aconteceunovale.com.br"],"url":"https:\/\/aconteceunovale.com.br\/portal\/?author=1"}]}},"_links":{"self":[{"href":"https:\/\/aconteceunovale.com.br\/portal\/index.php?rest_route=\/wp\/v2\/posts\/92475","targetHints":{"allow":["GET"]}}],"collection":[{"href":"https:\/\/aconteceunovale.com.br\/portal\/index.php?rest_route=\/wp\/v2\/posts"}],"about":[{"href":"https:\/\/aconteceunovale.com.br\/portal\/index.php?rest_route=\/wp\/v2\/types\/post"}],"author":[{"embeddable":true,"href":"https:\/\/aconteceunovale.com.br\/portal\/index.php?rest_route=\/wp\/v2\/users\/1"}],"replies":[{"embeddable":true,"href":"https:\/\/aconteceunovale.com.br\/portal\/index.php?rest_route=%2Fwp%2Fv2%2Fcomments&post=92475"}],"version-history":[{"count":0,"href":"https:\/\/aconteceunovale.com.br\/portal\/index.php?rest_route=\/wp\/v2\/posts\/92475\/revisions"}],"wp:featuredmedia":[{"embeddable":true,"href":"https:\/\/aconteceunovale.com.br\/portal\/index.php?rest_route=\/wp\/v2\/media\/92476"}],"wp:attachment":[{"href":"https:\/\/aconteceunovale.com.br\/portal\/index.php?rest_route=%2Fwp%2Fv2%2Fmedia&parent=92475"}],"wp:term":[{"taxonomy":"category","embeddable":true,"href":"https:\/\/aconteceunovale.com.br\/portal\/index.php?rest_route=%2Fwp%2Fv2%2Fcategories&post=92475"},{"taxonomy":"post_tag","embeddable":true,"href":"https:\/\/aconteceunovale.com.br\/portal\/index.php?rest_route=%2Fwp%2Fv2%2Ftags&post=92475"}],"curies":[{"name":"wp","href":"https:\/\/api.w.org\/{rel}","templated":true}]}}