{"id":92472,"date":"2016-07-19T19:39:21","date_gmt":"2016-07-19T22:39:21","guid":{"rendered":"http:\/\/aconteceunovale.com.br\/portal\/?p=92472"},"modified":"2016-07-19T19:39:21","modified_gmt":"2016-07-19T22:39:21","slug":"apos-matar-desafeto-em-mantena-homem-coloca-corpo-em-cima-de-cama-e-vai-dormir","status":"publish","type":"post","link":"https:\/\/aconteceunovale.com.br\/portal\/?p=92472","title":{"rendered":"Ap\u00f3s matar desafeto em Mantena, homem coloca corpo em cima de cama e vai dormir"},"content":{"rendered":"<p>Um homem de 35 anos foi morto com uma facada no Bairro Oper\u00e1rios, em Mantena, munic\u00edpio do Vale do Rio Doce, nessa segunda-feira (18\/7). Segundo a Pol\u00edcia Militar (PM), a v\u00edtima morava na casa do autor e eles faziam uso de bebida alco\u00f3lica, quando se desentenderam. Vizinhos acionaram a PM, que encontrou o corpo de Genadir Fernandes em cima de uma cama. A faca utilizada no crime foi apreendida debaixo do travesseiro.<\/p>\n<p>Quando os policiais chegaram ao im\u00f3vel, o autor Wanderson Guilherme dos Reis, de 43 anos, estava dormindo em outro quarto, ao lado do local onde havia deixado o corpo. Ele foi preso em flagrante e encaminhado \u00e0 delegacia de Mantena.<\/p>\n<p>O homem disse \u00e0 PM que n\u00e3o se lembrava do que havia ocorrido durante a noite. A m\u00e3e dele, que tamb\u00e9m mora no im\u00f3vel, confirmou para a pol\u00edcia que o filho cometeu o crime e disse que eles j\u00e1 estavam se desentendendo h\u00e1 algum tempo. O corpo da v\u00edtima foi encaminhado ao Instituto M\u00e9dico Legal (IML).<\/p>\n<p><img decoding=\"async\" src=\"http:\/\/aconteceunovale.com.br\/portal\/wp-content\/uploads\/2016\/07\/homicidio_mantena.jpg\" alt=\"\" \/><em>Homem foi morto em uma casa do bairro Oper\u00e1rios (Foto: Site Informe Leste)<\/em><br \/>\n<\/br><\/p>\n<p><strong>Outro crime<\/strong><\/p>\n<p>A Pol\u00edcia Militar de Mantena procura por dois suspeitos de matar um homem de 38 anos nesse domingo (17), no Distrito de Limeira. Segundo testemunhas, a v\u00edtima Odilon Silva Siqueira estava dormindo em uma casa abandonada, quando os criminosos invadiram o local e atiraram contra ele.<\/p>\n<p>Ainda de acordo com a PM, o homem chegou a ser socorrido e encaminhado para um hospital, mas n\u00e3o resistiu aos ferimentos. O corpo dele foi levado para o IML. A motiva\u00e7\u00e3o do crime ainda est\u00e1 sendo apurada.<\/p>\n<p><em>(Fonte: G1 Vales de Minas Gerais)<\/em><\/p>\n","protected":false},"excerpt":{"rendered":"<p>Um homem de 35 anos foi morto com uma facada no Bairro Oper\u00e1rios, em Mantena, munic\u00edpio do Vale do Rio Doce, nessa segunda-feira (18\/7). Segundo a Pol\u00edcia Militar (PM), a v\u00edtima morava na casa do autor e eles faziam uso de bebida alco\u00f3lica, quando se desentenderam. Vizinhos acionaram a PM, que encontrou o corpo de [&hellip;]<\/p>\n","protected":false},"author":1,"featured_media":92473,"comment_status":"open","ping_status":"closed","sticky":false,"template":"","format":"standard","meta":{"amp_status":"","footnotes":""},"categories":[121],"tags":[105990,105993,105988,105991,105992,1516,105996,105994,105997,105995,105989],"class_list":["post-92472","post","type-post","status-publish","format-standard","has-post-thumbnail","hentry","category-leste","tag-apos-matar-desafeto-em-mantena","tag-assassinato-mantena","tag-genadir-fernandes","tag-homem-coloca-corpo-em-cima-de-cama-e-vai-dormir","tag-homicidio-mantena","tag-mantena","tag-morte-em-mantena","tag-morto-em-mantena","tag-odilon-silva-siqueira","tag-violencia-mantena","tag-wanderson-guilherme-dos-reis"],"yoast_head":"<!-- This site is optimized with the Yoast SEO plugin v28.3 - https:\/\/yoast.com\/product\/yoast-seo-wordpress\/ -->\n<title>Ap\u00f3s matar desafeto em Mantena, homem coloca corpo em cima de cama e vai dormir - Aconteceu no Vale<\/title>\n<meta name=\"robots\" content=\"index, follow, max-snippet:-1, max-image-preview:large, max-video-preview:-1\" \/>\n<link rel=\"canonical\" href=\"https:\/\/aconteceunovale.com.br\/portal\/?p=92472\" \/>\n<meta property=\"og:locale\" content=\"pt_BR\" \/>\n<meta property=\"og:type\" content=\"article\" \/>\n<meta property=\"og:title\" content=\"Ap\u00f3s matar desafeto em Mantena, homem coloca corpo em cima de cama e vai dormir - Aconteceu no Vale\" \/>\n<meta property=\"og:description\" content=\"Um homem de 35 anos foi morto com uma facada no Bairro Oper\u00e1rios, em Mantena, munic\u00edpio do Vale do Rio Doce, nessa segunda-feira (18\/7). Segundo a Pol\u00edcia Militar (PM), a v\u00edtima morava na casa do autor e eles faziam uso de bebida alco\u00f3lica, quando se desentenderam. Vizinhos acionaram a PM, que encontrou o corpo de [&hellip;]\" \/>\n<meta property=\"og:url\" content=\"https:\/\/aconteceunovale.com.br\/portal\/?p=92472\" \/>\n<meta property=\"og:site_name\" content=\"Aconteceu no Vale\" \/>\n<meta property=\"article:publisher\" content=\"https:\/\/www.facebook.com\/aconteceunovale\/\" \/>\n<meta property=\"article:published_time\" content=\"2016-07-19T22:39:21+00:00\" \/>\n<meta property=\"og:image\" content=\"https:\/\/aconteceunovale.com.br\/portal\/wp-content\/uploads\/2016\/07\/homicidio_mantena.jpg\" \/>\n\t<meta property=\"og:image:width\" content=\"678\" \/>\n\t<meta property=\"og:image:height\" content=\"383\" \/>\n\t<meta property=\"og:image:type\" content=\"image\/jpeg\" \/>\n<meta name=\"author\" content=\"Aconteceu no Vale\" \/>\n<meta name=\"twitter:card\" content=\"summary_large_image\" \/>\n<meta name=\"twitter:creator\" content=\"@noticiadosvales\" \/>\n<meta name=\"twitter:site\" content=\"@noticiadosvales\" \/>\n<meta name=\"twitter:label1\" content=\"Escrito por\" \/>\n\t<meta name=\"twitter:data1\" content=\"Aconteceu no Vale\" \/>\n\t<meta name=\"twitter:label2\" content=\"Est. tempo de leitura\" \/>\n\t<meta name=\"twitter:data2\" content=\"1 minuto\" \/>\n<script type=\"application\/ld+json\" class=\"yoast-schema-graph\">{\"@context\":\"https:\\\/\\\/schema.org\",\"@graph\":[{\"@type\":\"Article\",\"@id\":\"https:\\\/\\\/aconteceunovale.com.br\\\/portal\\\/?p=92472#article\",\"isPartOf\":{\"@id\":\"https:\\\/\\\/aconteceunovale.com.br\\\/portal\\\/?p=92472\"},\"author\":{\"name\":\"Aconteceu no Vale\",\"@id\":\"https:\\\/\\\/aconteceunovale.com.br\\\/portal\\\/#\\\/schema\\\/person\\\/633529146f2c94272bef50ac2953d589\"},\"headline\":\"Ap\u00f3s matar desafeto em Mantena, homem coloca corpo em cima de cama e vai dormir\",\"datePublished\":\"2016-07-19T22:39:21+00:00\",\"mainEntityOfPage\":{\"@id\":\"https:\\\/\\\/aconteceunovale.com.br\\\/portal\\\/?p=92472\"},\"wordCount\":300,\"commentCount\":0,\"image\":{\"@id\":\"https:\\\/\\\/aconteceunovale.com.br\\\/portal\\\/?p=92472#primaryimage\"},\"thumbnailUrl\":\"https:\\\/\\\/aconteceunovale.com.br\\\/portal\\\/wp-content\\\/uploads\\\/2016\\\/07\\\/homicidio_mantena.jpg\",\"keywords\":[\"Ap\u00f3s matar desafeto em Mantena\",\"assassinato Mantena\",\"Genadir Fernandes\",\"homem coloca corpo em cima de cama e vai dormir\",\"homic\u00eddio Mantena\",\"Mantena\",\"morte em Mantena\",\"morto em Mantena\",\"Odilon Silva Siqueira\",\"viol\u00eancia Mantena\",\"Wanderson Guilherme dos Reis\"],\"articleSection\":[\"Leste de Minas\"],\"inLanguage\":\"pt-BR\",\"potentialAction\":[{\"@type\":\"CommentAction\",\"name\":\"Comment\",\"target\":[\"https:\\\/\\\/aconteceunovale.com.br\\\/portal\\\/?p=92472#respond\"]}]},{\"@type\":\"WebPage\",\"@id\":\"https:\\\/\\\/aconteceunovale.com.br\\\/portal\\\/?p=92472\",\"url\":\"https:\\\/\\\/aconteceunovale.com.br\\\/portal\\\/?p=92472\",\"name\":\"Ap\u00f3s matar desafeto em Mantena, homem coloca corpo em cima de cama e vai dormir - Aconteceu no Vale\",\"isPartOf\":{\"@id\":\"https:\\\/\\\/aconteceunovale.com.br\\\/portal\\\/#website\"},\"primaryImageOfPage\":{\"@id\":\"https:\\\/\\\/aconteceunovale.com.br\\\/portal\\\/?p=92472#primaryimage\"},\"image\":{\"@id\":\"https:\\\/\\\/aconteceunovale.com.br\\\/portal\\\/?p=92472#primaryimage\"},\"thumbnailUrl\":\"https:\\\/\\\/aconteceunovale.com.br\\\/portal\\\/wp-content\\\/uploads\\\/2016\\\/07\\\/homicidio_mantena.jpg\",\"datePublished\":\"2016-07-19T22:39:21+00:00\",\"author\":{\"@id\":\"https:\\\/\\\/aconteceunovale.com.br\\\/portal\\\/#\\\/schema\\\/person\\\/633529146f2c94272bef50ac2953d589\"},\"breadcrumb\":{\"@id\":\"https:\\\/\\\/aconteceunovale.com.br\\\/portal\\\/?p=92472#breadcrumb\"},\"inLanguage\":\"pt-BR\",\"potentialAction\":[{\"@type\":\"ReadAction\",\"target\":[\"https:\\\/\\\/aconteceunovale.com.br\\\/portal\\\/?p=92472\"]}]},{\"@type\":\"ImageObject\",\"inLanguage\":\"pt-BR\",\"@id\":\"https:\\\/\\\/aconteceunovale.com.br\\\/portal\\\/?p=92472#primaryimage\",\"url\":\"https:\\\/\\\/aconteceunovale.com.br\\\/portal\\\/wp-content\\\/uploads\\\/2016\\\/07\\\/homicidio_mantena.jpg\",\"contentUrl\":\"https:\\\/\\\/aconteceunovale.com.br\\\/portal\\\/wp-content\\\/uploads\\\/2016\\\/07\\\/homicidio_mantena.jpg\",\"width\":678,\"height\":383},{\"@type\":\"BreadcrumbList\",\"@id\":\"https:\\\/\\\/aconteceunovale.com.br\\\/portal\\\/?p=92472#breadcrumb\",\"itemListElement\":[{\"@type\":\"ListItem\",\"position\":1,\"name\":\"In\u00edcio\",\"item\":\"https:\\\/\\\/aconteceunovale.com.br\\\/portal\\\/\"},{\"@type\":\"ListItem\",\"position\":2,\"name\":\"Ap\u00f3s matar desafeto em Mantena, homem coloca corpo em cima de cama e vai dormir\"}]},{\"@type\":\"WebSite\",\"@id\":\"https:\\\/\\\/aconteceunovale.com.br\\\/portal\\\/#website\",\"url\":\"https:\\\/\\\/aconteceunovale.com.br\\\/portal\\\/\",\"name\":\"Aconteceu no Vale\",\"description\":\"Portal de Not\u00edcias\",\"potentialAction\":[{\"@type\":\"SearchAction\",\"target\":{\"@type\":\"EntryPoint\",\"urlTemplate\":\"https:\\\/\\\/aconteceunovale.com.br\\\/portal\\\/?s={search_term_string}\"},\"query-input\":{\"@type\":\"PropertyValueSpecification\",\"valueRequired\":true,\"valueName\":\"search_term_string\"}}],\"inLanguage\":\"pt-BR\"},{\"@type\":\"Person\",\"@id\":\"https:\\\/\\\/aconteceunovale.com.br\\\/portal\\\/#\\\/schema\\\/person\\\/633529146f2c94272bef50ac2953d589\",\"name\":\"Aconteceu no Vale\",\"description\":\"Equipe de reportagem do Aconteceu no Vale, portal de not\u00edcias do Vale do Jequitinhonha, em Minas Gerais. Cobrimos as 51 cidades do Vale desde 2013. Sugest\u00f5es de pauta e pedidos de corre\u00e7\u00e3o: contato@aconteceunovale.com.br\",\"sameAs\":[\"http:\\\/\\\/www.aconteceunovale.com.br\"],\"url\":\"https:\\\/\\\/aconteceunovale.com.br\\\/portal\\\/?author=1\"}]}<\/script>\n<!-- \/ Yoast SEO plugin. -->","yoast_head_json":{"title":"Ap\u00f3s matar desafeto em Mantena, homem coloca corpo em cima de cama e vai dormir - Aconteceu no Vale","robots":{"index":"index","follow":"follow","max-snippet":"max-snippet:-1","max-image-preview":"max-image-preview:large","max-video-preview":"max-video-preview:-1"},"canonical":"https:\/\/aconteceunovale.com.br\/portal\/?p=92472","og_locale":"pt_BR","og_type":"article","og_title":"Ap\u00f3s matar desafeto em Mantena, homem coloca corpo em cima de cama e vai dormir - Aconteceu no Vale","og_description":"Um homem de 35 anos foi morto com uma facada no Bairro Oper\u00e1rios, em Mantena, munic\u00edpio do Vale do Rio Doce, nessa segunda-feira (18\/7). Segundo a Pol\u00edcia Militar (PM), a v\u00edtima morava na casa do autor e eles faziam uso de bebida alco\u00f3lica, quando se desentenderam. Vizinhos acionaram a PM, que encontrou o corpo de [&hellip;]","og_url":"https:\/\/aconteceunovale.com.br\/portal\/?p=92472","og_site_name":"Aconteceu no Vale","article_publisher":"https:\/\/www.facebook.com\/aconteceunovale\/","article_published_time":"2016-07-19T22:39:21+00:00","og_image":[{"width":678,"height":383,"url":"https:\/\/aconteceunovale.com.br\/portal\/wp-content\/uploads\/2016\/07\/homicidio_mantena.jpg","type":"image\/jpeg"}],"author":"Aconteceu no Vale","twitter_card":"summary_large_image","twitter_creator":"@noticiadosvales","twitter_site":"@noticiadosvales","twitter_misc":{"Escrito por":"Aconteceu no Vale","Est. tempo de leitura":"1 minuto"},"schema":{"@context":"https:\/\/schema.org","@graph":[{"@type":"Article","@id":"https:\/\/aconteceunovale.com.br\/portal\/?p=92472#article","isPartOf":{"@id":"https:\/\/aconteceunovale.com.br\/portal\/?p=92472"},"author":{"name":"Aconteceu no Vale","@id":"https:\/\/aconteceunovale.com.br\/portal\/#\/schema\/person\/633529146f2c94272bef50ac2953d589"},"headline":"Ap\u00f3s matar desafeto em Mantena, homem coloca corpo em cima de cama e vai dormir","datePublished":"2016-07-19T22:39:21+00:00","mainEntityOfPage":{"@id":"https:\/\/aconteceunovale.com.br\/portal\/?p=92472"},"wordCount":300,"commentCount":0,"image":{"@id":"https:\/\/aconteceunovale.com.br\/portal\/?p=92472#primaryimage"},"thumbnailUrl":"https:\/\/aconteceunovale.com.br\/portal\/wp-content\/uploads\/2016\/07\/homicidio_mantena.jpg","keywords":["Ap\u00f3s matar desafeto em Mantena","assassinato Mantena","Genadir Fernandes","homem coloca corpo em cima de cama e vai dormir","homic\u00eddio Mantena","Mantena","morte em Mantena","morto em Mantena","Odilon Silva Siqueira","viol\u00eancia Mantena","Wanderson Guilherme dos Reis"],"articleSection":["Leste de Minas"],"inLanguage":"pt-BR","potentialAction":[{"@type":"CommentAction","name":"Comment","target":["https:\/\/aconteceunovale.com.br\/portal\/?p=92472#respond"]}]},{"@type":"WebPage","@id":"https:\/\/aconteceunovale.com.br\/portal\/?p=92472","url":"https:\/\/aconteceunovale.com.br\/portal\/?p=92472","name":"Ap\u00f3s matar desafeto em Mantena, homem coloca corpo em cima de cama e vai dormir - Aconteceu no Vale","isPartOf":{"@id":"https:\/\/aconteceunovale.com.br\/portal\/#website"},"primaryImageOfPage":{"@id":"https:\/\/aconteceunovale.com.br\/portal\/?p=92472#primaryimage"},"image":{"@id":"https:\/\/aconteceunovale.com.br\/portal\/?p=92472#primaryimage"},"thumbnailUrl":"https:\/\/aconteceunovale.com.br\/portal\/wp-content\/uploads\/2016\/07\/homicidio_mantena.jpg","datePublished":"2016-07-19T22:39:21+00:00","author":{"@id":"https:\/\/aconteceunovale.com.br\/portal\/#\/schema\/person\/633529146f2c94272bef50ac2953d589"},"breadcrumb":{"@id":"https:\/\/aconteceunovale.com.br\/portal\/?p=92472#breadcrumb"},"inLanguage":"pt-BR","potentialAction":[{"@type":"ReadAction","target":["https:\/\/aconteceunovale.com.br\/portal\/?p=92472"]}]},{"@type":"ImageObject","inLanguage":"pt-BR","@id":"https:\/\/aconteceunovale.com.br\/portal\/?p=92472#primaryimage","url":"https:\/\/aconteceunovale.com.br\/portal\/wp-content\/uploads\/2016\/07\/homicidio_mantena.jpg","contentUrl":"https:\/\/aconteceunovale.com.br\/portal\/wp-content\/uploads\/2016\/07\/homicidio_mantena.jpg","width":678,"height":383},{"@type":"BreadcrumbList","@id":"https:\/\/aconteceunovale.com.br\/portal\/?p=92472#breadcrumb","itemListElement":[{"@type":"ListItem","position":1,"name":"In\u00edcio","item":"https:\/\/aconteceunovale.com.br\/portal\/"},{"@type":"ListItem","position":2,"name":"Ap\u00f3s matar desafeto em Mantena, homem coloca corpo em cima de cama e vai dormir"}]},{"@type":"WebSite","@id":"https:\/\/aconteceunovale.com.br\/portal\/#website","url":"https:\/\/aconteceunovale.com.br\/portal\/","name":"Aconteceu no Vale","description":"Portal de Not\u00edcias","potentialAction":[{"@type":"SearchAction","target":{"@type":"EntryPoint","urlTemplate":"https:\/\/aconteceunovale.com.br\/portal\/?s={search_term_string}"},"query-input":{"@type":"PropertyValueSpecification","valueRequired":true,"valueName":"search_term_string"}}],"inLanguage":"pt-BR"},{"@type":"Person","@id":"https:\/\/aconteceunovale.com.br\/portal\/#\/schema\/person\/633529146f2c94272bef50ac2953d589","name":"Aconteceu no Vale","description":"Equipe de reportagem do Aconteceu no Vale, portal de not\u00edcias do Vale do Jequitinhonha, em Minas Gerais. Cobrimos as 51 cidades do Vale desde 2013. Sugest\u00f5es de pauta e pedidos de corre\u00e7\u00e3o: contato@aconteceunovale.com.br","sameAs":["http:\/\/www.aconteceunovale.com.br"],"url":"https:\/\/aconteceunovale.com.br\/portal\/?author=1"}]}},"_links":{"self":[{"href":"https:\/\/aconteceunovale.com.br\/portal\/index.php?rest_route=\/wp\/v2\/posts\/92472","targetHints":{"allow":["GET"]}}],"collection":[{"href":"https:\/\/aconteceunovale.com.br\/portal\/index.php?rest_route=\/wp\/v2\/posts"}],"about":[{"href":"https:\/\/aconteceunovale.com.br\/portal\/index.php?rest_route=\/wp\/v2\/types\/post"}],"author":[{"embeddable":true,"href":"https:\/\/aconteceunovale.com.br\/portal\/index.php?rest_route=\/wp\/v2\/users\/1"}],"replies":[{"embeddable":true,"href":"https:\/\/aconteceunovale.com.br\/portal\/index.php?rest_route=%2Fwp%2Fv2%2Fcomments&post=92472"}],"version-history":[{"count":0,"href":"https:\/\/aconteceunovale.com.br\/portal\/index.php?rest_route=\/wp\/v2\/posts\/92472\/revisions"}],"wp:featuredmedia":[{"embeddable":true,"href":"https:\/\/aconteceunovale.com.br\/portal\/index.php?rest_route=\/wp\/v2\/media\/92473"}],"wp:attachment":[{"href":"https:\/\/aconteceunovale.com.br\/portal\/index.php?rest_route=%2Fwp%2Fv2%2Fmedia&parent=92472"}],"wp:term":[{"taxonomy":"category","embeddable":true,"href":"https:\/\/aconteceunovale.com.br\/portal\/index.php?rest_route=%2Fwp%2Fv2%2Fcategories&post=92472"},{"taxonomy":"post_tag","embeddable":true,"href":"https:\/\/aconteceunovale.com.br\/portal\/index.php?rest_route=%2Fwp%2Fv2%2Ftags&post=92472"}],"curies":[{"name":"wp","href":"https:\/\/api.w.org\/{rel}","templated":true}]}}