{"id":92388,"date":"2016-07-19T09:50:46","date_gmt":"2016-07-19T12:50:46","guid":{"rendered":"http:\/\/aconteceunovale.com.br\/portal\/?p=92388"},"modified":"2016-07-19T09:50:46","modified_gmt":"2016-07-19T12:50:46","slug":"previsao-do-tempo-para-minas-gerais-nesta-terca-feira-19-de-julho","status":"publish","type":"post","link":"https:\/\/aconteceunovale.com.br\/portal\/?p=92388","title":{"rendered":"Previs\u00e3o do tempo para Minas Gerais, nesta ter\u00e7a-feira, 19 de julho"},"content":{"rendered":"<h4><strong><em>Massa de ar frio mant\u00e9m temperatura em queda no Sul, Centro, Sudeste, Oeste e Leste do estado. Na capital, m\u00e1xima chega a 26 graus.<\/em><\/strong><\/h4>\n<p>Nesta ter\u00e7a-feira (19\/7) o tempo ser\u00e1 de c\u00e9u parcialmente nublado, com chuviscos isolados no Sudeste e Leste de Minas Gerais. Devido \u00e0 presen\u00e7a de uma massa de ar frio sobre a regi\u00e3o, a temperatura deve sofrer decl\u00ednio, especialmente no Sul, Centro, Sudeste, Oeste e Leste mineiro.<\/p>\n<p>Nas outras regi\u00f5es do estado o dia segue com tempo ensolarado e baixa umidade do ar \u00e0 tarde. De acordo com o TempoClima PUC Minas, o ar seco continental deixa a umidade do ar abaixo de 30%, especialmente sobre o Norte, Oeste e Noroeste.<\/p>\n<p>Em Belo Horizonte, temperatura entre 12\u00b0C e 26\u00b0C, com umidade em torno dos 30% \u00e0s 15h. Para os pr\u00f3ximos dias h\u00e1 condi\u00e7\u00f5es para forma\u00e7\u00e3o de geada em \u00e1reas isoladas do Sul do estado.<\/p>\n","protected":false},"excerpt":{"rendered":"<p>Massa de ar frio mant\u00e9m temperatura em queda no Sul, Centro, Sudeste, Oeste e Leste do estado. Na capital, m\u00e1xima chega a 26 graus. Nesta ter\u00e7a-feira (19\/7) o tempo ser\u00e1 de c\u00e9u parcialmente nublado, com chuviscos isolados no Sudeste e Leste de Minas Gerais. Devido \u00e0 presen\u00e7a de uma massa de ar frio sobre a [&hellip;]<\/p>\n","protected":false},"author":1,"featured_media":82499,"comment_status":"open","ping_status":"closed","sticky":false,"template":"","format":"standard","meta":{"amp_status":"","footnotes":""},"categories":[123],"tags":[105846,194,131,36891,1956,27340,105851,87017,105850,1839,105848,28255,105847,105849],"class_list":["post-92388","post","type-post","status-publish","format-standard","has-post-thumbnail","hentry","category-gerais","tag-19-de-julho","tag-belo-horizonte","tag-minas-gerais","tag-nesta-terca-feira","tag-previsao-do-tempo","tag-previsao-do-tempo-para-belo-horizonte","tag-previsao-do-tempo-para-belo-horizonte-19-de-julho","tag-previsao-do-tempo-para-belo-horizonte-nesta-terca-feira","tag-previsao-do-tempo-para-belo-horizonte-nesta-terca-feira-19-de-julho","tag-previsao-do-tempo-para-minas-gerais","tag-previsao-do-tempo-para-minas-gerais-19-de-julho","tag-previsao-do-tempo-para-minas-gerais-nesta-terca-feira","tag-previsao-do-tempo-para-minas-gerais-nesta-terca-feira-19-de-julho","tag-terca-feira-19-de-julho"],"_links":{"self":[{"href":"https:\/\/aconteceunovale.com.br\/portal\/index.php?rest_route=\/wp\/v2\/posts\/92388","targetHints":{"allow":["GET"]}}],"collection":[{"href":"https:\/\/aconteceunovale.com.br\/portal\/index.php?rest_route=\/wp\/v2\/posts"}],"about":[{"href":"https:\/\/aconteceunovale.com.br\/portal\/index.php?rest_route=\/wp\/v2\/types\/post"}],"author":[{"embeddable":true,"href":"https:\/\/aconteceunovale.com.br\/portal\/index.php?rest_route=\/wp\/v2\/users\/1"}],"replies":[{"embeddable":true,"href":"https:\/\/aconteceunovale.com.br\/portal\/index.php?rest_route=%2Fwp%2Fv2%2Fcomments&post=92388"}],"version-history":[{"count":0,"href":"https:\/\/aconteceunovale.com.br\/portal\/index.php?rest_route=\/wp\/v2\/posts\/92388\/revisions"}],"wp:featuredmedia":[{"embeddable":true,"href":"https:\/\/aconteceunovale.com.br\/portal\/index.php?rest_route=\/wp\/v2\/media\/82499"}],"wp:attachment":[{"href":"https:\/\/aconteceunovale.com.br\/portal\/index.php?rest_route=%2Fwp%2Fv2%2Fmedia&parent=92388"}],"wp:term":[{"taxonomy":"category","embeddable":true,"href":"https:\/\/aconteceunovale.com.br\/portal\/index.php?rest_route=%2Fwp%2Fv2%2Fcategories&post=92388"},{"taxonomy":"post_tag","embeddable":true,"href":"https:\/\/aconteceunovale.com.br\/portal\/index.php?rest_route=%2Fwp%2Fv2%2Ftags&post=92388"}],"curies":[{"name":"wp","href":"https:\/\/api.w.org\/{rel}","templated":true}]}}