{"id":92380,"date":"2016-07-18T22:57:13","date_gmt":"2016-07-19T01:57:13","guid":{"rendered":"http:\/\/aconteceunovale.com.br\/portal\/?p=92380"},"modified":"2016-07-18T22:57:13","modified_gmt":"2016-07-19T01:57:13","slug":"minas-gerais-realiza-mutirao-para-regularizar-dividas-do-credito-fundiario-de-1-500-familias","status":"publish","type":"post","link":"https:\/\/aconteceunovale.com.br\/portal\/?p=92380","title":{"rendered":"Minas Gerais realiza mutir\u00e3o para regularizar d\u00edvidas do cr\u00e9dito fundi\u00e1rio de 1.500 fam\u00edlias"},"content":{"rendered":"<p>Mutir\u00e3o realizado pela Secretaria de Estado de Desenvolvimento Agr\u00e1rio (Seda) para regularizar d\u00edvidas de cr\u00e9dito fundi\u00e1rio atendeu, at\u00e9 o m\u00eas passado, cerca de 1.500 fam\u00edlias. Os atendimentos aconteceram em 16 munic\u00edpios de quatro territ\u00f3rios de desenvolvimento do e Minas Gerais. A a\u00e7\u00e3o beneficiou usu\u00e1rios do Programa Nacional de Cr\u00e9dito Fundi\u00e1rio (PNCF), Banco da Terra e C\u00e9dula da Terra inadimplentes at\u00e9 2012, e contou com a parceria do Banco do Nordeste e do Banco do Brasil.<\/p>\n<p>\u201cOs benefici\u00e1rios do cr\u00e9dito fundi\u00e1rio contrataram a proposta h\u00e1 muitos anos e algumas fam\u00edlias n\u00e3o conseguiram pagar suas parcelas. Sem essa renegocia\u00e7\u00e3o, dificilmente elas conseguiriam pagar toda a d\u00edvida\u201d, disse o coordenador de Regulariza\u00e7\u00e3o da Diretoria de Cr\u00e9dito Fundi\u00e1rio, Carlos Nonato. Ao final, 59 propostas foram encaminhadas aos agentes financeiros para a renegocia\u00e7\u00e3o. <\/p>\n<p>Segundo o t\u00e9cnico da Seda, Minas Gerais \u00e9 um estado que apresenta propostas coletivas e associativas, diferente de alguns estados com perfis individuais. Noroeste, Tri\u00e2ngulo Mineiro, Rio Doce e Norte de Minas foram as regi\u00f5es que receberam o mutir\u00e3o de regulariza\u00e7\u00e3o de d\u00edvidas. Os munic\u00edpios visitados foram: Ja\u00edba, Verdel\u00e2ndia, Jana\u00faba, Nova Porteirinha, Resplendor, S\u00e3o Geraldo do Baixo, Ituiutaba, Monte Alegre de Minas, Arinos, Montes Claros, Bonfin\u00f3polis de Minas, Jo\u00e3o Pinheiro, Uberaba, Uberl\u00e2ndia, Campo Florido e Divisa Nova.<\/p>\n<p>A partir da renegocia\u00e7\u00e3o, as fam\u00edlias inadimplentes podem regularizar o quadro social. \u201cPessoas que n\u00e3o estavam na escritura v\u00e3o poder ingressar-se e podem, inclusive, participar do Programa Nacional de Fortalecimento da Agricultura Familiar (Pronaf)\u201d, disse Nonato.<\/p>\n<p>O prazo para os benefici\u00e1rios entregarem a documenta\u00e7\u00e3o venceu no dia 30 de junho \u00faltimo. N\u00e3o h\u00e1 outra data para renegocia\u00e7\u00e3o de d\u00edvidas nem entrega de documentos. Caso n\u00e3o haja o pagamento da d\u00edvida, as fam\u00edlias podem sofrer consequ\u00eancias como a execu\u00e7\u00e3o da d\u00edvida, podendo acarretar na penhora da terra. <\/p>\n<p>\u201cO mesmo vale para as fam\u00edlias que renegociaram a d\u00edvida at\u00e9 junho. Por isso, agricultores familiares devem ficar atentos aos novos prazos de pagamento do plano de renegocia\u00e7\u00e3o\u201d, concluiu Nonato.<\/p>\n<p><img decoding=\"async\" src=\"http:\/\/aconteceunovale.com.br\/portal\/wp-content\/uploads\/2016\/07\/EDT_Seda.jpg\" alt=\"\" \/><em>A partir da renegocia\u00e7\u00e3o, as fam\u00edlias inadimplentes podem se regularizar (Divulga\u00e7\u00e3o\/Seda)<\/em><br \/>\n<\/br><\/p>\n<p><em>(Ag\u00eancia Minas)<\/em><\/p>\n","protected":false},"excerpt":{"rendered":"<p>Mutir\u00e3o realizado pela Secretaria de Estado de Desenvolvimento Agr\u00e1rio (Seda) para regularizar d\u00edvidas de cr\u00e9dito fundi\u00e1rio atendeu, at\u00e9 o m\u00eas passado, cerca de 1.500 fam\u00edlias. Os atendimentos aconteceram em 16 munic\u00edpios de quatro territ\u00f3rios de desenvolvimento do e Minas Gerais. A a\u00e7\u00e3o beneficiou usu\u00e1rios do Programa Nacional de Cr\u00e9dito Fundi\u00e1rio (PNCF), Banco da Terra e [&hellip;]<\/p>\n","protected":false},"author":1,"featured_media":92381,"comment_status":"open","ping_status":"closed","sticky":false,"template":"","format":"standard","meta":{"amp_status":"","footnotes":""},"categories":[123],"tags":[253,1537,1616,105824,105825,30026,105828,203,1058,204,1538,105829,2381,210,1805,105826,309,105827,220,221,1814],"class_list":["post-92380","post","type-post","status-publish","format-standard","has-post-thumbnail","hentry","category-gerais","tag-arinos","tag-bonfinopolis-de-minas","tag-campo-florido","tag-dividas-de-credito-fundiario","tag-dividas-de-credito-fundiario-em-minas-gerais","tag-divisa-nova","tag-estado-realiza-mutirao-para-regularizar-dividas-do-credito-fundiario-de-1-500-familias-mineiras","tag-ituiutaba","tag-jaiba","tag-janauba","tag-joao-pinheiro","tag-minas-gerais-realiza-mutirao-para-regularizar-dividas-do-credito-fundiario-de-1-500-familias","tag-monte-alegre-de-minas","tag-montes-claros","tag-nova-porteirinha","tag-regularizacao-de-dividas-de-credito-fundiario-em-minas-gerais","tag-resplendor","tag-sao-geraldo-do-baixo","tag-uberaba","tag-uberlandia","tag-verdelandia"],"_links":{"self":[{"href":"https:\/\/aconteceunovale.com.br\/portal\/index.php?rest_route=\/wp\/v2\/posts\/92380","targetHints":{"allow":["GET"]}}],"collection":[{"href":"https:\/\/aconteceunovale.com.br\/portal\/index.php?rest_route=\/wp\/v2\/posts"}],"about":[{"href":"https:\/\/aconteceunovale.com.br\/portal\/index.php?rest_route=\/wp\/v2\/types\/post"}],"author":[{"embeddable":true,"href":"https:\/\/aconteceunovale.com.br\/portal\/index.php?rest_route=\/wp\/v2\/users\/1"}],"replies":[{"embeddable":true,"href":"https:\/\/aconteceunovale.com.br\/portal\/index.php?rest_route=%2Fwp%2Fv2%2Fcomments&post=92380"}],"version-history":[{"count":0,"href":"https:\/\/aconteceunovale.com.br\/portal\/index.php?rest_route=\/wp\/v2\/posts\/92380\/revisions"}],"wp:featuredmedia":[{"embeddable":true,"href":"https:\/\/aconteceunovale.com.br\/portal\/index.php?rest_route=\/wp\/v2\/media\/92381"}],"wp:attachment":[{"href":"https:\/\/aconteceunovale.com.br\/portal\/index.php?rest_route=%2Fwp%2Fv2%2Fmedia&parent=92380"}],"wp:term":[{"taxonomy":"category","embeddable":true,"href":"https:\/\/aconteceunovale.com.br\/portal\/index.php?rest_route=%2Fwp%2Fv2%2Fcategories&post=92380"},{"taxonomy":"post_tag","embeddable":true,"href":"https:\/\/aconteceunovale.com.br\/portal\/index.php?rest_route=%2Fwp%2Fv2%2Ftags&post=92380"}],"curies":[{"name":"wp","href":"https:\/\/api.w.org\/{rel}","templated":true}]}}