{"id":92358,"date":"2016-07-18T21:12:46","date_gmt":"2016-07-19T00:12:46","guid":{"rendered":"http:\/\/aconteceunovale.com.br\/portal\/?p=92358"},"modified":"2016-07-18T21:12:46","modified_gmt":"2016-07-19T00:12:46","slug":"acougueiro-de-coronel-fabriciano-denuncia-reporter-por-crime-de-racismo-na-internet","status":"publish","type":"post","link":"https:\/\/aconteceunovale.com.br\/portal\/?p=92358","title":{"rendered":"A\u00e7ougueiro de Coronel Fabriciano denuncia rep\u00f3rter por crime de racismo na internet"},"content":{"rendered":"<p>Um suposto coment\u00e1rio racista nas redes sociais est\u00e1 gerando pol\u00eamica na cidade de Coronel Fabriciano, na Regi\u00e3o Metropolitana do Vale do A\u00e7o. Uma rep\u00f3rter da cidade est\u00e1 sendo processada por um a\u00e7ougueiro que teve um coment\u00e1rio pol\u00edtico respondido com ofensas racistas. Ela alega que teve a conta invadida. <\/p>\n<p>De acordo com a rep\u00f3rter Tatiane Souza, ela j\u00e1 fez um boletim de ocorr\u00eancia denunciando a invas\u00e3o. O caso aconteceu no \u00faltimo dia 9 quando ela publicou em sua conta no Facebook fotos de um evento de imprensa. No dia seguinte, segundo relata, ela n\u00e3o conseguiu mais acessar a sua conta.<\/p>\n<p>&#8220;Estou imensamente abalada com isso. Quando acordei no dia 10 uma colega me ligou dizendo o que estava acontecendo e eu n\u00e3o conseguia acessar a minha conta com a minha senha para verificar. Eu nunca disse aquilo e ele sabe disso, nos conhecemos h\u00e1 20 anos. O meu pai e o pai dos meus filhos \u00e9 negro, n\u00e3o faz o menos sentido eu ter dito isto&#8221;, conta.<\/p>\n<p>Segundo a rep\u00f3rter, ela j\u00e1 recebeu at\u00e9 amea\u00e7as de morte pelo WhatsApp depois do ocorrido. &#8220;Algumas mensagens dizem que v\u00e3o tacar foco em mim para eu ficar preta igual a ele&#8221;, diz.<\/p>\n<p>O denunciante e a\u00e7ougueiro Jo\u00e3o Batista de Souza, de 42 anos, n\u00e3o acredita que a conta tenha sido invadida. &#8220;Eu estava na p\u00e1gina dela e por conhecer ela h\u00e1 muito tempo me achei no direito de cobrar porque ela estava no meio daquele pessoal, eu nem sabia que ela tinha liga\u00e7\u00e3o com o Partido dos Trabalhadores. Ela respondeu que estava em um evento de jornalismo e eu continuei falando com ela at\u00e9 que ela disse que eu estava com inveja, e eu respondi que nunca ia querer estar no meio de petistas e comecei a mandar mensagens pol\u00edticas&#8221;, explica.<\/p>\n<p>Ele acredita que \u00e9 muito dif\u00edcil que a conta dela tenha sido invadida porque &#8220;hoje em dia existe como bloquear o acesso de invasores&#8221;, explica.<\/p>\n<p>O a\u00e7ougueiro fez uma den\u00fancia no f\u00f3rum local sobre inj\u00faria racial e o processo j\u00e1 tramita no Tribunal de Justi\u00e7a de Minas Gerais (TJMG). Uma audi\u00eancia de concilia\u00e7\u00e3o entre as partes envolvidas foi marcada para o dia 29 de agosto.<\/p>\n<p><img decoding=\"async\" src=\"http:\/\/aconteceunovale.com.br\/portal\/wp-content\/uploads\/2016\/07\/racismo_cf.jpg\" alt=\"\" \/><em>Imagem divulgada pelo denunciante em uma rede social<\/em><br \/>\n<\/br><\/p>\n<p><em>(Fonte: O Tempo \/ Rep\u00f3rter: Juliana Baeta)<\/em><\/p>\n","protected":false},"excerpt":{"rendered":"<p>Um suposto coment\u00e1rio racista nas redes sociais est\u00e1 gerando pol\u00eamica na cidade de Coronel Fabriciano, na Regi\u00e3o Metropolitana do Vale do A\u00e7o. Uma rep\u00f3rter da cidade est\u00e1 sendo processada por um a\u00e7ougueiro que teve um coment\u00e1rio pol\u00edtico respondido com ofensas racistas. Ela alega que teve a conta invadida. De acordo com a rep\u00f3rter Tatiane Souza, [&hellip;]<\/p>\n","protected":false},"author":1,"featured_media":92361,"comment_status":"open","ping_status":"closed","sticky":false,"template":"","format":"standard","meta":{"amp_status":"","footnotes":""},"categories":[121],"tags":[105798,105797,105793,1524,105796,105791,105792,105795,105794],"class_list":["post-92358","post","type-post","status-publish","format-standard","has-post-thumbnail","hentry","category-leste","tag-acougueiro-de-coronel-fabriciano-denuncia-reporter-por-crime-de-racismo","tag-acougueiro-de-coronel-fabriciano-denuncia-reporter-por-crime-de-racismo-na-internet","tag-comentario-racista-coronel-fabriciano","tag-coronel-fabriciano","tag-joao-batista-de-souza","tag-racismo-coronel-fabriciano","tag-racismo-em-coronel-fabriciano","tag-reporter-tatiane-souza","tag-tatiane-souza"],"_links":{"self":[{"href":"https:\/\/aconteceunovale.com.br\/portal\/index.php?rest_route=\/wp\/v2\/posts\/92358","targetHints":{"allow":["GET"]}}],"collection":[{"href":"https:\/\/aconteceunovale.com.br\/portal\/index.php?rest_route=\/wp\/v2\/posts"}],"about":[{"href":"https:\/\/aconteceunovale.com.br\/portal\/index.php?rest_route=\/wp\/v2\/types\/post"}],"author":[{"embeddable":true,"href":"https:\/\/aconteceunovale.com.br\/portal\/index.php?rest_route=\/wp\/v2\/users\/1"}],"replies":[{"embeddable":true,"href":"https:\/\/aconteceunovale.com.br\/portal\/index.php?rest_route=%2Fwp%2Fv2%2Fcomments&post=92358"}],"version-history":[{"count":0,"href":"https:\/\/aconteceunovale.com.br\/portal\/index.php?rest_route=\/wp\/v2\/posts\/92358\/revisions"}],"wp:featuredmedia":[{"embeddable":true,"href":"https:\/\/aconteceunovale.com.br\/portal\/index.php?rest_route=\/wp\/v2\/media\/92361"}],"wp:attachment":[{"href":"https:\/\/aconteceunovale.com.br\/portal\/index.php?rest_route=%2Fwp%2Fv2%2Fmedia&parent=92358"}],"wp:term":[{"taxonomy":"category","embeddable":true,"href":"https:\/\/aconteceunovale.com.br\/portal\/index.php?rest_route=%2Fwp%2Fv2%2Fcategories&post=92358"},{"taxonomy":"post_tag","embeddable":true,"href":"https:\/\/aconteceunovale.com.br\/portal\/index.php?rest_route=%2Fwp%2Fv2%2Ftags&post=92358"}],"curies":[{"name":"wp","href":"https:\/\/api.w.org\/{rel}","templated":true}]}}