{"id":92356,"date":"2016-07-18T20:54:53","date_gmt":"2016-07-18T23:54:53","guid":{"rendered":"http:\/\/aconteceunovale.com.br\/portal\/?p=92356"},"modified":"2016-07-18T22:06:07","modified_gmt":"2016-07-19T01:06:07","slug":"homem-mata-ex-namorado-da-filha-em-coronel-fabriciano","status":"publish","type":"post","link":"https:\/\/aconteceunovale.com.br\/portal\/?p=92356","title":{"rendered":"Homem mata ex-namorado da filha em Coronel Fabriciano"},"content":{"rendered":"<p>Um homem, de 55 anos, \u00e9 procurado pela Pol\u00edcia Militar (PM) suspeito de matar um adolescente de 16 anos nesta segunda-feira (18\/7), em Coronel Fabriciano, na Regi\u00e3o Metropolitana do Vale do A\u00e7o. O menor Samuel Martins da Silva \u00e9 ex-companheiro de uma filha do suspeito E.F.S. e, segundo familiares, j\u00e1 havia sido amea\u00e7ado de morte por ele.<\/p>\n<p>A v\u00edtima foi encontrada desacordada com um tiro no t\u00f3rax na avenida Atl\u00e2ntica, no bairro Morada do Vale. A PM informou que uma equipe de militares o levou at\u00e9 o Hospital S\u00e3o Camilo, mas ele morreu ap\u00f3s dar entrada na unidade.<\/p>\n<p>Por meio de den\u00fancias an\u00f4nimas, os militares foram informados sobre a identidade do respons\u00e1vel pelo assassinato. Conhecidos da fam\u00edlia disseram \u00e0 corpora\u00e7\u00e3o que o menor brigava constantemente com o suspeito por causa de agress\u00f5es que ele cometia contra a filha do homem.<\/p>\n<p>O suspeito fugiu de casa e est\u00e1 foragido. O crime ser\u00e1 investigado pela Pol\u00edcia Civil. (O Tempo)<\/p>\n","protected":false},"excerpt":{"rendered":"<p>Um homem, de 55 anos, \u00e9 procurado pela Pol\u00edcia Militar (PM) suspeito de matar um adolescente de 16 anos nesta segunda-feira (18\/7), em Coronel Fabriciano, na Regi\u00e3o Metropolitana do Vale do A\u00e7o. O menor Samuel Martins da Silva \u00e9 ex-companheiro de uma filha do suspeito E.F.S. e, segundo familiares, j\u00e1 havia sido amea\u00e7ado de morte [&hellip;]<\/p>\n","protected":false},"author":1,"featured_media":90576,"comment_status":"open","ping_status":"closed","sticky":false,"template":"","format":"standard","meta":{"amp_status":"","footnotes":""},"categories":[121],"tags":[82085,1524,105790,82084,34758,34759,49177,105819,85242],"class_list":["post-92356","post","type-post","status-publish","format-standard","has-post-thumbnail","hentry","category-leste","tag-assassinato-coronel-fabriciano","tag-coronel-fabriciano","tag-homem-mata-ex-namorado-da-filha-em-coronel-fabriciano","tag-homicidio-coronel-fabriciano","tag-homicidio-em-coronel-fabriciano","tag-morte-em-coronel-fabriciano","tag-morto-em-coronel-fabriciano","tag-samuel-martins-da-silva","tag-violencia-coronel-fabriciano"],"_links":{"self":[{"href":"https:\/\/aconteceunovale.com.br\/portal\/index.php?rest_route=\/wp\/v2\/posts\/92356","targetHints":{"allow":["GET"]}}],"collection":[{"href":"https:\/\/aconteceunovale.com.br\/portal\/index.php?rest_route=\/wp\/v2\/posts"}],"about":[{"href":"https:\/\/aconteceunovale.com.br\/portal\/index.php?rest_route=\/wp\/v2\/types\/post"}],"author":[{"embeddable":true,"href":"https:\/\/aconteceunovale.com.br\/portal\/index.php?rest_route=\/wp\/v2\/users\/1"}],"replies":[{"embeddable":true,"href":"https:\/\/aconteceunovale.com.br\/portal\/index.php?rest_route=%2Fwp%2Fv2%2Fcomments&post=92356"}],"version-history":[{"count":0,"href":"https:\/\/aconteceunovale.com.br\/portal\/index.php?rest_route=\/wp\/v2\/posts\/92356\/revisions"}],"wp:featuredmedia":[{"embeddable":true,"href":"https:\/\/aconteceunovale.com.br\/portal\/index.php?rest_route=\/wp\/v2\/media\/90576"}],"wp:attachment":[{"href":"https:\/\/aconteceunovale.com.br\/portal\/index.php?rest_route=%2Fwp%2Fv2%2Fmedia&parent=92356"}],"wp:term":[{"taxonomy":"category","embeddable":true,"href":"https:\/\/aconteceunovale.com.br\/portal\/index.php?rest_route=%2Fwp%2Fv2%2Fcategories&post=92356"},{"taxonomy":"post_tag","embeddable":true,"href":"https:\/\/aconteceunovale.com.br\/portal\/index.php?rest_route=%2Fwp%2Fv2%2Ftags&post=92356"}],"curies":[{"name":"wp","href":"https:\/\/api.w.org\/{rel}","templated":true}]}}