{"id":92342,"date":"2016-07-18T19:22:33","date_gmt":"2016-07-18T22:22:33","guid":{"rendered":"http:\/\/aconteceunovale.com.br\/portal\/?p=92342"},"modified":"2016-07-18T19:22:33","modified_gmt":"2016-07-18T22:22:33","slug":"associacao-dos-docentes-acusa-reitoria-da-unimontes-de-pressionar-grevistas","status":"publish","type":"post","link":"https:\/\/aconteceunovale.com.br\/portal\/?p=92342","title":{"rendered":"Associa\u00e7\u00e3o dos Docentes acusa reitoria da Unimontes de pressionar grevistas"},"content":{"rendered":"<p>A Associa\u00e7\u00e3o dos Docentes da Universidade Estadual de Montes Claros (Adunimontes) acusa a reitoria da universidade de pressionar os professores designados para encerrarem o movimento grevista. Segundo a associa\u00e7\u00e3o, a entidade amea\u00e7a n\u00e3o renovar os contratos de trabalho caso a greve n\u00e3o chegue ao fim.<\/p>\n<p>Segundo o comando de greve, a reitoria da Unimontes emitiu um comunicado refor\u00e7ando o encerramento dos contratos dos professores designados no dia 31 de julho deste ano. \u201cFomos informados em uma reuni\u00e3o anterior que os professores designados seriam mantidos, mas agora fomos informados que os designados s\u00f3 retornam caso o movimento chegue ao fim\u201d, explica Leandro Freitas, representante do comando de greve.<\/p>\n<p>Para a Adunimontes, a decis\u00e3o da reitoria demostra que \u201cela persegue, desrespeita, retalia e pune professores com v\u00ednculo prec\u00e1rio, quebrando acordos de maneira desleal e tratando tais professores (1\/3 do corpo docente) como pe\u00e7as dispens\u00e1veis\u201d.<\/p>\n<p>A reitoria da universidade nega que o encerramento dos contratos esteja fundamentado na press\u00e3o sobre o movimento grevista. \u201cO fundamento \u00e9 exclusivamente de ordem gerencial, fundamentado em normas da nossa universidade, que s\u00e3o a lei. Principalmente a consci\u00eancia dos pr\u00f3prios professores que o contrato termina no dia 31 de julho\u201d, explica o reitor, Jo\u00e3o dos Reis Canela.<\/p>\n<p>O reitor diz tamb\u00e9m que o Conselho de ensino, pesquisa e extens\u00e3o deve-se reunir para restabelecer um novo calend\u00e1rio letivo para repor as atividades. \u201cMas para esta defini\u00e7\u00e3o depende do t\u00e9rmino da greve e n\u00e3o temos como prev\u00ea, at\u00e9 mesmo pelo respeito que temos ao movimento\u201d.<\/p>\n<p><strong>Imprevis\u00e3o<\/strong><\/p>\n<p>Em meio ao impasse, \u00e9 comum encontrar acad\u00eamicos preocupados com a incerteza de quando ser\u00e3o retomadas as aulas. Em Jana\u00faba, Adonis Louren\u00e7o da Silva cursa o d\u00e9cimo per\u00edodo de Agronomia, e n\u00e3o tem previs\u00e3o para conclus\u00e3o do curso.<\/p>\n<p>\u201cEu passei no concurso da Pol\u00edcia Militar e preciso apresentar documenta\u00e7\u00e3o de conclus\u00e3o do curso superior. Tenho colegas que passaram em p\u00f3s-gradua\u00e7\u00e3o, mas n\u00e3o sabem se poder\u00e3o se inscrever, por falta desta documenta\u00e7\u00e3o. Queremos que agilizem esta negocia\u00e7\u00e3o, pois, quem realmente est\u00e1 sendo prejudicado, \u00e9 o estudante\u201d, lamenta.<\/p>\n<p><img decoding=\"async\" src=\"http:\/\/aconteceunovale.com.br\/portal\/wp-content\/uploads\/2015\/04\/unimontes_moc.jpg\" alt=\"\" \/><em>Associa\u00e7\u00e3o acusa reitoria da Unimontes de pressionar grevistas (Foto: Divulga\u00e7\u00e3o)<\/em><br \/>\n<\/br><\/p>\n<p><em>(Fonte: G1 Grande Minas)<\/em><\/p>\n","protected":false},"excerpt":{"rendered":"<p>A Associa\u00e7\u00e3o dos Docentes da Universidade Estadual de Montes Claros (Adunimontes) acusa a reitoria da universidade de pressionar os professores designados para encerrarem o movimento grevista. Segundo a associa\u00e7\u00e3o, a entidade amea\u00e7a n\u00e3o renovar os contratos de trabalho caso a greve n\u00e3o chegue ao fim. Segundo o comando de greve, a reitoria da Unimontes emitiu [&hellip;]<\/p>\n","protected":false},"author":1,"featured_media":57004,"comment_status":"open","ping_status":"closed","sticky":false,"template":"","format":"standard","meta":{"amp_status":"","footnotes":""},"categories":[40238,1236],"tags":[105779,14145,105780,105777,67399,91643,204,105778,18174],"class_list":["post-92342","post","type-post","status-publish","format-standard","has-post-thumbnail","hentry","category-educacao-2","category-norte_de_minas","tag-adonis-lourenco-da-silva","tag-adunimontes","tag-associacao-dos-docentes-acusa-reitoria-da-unimontes-de-pressionar-grevistas","tag-associacao-dos-docentes-da-universidade-estadual-de-montes-claros","tag-greve-unimontes","tag-greve-universidade-estadual-de-montes-claros","tag-janauba","tag-leandro-freitas","tag-universidade-estadual-de-montes-claros"],"_links":{"self":[{"href":"https:\/\/aconteceunovale.com.br\/portal\/index.php?rest_route=\/wp\/v2\/posts\/92342","targetHints":{"allow":["GET"]}}],"collection":[{"href":"https:\/\/aconteceunovale.com.br\/portal\/index.php?rest_route=\/wp\/v2\/posts"}],"about":[{"href":"https:\/\/aconteceunovale.com.br\/portal\/index.php?rest_route=\/wp\/v2\/types\/post"}],"author":[{"embeddable":true,"href":"https:\/\/aconteceunovale.com.br\/portal\/index.php?rest_route=\/wp\/v2\/users\/1"}],"replies":[{"embeddable":true,"href":"https:\/\/aconteceunovale.com.br\/portal\/index.php?rest_route=%2Fwp%2Fv2%2Fcomments&post=92342"}],"version-history":[{"count":0,"href":"https:\/\/aconteceunovale.com.br\/portal\/index.php?rest_route=\/wp\/v2\/posts\/92342\/revisions"}],"wp:featuredmedia":[{"embeddable":true,"href":"https:\/\/aconteceunovale.com.br\/portal\/index.php?rest_route=\/wp\/v2\/media\/57004"}],"wp:attachment":[{"href":"https:\/\/aconteceunovale.com.br\/portal\/index.php?rest_route=%2Fwp%2Fv2%2Fmedia&parent=92342"}],"wp:term":[{"taxonomy":"category","embeddable":true,"href":"https:\/\/aconteceunovale.com.br\/portal\/index.php?rest_route=%2Fwp%2Fv2%2Fcategories&post=92342"},{"taxonomy":"post_tag","embeddable":true,"href":"https:\/\/aconteceunovale.com.br\/portal\/index.php?rest_route=%2Fwp%2Fv2%2Ftags&post=92342"}],"curies":[{"name":"wp","href":"https:\/\/api.w.org\/{rel}","templated":true}]}}