{"id":92338,"date":"2016-07-18T19:07:26","date_gmt":"2016-07-18T22:07:26","guid":{"rendered":"http:\/\/aconteceunovale.com.br\/portal\/?p=92338"},"modified":"2016-07-18T19:07:26","modified_gmt":"2016-07-18T22:07:26","slug":"homem-de-42-anos-e-assassinado-na-zona-rural-de-acucena","status":"publish","type":"post","link":"https:\/\/aconteceunovale.com.br\/portal\/?p=92338","title":{"rendered":"Homem de 42 anos \u00e9 assassinado na zona rural de A\u00e7ucena"},"content":{"rendered":"<p>A Pol\u00edcia Militar (PM) procura por quatro suspeitos de um homic\u00eddio ocorrido na manh\u00e3 desta segunda-feira, 18 de julho, em uma propriedade na zona rural de A\u00e7ucena, no Vale do Rio Doce. Segundo informa\u00e7\u00f5es da PM, Eudes Aloizio Pinheiro, de 42 anos, estava a caminho de um curral para fazer a ordenha de vacas, quando foi surpreendido pelos criminosos, que estavam em duas motocicletas.<\/p>\n<p>A v\u00edtima foi atingida por disparos de arma de fogo na cabe\u00e7a, nas costas e no peito. A motiva\u00e7\u00e3o e autoria do crime ainda s\u00e3o desconhecidas.<\/p>\n<p><img decoding=\"async\" src=\"http:\/\/aconteceunovale.com.br\/portal\/wp-content\/uploads\/2016\/07\/homicidio_acucena.jpg\" alt=\"\" \/><em>Crime aconteceu na zona rural de A\u00e7ucena (Foto: Cedida por Plant\u00e3o Policial de Ipatinga)<\/em><\/p>\n","protected":false},"excerpt":{"rendered":"<p>A Pol\u00edcia Militar (PM) procura por quatro suspeitos de um homic\u00eddio ocorrido na manh\u00e3 desta segunda-feira, 18 de julho, em uma propriedade na zona rural de A\u00e7ucena, no Vale do Rio Doce. Segundo informa\u00e7\u00f5es da PM, Eudes Aloizio Pinheiro, de 42 anos, estava a caminho de um curral para fazer a ordenha de vacas, quando [&hellip;]<\/p>\n","protected":false},"author":1,"featured_media":92339,"comment_status":"open","ping_status":"closed","sticky":false,"template":"","format":"standard","meta":{"amp_status":"","footnotes":""},"categories":[121],"tags":[971,105774,105771,105776,105772,105773,105775,57373],"class_list":["post-92338","post","type-post","status-publish","format-standard","has-post-thumbnail","hentry","category-leste","tag-acucena","tag-assassinato-acucena","tag-eudes-aloizio-pinheiro","tag-homem-de-42-anos-e-assassinado-na-zona-rural-de-acucena","tag-homem-e-assassinado-em-fazenda-no-municipio-de-acucena","tag-homicidio-acucena","tag-morte-acucena","tag-morto-em-acucena"],"_links":{"self":[{"href":"https:\/\/aconteceunovale.com.br\/portal\/index.php?rest_route=\/wp\/v2\/posts\/92338","targetHints":{"allow":["GET"]}}],"collection":[{"href":"https:\/\/aconteceunovale.com.br\/portal\/index.php?rest_route=\/wp\/v2\/posts"}],"about":[{"href":"https:\/\/aconteceunovale.com.br\/portal\/index.php?rest_route=\/wp\/v2\/types\/post"}],"author":[{"embeddable":true,"href":"https:\/\/aconteceunovale.com.br\/portal\/index.php?rest_route=\/wp\/v2\/users\/1"}],"replies":[{"embeddable":true,"href":"https:\/\/aconteceunovale.com.br\/portal\/index.php?rest_route=%2Fwp%2Fv2%2Fcomments&post=92338"}],"version-history":[{"count":0,"href":"https:\/\/aconteceunovale.com.br\/portal\/index.php?rest_route=\/wp\/v2\/posts\/92338\/revisions"}],"wp:featuredmedia":[{"embeddable":true,"href":"https:\/\/aconteceunovale.com.br\/portal\/index.php?rest_route=\/wp\/v2\/media\/92339"}],"wp:attachment":[{"href":"https:\/\/aconteceunovale.com.br\/portal\/index.php?rest_route=%2Fwp%2Fv2%2Fmedia&parent=92338"}],"wp:term":[{"taxonomy":"category","embeddable":true,"href":"https:\/\/aconteceunovale.com.br\/portal\/index.php?rest_route=%2Fwp%2Fv2%2Fcategories&post=92338"},{"taxonomy":"post_tag","embeddable":true,"href":"https:\/\/aconteceunovale.com.br\/portal\/index.php?rest_route=%2Fwp%2Fv2%2Ftags&post=92338"}],"curies":[{"name":"wp","href":"https:\/\/api.w.org\/{rel}","templated":true}]}}