{"id":92334,"date":"2016-07-18T18:50:38","date_gmt":"2016-07-18T21:50:38","guid":{"rendered":"http:\/\/aconteceunovale.com.br\/portal\/?p=92334"},"modified":"2016-07-18T18:50:38","modified_gmt":"2016-07-18T21:50:38","slug":"uma-pessoa-morre-e-quatro-ficam-feridas-em-acidente-na-br-381-em-ipatinga","status":"publish","type":"post","link":"https:\/\/aconteceunovale.com.br\/portal\/?p=92334","title":{"rendered":"Uma pessoa morre e quatro ficam feridas em acidente na BR-381, em Ipatinga"},"content":{"rendered":"<p>Uma pessoa morreu e quatro ficaram feridas em um acidente na madrugada desta segunda-feira, 18 de julho, na altura do quil\u00f4metro 243 da BR-381, em Ipatinga, na Regi\u00e3o Metropolitana do Vale do A\u00e7o. De acordo com informa\u00e7\u00f5es da Pol\u00edcia Rodovi\u00e1ria Estadual, o condutor do ve\u00edculo Ford Ka, placa OPN-6978, de Santa Luzia (MG), perdeu o controle direcional e colidiu contra um poste de ilumina\u00e7\u00e3o p\u00fablica.<\/p>\n<p>Com o impacto da batida, a passageira Renata Cristiane da Costa, de 29 anos, ficou gravemente ferida e veio a \u00f3bito no local. O motorista Denilso Fernandes Lage, de 34 anos, e os passageiros, Mariana Aparecida Barbosa Alves Bedine, de 32 anos, Jos\u00e9 Augusto de Oliveira, de 34 anos, e Jorge Luis Bedine, de 37 anos, foram socorridos por equipes do Servi\u00e7o de Atendimento M\u00f3vel de Urg\u00eancia (SAMU) e Corpo de Bombeiros Militar. <\/p>\n<p>As v\u00edtimas foram encaminhadas para o Hospital M\u00e1rcio Cunha. De acordo com a PRE, o motorista e o passageiro Jos\u00e9 Augusto foram encaminhados para o centro cir\u00fargico da unidade de sa\u00fade. J\u00e1 os demais permaneceram em observa\u00e7\u00e3o m\u00e9dica.<\/p>\n<p>A Per\u00edcia T\u00e9cnica da Pol\u00edcia Civil compareceu ao local do acidente e ap\u00f3s os trabalhos de praxe, o corpo de Renata Cristiane foi removido ao Instituto M\u00e9dico Legal (IML) em Ipatinga. As causas do acidente ser\u00e3o apuradas.<\/p>\n<p><img decoding=\"async\" src=\"http:\/\/aconteceunovale.com.br\/portal\/wp-content\/uploads\/2016\/07\/acidente_ipatinga_1.jpg\" alt=\"\" \/><em>Acidente aconteceu no km 243 da BR-381 (Foto: Cedida por Plant\u00e3o Policial Ipatinga)<\/em><br \/>\n<\/br><\/p>\n<p><img decoding=\"async\" src=\"http:\/\/aconteceunovale.com.br\/portal\/wp-content\/uploads\/2016\/07\/acidente_ipatinga_2.jpg\" alt=\"\" \/><em>Acidente aconteceu no km 243 da BR-381 (Foto: Cedida por Plant\u00e3o Policial Ipatinga)<\/em><\/p>\n","protected":false},"excerpt":{"rendered":"<p>Uma pessoa morreu e quatro ficaram feridas em um acidente na madrugada desta segunda-feira, 18 de julho, na altura do quil\u00f4metro 243 da BR-381, em Ipatinga, na Regi\u00e3o Metropolitana do Vale do A\u00e7o. De acordo com informa\u00e7\u00f5es da Pol\u00edcia Rodovi\u00e1ria Estadual, o condutor do ve\u00edculo Ford Ka, placa OPN-6978, de Santa Luzia (MG), perdeu o [&hellip;]<\/p>\n","protected":false},"author":1,"featured_media":92336,"comment_status":"open","ping_status":"closed","sticky":false,"template":"","format":"standard","meta":{"amp_status":"","footnotes":""},"categories":[121],"tags":[105764,105765,105766,14508,105763,105762,42258,105757,102363,105770,201,105760,105759,105761,105769,105758,1498,105768,105767],"class_list":["post-92334","post","type-post","status-publish","format-standard","has-post-thumbnail","hentry","category-leste","tag-acidente-com-carro-de-santa-luzia","tag-acidente-com-ford-ka-de-santa-luzia","tag-acidente-de-transito-vitima-fatal-br-381","tag-acidente-em-ipatinga","tag-acidente-familia-de-santa-luzia","tag-acidente-moradores-de-santa-luzia","tag-acidente-na-br-381-em-ipatinga","tag-denilso-fernandes-lage","tag-em-ipatinga","tag-ford-ka-opn-6978","tag-ipatinga","tag-jorge-luis-bedine","tag-jose-augusto-de-oliveira","tag-mariana-aparecida-barbosa-alves-bedine","tag-opn-6978","tag-renata-cristiane-da-costa","tag-santa-luzia","tag-uma-pessoa-morre-e-quatro-ficam-feridas-em-acidente-na-br-381","tag-uma-pessoa-morre-e-quatro-ficam-feridas-em-acidente-na-br-381-em-ipatinga"],"_links":{"self":[{"href":"https:\/\/aconteceunovale.com.br\/portal\/index.php?rest_route=\/wp\/v2\/posts\/92334","targetHints":{"allow":["GET"]}}],"collection":[{"href":"https:\/\/aconteceunovale.com.br\/portal\/index.php?rest_route=\/wp\/v2\/posts"}],"about":[{"href":"https:\/\/aconteceunovale.com.br\/portal\/index.php?rest_route=\/wp\/v2\/types\/post"}],"author":[{"embeddable":true,"href":"https:\/\/aconteceunovale.com.br\/portal\/index.php?rest_route=\/wp\/v2\/users\/1"}],"replies":[{"embeddable":true,"href":"https:\/\/aconteceunovale.com.br\/portal\/index.php?rest_route=%2Fwp%2Fv2%2Fcomments&post=92334"}],"version-history":[{"count":0,"href":"https:\/\/aconteceunovale.com.br\/portal\/index.php?rest_route=\/wp\/v2\/posts\/92334\/revisions"}],"wp:featuredmedia":[{"embeddable":true,"href":"https:\/\/aconteceunovale.com.br\/portal\/index.php?rest_route=\/wp\/v2\/media\/92336"}],"wp:attachment":[{"href":"https:\/\/aconteceunovale.com.br\/portal\/index.php?rest_route=%2Fwp%2Fv2%2Fmedia&parent=92334"}],"wp:term":[{"taxonomy":"category","embeddable":true,"href":"https:\/\/aconteceunovale.com.br\/portal\/index.php?rest_route=%2Fwp%2Fv2%2Fcategories&post=92334"},{"taxonomy":"post_tag","embeddable":true,"href":"https:\/\/aconteceunovale.com.br\/portal\/index.php?rest_route=%2Fwp%2Fv2%2Ftags&post=92334"}],"curies":[{"name":"wp","href":"https:\/\/api.w.org\/{rel}","templated":true}]}}