{"id":92065,"date":"2016-07-14T22:19:31","date_gmt":"2016-07-15T01:19:31","guid":{"rendered":"http:\/\/aconteceunovale.com.br\/portal\/?p=92065"},"modified":"2016-07-14T22:19:31","modified_gmt":"2016-07-15T01:19:31","slug":"governo-libera-mais-de-r-227-milhoes-para-saude-em-minas-gerais","status":"publish","type":"post","link":"https:\/\/aconteceunovale.com.br\/portal\/?p=92065","title":{"rendered":"Governo libera mais de R$ 227 milh\u00f5es para Sa\u00fade em Minas Gerais"},"content":{"rendered":"<p>O Governo de Minas Gerais vai liberar R$ 227,5 milh\u00f5es para a \u00e1rea de Sa\u00fade no estado. O an\u00fancio foi feito pelo secret\u00e1rio de Estado da Sa\u00fade, S\u00e1vio Souza Cruz, durante a 224\u00aa Reuni\u00e3o Ordin\u00e1ria da Comiss\u00e3o Intergestores Bipartite (CIB-SUS), realizada na quarta-feira (13\/7) na Cidade Administrativa, em Belo Horizonte. Os recursos, oriundos do Tesouro Estadual, ser\u00e3o liberados ainda neste m\u00eas.<\/p>\n<p>A atual gest\u00e3o da Secret\u00e1ria de Estado da Sa\u00fade (SES-MG) enfrenta uma d\u00edvida herdada dos governos anteriores de R$ 1,5 bilh\u00e3o. \u201cA minha principal preocupa\u00e7\u00e3o, desde que assumi a Secretaria, tem sido equilibrar o fluxo financeiro com o or\u00e7ament\u00e1rio para minimizar os impactos do d\u00e9ficit que herdamos\u201d, disse S\u00e1vio Souza Cruz.<\/p>\n<p>Do total da verba liberada, R$ 50 milh\u00f5es ser\u00e3o destinados para equalizar d\u00edvidas com fornecedores e R$ 120 milh\u00f5es para quitar o \u00faltimo quadrimestre de 2015 da Aten\u00e7\u00e3o B\u00e1sica \u2013 representada, principalmente, pelos postos de sa\u00fade que atendem pelo Sistema \u00danico de Sa\u00fade (SUS). <\/p>\n<p>\u201cEsperamos dar um al\u00edvio \u00e0s secretarias municipais de Sa\u00fade na Aten\u00e7\u00e3o B\u00e1sica. Vamos continuar trabalhando para obter os recursos e, dessa forma, garantir os servi\u00e7os da sa\u00fade e ampliar as possibilidades de atendimento. Se tem algo que o cidad\u00e3o brasileiro preza \u00e9 saber que, pelo menos do jeito que o Brasil est\u00e1 estruturado constitucionalmente, ele tem assegurado o acesso universal \u00e0 sa\u00fade. Depois de mais de 30 anos da vig\u00eancia da chamada Constitui\u00e7\u00e3o Cidad\u00e3,  temos o compromisso de manter o acesso do cidad\u00e3o mineiro \u00e0 sa\u00fade no momento em que ele est\u00e1 mais fragilizado\u201d, enfatizou Cruz.<\/p>\n<p>O restante da verba j\u00e1 foi repassado \u00e0s institui\u00e7\u00f5es vinculadas \u00e0 SES: R$ 27 milh\u00f5es para a Funda\u00e7\u00e3o Ezequiel Dias (Funed); R$ 20 milh\u00f5es para a Funda\u00e7\u00e3o Hospitalar do Estado de Minas Gerais (Fhemig); R$ 5 milh\u00f5es para a Funda\u00e7\u00e3o Hemominas e R$ 500 mil para a Escola de Sa\u00fade P\u00fablica (ESP).<\/p>\n<p><strong>CIB<\/strong><\/p>\n<p>A Comiss\u00e3o Intergestores Bipartite (CIB) \u00e9 uma inst\u00e2ncia de negocia\u00e7\u00e3o, pactua\u00e7\u00e3o, planejamento e avalia\u00e7\u00e3o da gest\u00e3o das pol\u00edticas de sa\u00fade, formada por gestores estaduais e municipais, representados pela Secretaria de Estado de Sa\u00fade de Minas Gerais (SES-MG) e pelo Conselho de Secret\u00e1rios Municipais de Sa\u00fade de Minas Gerais (COSEMS\/MG).<\/p>\n<p>(Ag\u00eancia Minas)<\/p>\n","protected":false},"excerpt":{"rendered":"<p>O Governo de Minas Gerais vai liberar R$ 227,5 milh\u00f5es para a \u00e1rea de Sa\u00fade no estado. O an\u00fancio foi feito pelo secret\u00e1rio de Estado da Sa\u00fade, S\u00e1vio Souza Cruz, durante a 224\u00aa Reuni\u00e3o Ordin\u00e1ria da Comiss\u00e3o Intergestores Bipartite (CIB-SUS), realizada na quarta-feira (13\/7) na Cidade Administrativa, em Belo Horizonte. Os recursos, oriundos do Tesouro [&hellip;]<\/p>\n","protected":false},"author":1,"featured_media":92066,"comment_status":"open","ping_status":"closed","sticky":false,"template":"","format":"standard","meta":{"amp_status":"","footnotes":""},"categories":[123,40242],"tags":[105198,105201,105205,105197,105202,105199,105204,105200,105203],"class_list":["post-92065","post","type-post","status-publish","format-standard","has-post-thumbnail","hentry","category-gerais","category-saude-2","tag-area-de-saude-em-minas","tag-dinheiro-area-de-saude-em-minas","tag-dinheiro-para-hospitais-de-minas","tag-governo-de-minas-gerais-libera-mais-de-r-227-milhoes-para-saude","tag-governo-libera-mais-de-r-227-milhoes-para-saude-em-minas-gerais","tag-recurso-area-de-saude-em-minas","tag-recurso-para-hospitais-de-minas","tag-verba-area-de-saude-em-minas","tag-verba-para-hospitais-de-minas"],"_links":{"self":[{"href":"https:\/\/aconteceunovale.com.br\/portal\/index.php?rest_route=\/wp\/v2\/posts\/92065","targetHints":{"allow":["GET"]}}],"collection":[{"href":"https:\/\/aconteceunovale.com.br\/portal\/index.php?rest_route=\/wp\/v2\/posts"}],"about":[{"href":"https:\/\/aconteceunovale.com.br\/portal\/index.php?rest_route=\/wp\/v2\/types\/post"}],"author":[{"embeddable":true,"href":"https:\/\/aconteceunovale.com.br\/portal\/index.php?rest_route=\/wp\/v2\/users\/1"}],"replies":[{"embeddable":true,"href":"https:\/\/aconteceunovale.com.br\/portal\/index.php?rest_route=%2Fwp%2Fv2%2Fcomments&post=92065"}],"version-history":[{"count":0,"href":"https:\/\/aconteceunovale.com.br\/portal\/index.php?rest_route=\/wp\/v2\/posts\/92065\/revisions"}],"wp:featuredmedia":[{"embeddable":true,"href":"https:\/\/aconteceunovale.com.br\/portal\/index.php?rest_route=\/wp\/v2\/media\/92066"}],"wp:attachment":[{"href":"https:\/\/aconteceunovale.com.br\/portal\/index.php?rest_route=%2Fwp%2Fv2%2Fmedia&parent=92065"}],"wp:term":[{"taxonomy":"category","embeddable":true,"href":"https:\/\/aconteceunovale.com.br\/portal\/index.php?rest_route=%2Fwp%2Fv2%2Fcategories&post=92065"},{"taxonomy":"post_tag","embeddable":true,"href":"https:\/\/aconteceunovale.com.br\/portal\/index.php?rest_route=%2Fwp%2Fv2%2Ftags&post=92065"}],"curies":[{"name":"wp","href":"https:\/\/api.w.org\/{rel}","templated":true}]}}