{"id":92062,"date":"2016-07-14T22:10:08","date_gmt":"2016-07-15T01:10:08","guid":{"rendered":"http:\/\/aconteceunovale.com.br\/portal\/?p=92062"},"modified":"2016-07-14T23:58:28","modified_gmt":"2016-07-15T02:58:28","slug":"criminosos-armados-assaltam-quartel-da-policia-militar-em-jampruca","status":"publish","type":"post","link":"https:\/\/aconteceunovale.com.br\/portal\/?p=92062","title":{"rendered":"Criminosos armados assaltam quartel da Pol\u00edcia Militar em Jampruca"},"content":{"rendered":"<p>A ousadia de cinco homens armados assustou a cidade de Jampruca, no Vale do Rio Doce, na noite desta quinta-feira (14\/7). Eles renderam dois policiais militares \u2013 sendo um deles um cabo reformado e o comandante do grupamento do munic\u00edpio \u2013 e fizeram os dois ref\u00e9ns. Depois, o grupo invadiu o quartel da Pol\u00edcia Militar (PM) e roubou duas pistolas e um rev\u00f3lver calibre ponto 38.<\/p>\n<p>Os suspeitos fugiram em uma caminhonete Mitsubishi L200 Triton de propriedade de outro soldado, tamb\u00e9m do munic\u00edpio. A PM de Governador Valadares foi acionada para auxiliar nas buscas aos criminosos. Um cerco foi montado, e os bandidos chegaram a ser localizados em um estrada rural, mas fugiram ao entrar em um matagal na regi\u00e3o. Eles ainda n\u00e3o foram capturados.<\/p>\n<p>Segundo o comandante da PM de Jampruca, o sargento Homero da Silva, a a\u00e7\u00e3o do grupo come\u00e7ou na casa do cabo reformado. Eles o renderam e o obrigaram a lev\u00e1-los at\u00e9 a casa do comandante. \u201cOuvi o cabo chamando pelo meu nome no port\u00e3o. Quando cheguei l\u00e1 fora, tamb\u00e9m fui rendido pelos homens armados\u201d, contou. De acordo com Silva, os homens o for\u00e7aram a chamar, por r\u00e1dio, os demais policiais do munic\u00edpio para que fossem at\u00e9 a casa dele \u2013 ao todo, Jampruca conta com sete militares.<\/p>\n<p><strong>Baleado<\/strong><\/p>\n<p>Quando chegou \u00e0 casa do comandante, um soldado desconfiou da situa\u00e7\u00e3o e correu para alertar os colegas da pol\u00edcia. Entretanto, um dos criminosos o viu e atirou contra ele. O policial foi baleado na n\u00e1dega. Segundo a PM, ele foi socorrido por uma ambul\u00e2ncia at\u00e9 o Hospital Regional de Governador Valadares e passa bem.<\/p>\n<p>Antes de fugir, os bandidos levaram o cabo reformado e o comandante at\u00e9 o quartel onde pegaram as armas. Silva acredita que o intuito do grupo era render toda a PM para assaltar uma ag\u00eancia banc\u00e1ria da cidade.<\/p>\n<p><img decoding=\"async\" src=\"http:\/\/aconteceunovale.com.br\/portal\/wp-content\/uploads\/2016\/07\/jampruca_mg.jpg\" alt=\"\" \/><em>Criminosos assaltam quartel da Pol\u00edcia Militar em Jampruca (Foto: Site da PMMG)<\/em><br \/>\n<\/br><\/p>\n<p><em>(Fonte: O Tempo \/ Rep\u00f3rter: Ailton do Vale)<\/em><\/p>\n","protected":false},"excerpt":{"rendered":"<p>A ousadia de cinco homens armados assustou a cidade de Jampruca, no Vale do Rio Doce, na noite desta quinta-feira (14\/7). Eles renderam dois policiais militares \u2013 sendo um deles um cabo reformado e o comandante do grupamento do munic\u00edpio \u2013 e fizeram os dois ref\u00e9ns. Depois, o grupo invadiu o quartel da Pol\u00edcia Militar [&hellip;]<\/p>\n","protected":false},"author":1,"featured_media":92063,"comment_status":"open","ping_status":"closed","sticky":false,"template":"","format":"standard","meta":{"amp_status":"","footnotes":""},"categories":[121],"tags":[105189,105191,105194,105226,105196,105227,236,105193,105190,105192,105195],"class_list":["post-92062","post","type-post","status-publish","format-standard","has-post-thumbnail","hentry","category-leste","tag-assalto-jampruca","tag-assalto-quartel-da-pm-em-jampruca","tag-assalto-quartel-jampruca","tag-comandante-da-pm-de-jampruca","tag-criminosos-armados-assaltam-quartel-da-policia-militar-em-jampruca","tag-homero-da-silva","tag-jampruca","tag-pm-baleado-em-jampruca","tag-roubo-jampruca","tag-roubo-quartel-da-pm-em-jampruca","tag-roubo-quartel-jampruca"],"_links":{"self":[{"href":"https:\/\/aconteceunovale.com.br\/portal\/index.php?rest_route=\/wp\/v2\/posts\/92062","targetHints":{"allow":["GET"]}}],"collection":[{"href":"https:\/\/aconteceunovale.com.br\/portal\/index.php?rest_route=\/wp\/v2\/posts"}],"about":[{"href":"https:\/\/aconteceunovale.com.br\/portal\/index.php?rest_route=\/wp\/v2\/types\/post"}],"author":[{"embeddable":true,"href":"https:\/\/aconteceunovale.com.br\/portal\/index.php?rest_route=\/wp\/v2\/users\/1"}],"replies":[{"embeddable":true,"href":"https:\/\/aconteceunovale.com.br\/portal\/index.php?rest_route=%2Fwp%2Fv2%2Fcomments&post=92062"}],"version-history":[{"count":0,"href":"https:\/\/aconteceunovale.com.br\/portal\/index.php?rest_route=\/wp\/v2\/posts\/92062\/revisions"}],"wp:featuredmedia":[{"embeddable":true,"href":"https:\/\/aconteceunovale.com.br\/portal\/index.php?rest_route=\/wp\/v2\/media\/92063"}],"wp:attachment":[{"href":"https:\/\/aconteceunovale.com.br\/portal\/index.php?rest_route=%2Fwp%2Fv2%2Fmedia&parent=92062"}],"wp:term":[{"taxonomy":"category","embeddable":true,"href":"https:\/\/aconteceunovale.com.br\/portal\/index.php?rest_route=%2Fwp%2Fv2%2Fcategories&post=92062"},{"taxonomy":"post_tag","embeddable":true,"href":"https:\/\/aconteceunovale.com.br\/portal\/index.php?rest_route=%2Fwp%2Fv2%2Ftags&post=92062"}],"curies":[{"name":"wp","href":"https:\/\/api.w.org\/{rel}","templated":true}]}}