{"id":92060,"date":"2016-07-14T21:53:29","date_gmt":"2016-07-15T00:53:29","guid":{"rendered":"http:\/\/aconteceunovale.com.br\/portal\/?p=92060"},"modified":"2016-07-14T21:53:29","modified_gmt":"2016-07-15T00:53:29","slug":"mae-e-esfaqueada-pelo-filho-em-governador-valadares-ao-pedir-para-ele-arrumar-um-emprego","status":"publish","type":"post","link":"https:\/\/aconteceunovale.com.br\/portal\/?p=92060","title":{"rendered":"M\u00e3e \u00e9 esfaqueada pelo filho em Governador Valadares ao pedir para ele arrumar um emprego"},"content":{"rendered":"<p>Uma dona de casa, de 39 anos, levou uma facada do pr\u00f3prio filho ap\u00f3s pedir que o jovem arrumasse um emprego e que ele come\u00e7asse a ajudar na manuten\u00e7\u00e3o da casa. O caso foi registrado nessa quarta (13\/7) em uma casa da Rua Piumhi, no bairro Lourdes, em Governador Valadares, na regi\u00e3o do Rio Doce.<\/p>\n<p>A Pol\u00edcia Militar (PM) foi acionada pela pr\u00f3pria mulher que contou aos militares que havia discutido com o filho, de 23 anos, e que, em um determinado momento, ele teria entrado em luta corporal com ela. Irritado, o jovem foi at\u00e9 a cozinha, pegou uma faca e tentou atingi-la na regi\u00e3o da barriga.<\/p>\n<p>Os dois voltaram a brigar e o rapaz deu uma facada no joelho da m\u00e3e. Ao ver que a genitora estava ferida, o suspeito deixou o im\u00f3vel. A pol\u00edcia fez um cerco na regi\u00e3o, mas o suspeito ainda n\u00e3o foi encontrado.<\/p>\n<p>A v\u00edtima foi encaminhada para o Hospital Municipal de Governador Valadares, onde foi atendida, medicada e liberada. No local do ferimento, a v\u00edtima recebeu cinco pontos.<\/p>\n<p>Caso seja encontrado, o suspeito, que n\u00e3o tem passagens pela pol\u00edcia, responder\u00e1 por les\u00e3o corporal e ser\u00e1 enquadrado na Lei Maria da Penha. A ocorr\u00eancia foi encaminhada para Delegacia Regional de Governador Valadares. (O Tempo)<\/p>\n","protected":false},"excerpt":{"rendered":"<p>Uma dona de casa, de 39 anos, levou uma facada do pr\u00f3prio filho ap\u00f3s pedir que o jovem arrumasse um emprego e que ele come\u00e7asse a ajudar na manuten\u00e7\u00e3o da casa. O caso foi registrado nessa quarta (13\/7) em uma casa da Rua Piumhi, no bairro Lourdes, em Governador Valadares, na regi\u00e3o do Rio Doce. [&hellip;]<\/p>\n","protected":false},"author":1,"featured_media":47642,"comment_status":"open","ping_status":"closed","sticky":false,"template":"","format":"standard","meta":{"amp_status":"","footnotes":""},"categories":[121],"tags":[105187,105188,247,105186,105185,82062],"class_list":["post-92060","post","type-post","status-publish","format-standard","has-post-thumbnail","hentry","category-leste","tag-esfaqueada-governador-valadares","tag-filho-tenta-matar-a-mae-em-governador-valadares","tag-governador-valadares","tag-mae-e-esfaqueada-pelo-filho-em-governador-valadares","tag-mae-e-esfaqueada-pelo-filho-em-governador-valadares-ao-pedir-para-ele-arrumar-um-emprego","tag-tentativa-de-homicidio-governador-valadares"],"_links":{"self":[{"href":"https:\/\/aconteceunovale.com.br\/portal\/index.php?rest_route=\/wp\/v2\/posts\/92060","targetHints":{"allow":["GET"]}}],"collection":[{"href":"https:\/\/aconteceunovale.com.br\/portal\/index.php?rest_route=\/wp\/v2\/posts"}],"about":[{"href":"https:\/\/aconteceunovale.com.br\/portal\/index.php?rest_route=\/wp\/v2\/types\/post"}],"author":[{"embeddable":true,"href":"https:\/\/aconteceunovale.com.br\/portal\/index.php?rest_route=\/wp\/v2\/users\/1"}],"replies":[{"embeddable":true,"href":"https:\/\/aconteceunovale.com.br\/portal\/index.php?rest_route=%2Fwp%2Fv2%2Fcomments&post=92060"}],"version-history":[{"count":0,"href":"https:\/\/aconteceunovale.com.br\/portal\/index.php?rest_route=\/wp\/v2\/posts\/92060\/revisions"}],"wp:featuredmedia":[{"embeddable":true,"href":"https:\/\/aconteceunovale.com.br\/portal\/index.php?rest_route=\/wp\/v2\/media\/47642"}],"wp:attachment":[{"href":"https:\/\/aconteceunovale.com.br\/portal\/index.php?rest_route=%2Fwp%2Fv2%2Fmedia&parent=92060"}],"wp:term":[{"taxonomy":"category","embeddable":true,"href":"https:\/\/aconteceunovale.com.br\/portal\/index.php?rest_route=%2Fwp%2Fv2%2Fcategories&post=92060"},{"taxonomy":"post_tag","embeddable":true,"href":"https:\/\/aconteceunovale.com.br\/portal\/index.php?rest_route=%2Fwp%2Fv2%2Ftags&post=92060"}],"curies":[{"name":"wp","href":"https:\/\/api.w.org\/{rel}","templated":true}]}}