{"id":92057,"date":"2016-07-14T21:40:08","date_gmt":"2016-07-15T00:40:08","guid":{"rendered":"http:\/\/aconteceunovale.com.br\/portal\/?p=92057"},"modified":"2016-07-14T21:40:08","modified_gmt":"2016-07-15T00:40:08","slug":"stf-obriga-governo-a-fornecer-fraldas-descartaveis-a-pessoas-com-deficiencia","status":"publish","type":"post","link":"https:\/\/aconteceunovale.com.br\/portal\/?p=92057","title":{"rendered":"STF obriga governo a fornecer fraldas descart\u00e1veis a pessoas com defici\u00eancia"},"content":{"rendered":"<p>O presidente do Supremo Tribunal Federal (STF), Ricardo Lewandowski, decidiu hoje (14\/7) manter decis\u00e3o da Justi\u00e7a Federal que obriga o Programa Farm\u00e1cia Popular do Brasil, do Minist\u00e9rio da Sa\u00fade, a fornecer gratuitamente fraldas descart\u00e1veis a pessoas com defici\u00eancia.<\/p>\n<p>Segundo a Advocacia-Geral da Uni\u00e3o (AGU), a decis\u00e3o deve gerar impacto de R$ 2 bilh\u00f5es por ano nas finan\u00e7as p\u00fablicas, valor equivalente a praticamente todo o or\u00e7amento anual do programa.<\/p>\n<p>Na decis\u00e3o, Lewandowski rejeitou recurso da AGU para barrar a decis\u00e3o de Justi\u00e7a Federal, por entender que o Estado deve garantir a prote\u00e7\u00e3o \u00e0s pessoas com defici\u00eancia. Sobre a quest\u00e3o financeira, o ministro entendeu que n\u00e3o ficou comprovado no processo \u201co perigo de grave les\u00e3o aos valores da ordem e economia p\u00fablicas\u201d.<\/p>\n<p>\u201cPor isso, se existente risco de dano \u00e0 sa\u00fade p\u00fablica, este seria inverso, caracterizado pela afronta ao postulado da dignidade da pessoa humana e \u00e0s disposi\u00e7\u00f5es constitucionais que garantem \u00e0s pessoas com defici\u00eancia o amparo do Estado para o gozo do direito fundamental \u00e0 sa\u00fade\u201d, decidiu o presidente do STF.<\/p>\n<p>No recurso, a AGU tamb\u00e9m informou ao Supremo que o Programa Farm\u00e1cia Popular do Brasil n\u00e3o fornece fraldas gratuitamente e que idosos recebem o benef\u00edcio em fun\u00e7\u00e3o do Estatuto do Idoso. Segundo os advogados p\u00fablicos, farm\u00e1cias privadas devem observar diversos crit\u00e9rios para serem ressarcidas posteriormente pelo Sistema \u00danico de Sa\u00fade (SUS).<\/p>\n<p>O programa foi criado pelo Minist\u00e9rio da Sa\u00fade para ampliar o acesso da popula\u00e7\u00e3o a medicamentos por meio de rede pr\u00f3pria de farm\u00e1cias ou parcerias com drogarias privadas.<\/p>\n<p>A Ag\u00eancia Brasil entrou em contato com o Minist\u00e9rio da Sa\u00fade, mas n\u00e3o teve retorno at\u00e9 a publica\u00e7\u00e3o. (Ag\u00eancia Brasil)<\/p>\n","protected":false},"excerpt":{"rendered":"<p>O presidente do Supremo Tribunal Federal (STF), Ricardo Lewandowski, decidiu hoje (14\/7) manter decis\u00e3o da Justi\u00e7a Federal que obriga o Programa Farm\u00e1cia Popular do Brasil, do Minist\u00e9rio da Sa\u00fade, a fornecer gratuitamente fraldas descart\u00e1veis a pessoas com defici\u00eancia. Segundo a Advocacia-Geral da Uni\u00e3o (AGU), a decis\u00e3o deve gerar impacto de R$ 2 bilh\u00f5es por ano [&hellip;]<\/p>\n","protected":false},"author":1,"featured_media":92058,"comment_status":"open","ping_status":"closed","sticky":false,"template":"","format":"standard","meta":{"amp_status":"","footnotes":""},"categories":[6,40242],"tags":[105184,105181,105183,71936,7482,28511,105182],"class_list":["post-92057","post","type-post","status-publish","format-standard","has-post-thumbnail","hentry","category-br","category-saude-2","tag-fornecimento-gratuito-de-fraldas-descartaveis-a-pessoas-com-deficiencia","tag-fraldas","tag-fraldas-descartaveis-a-pessoas-com-deficiencia","tag-pessoa-com-deficiencia","tag-programa-farmacia-popular","tag-stf","tag-stf-obriga-governo-a-fornecer-fraldas-descartaveis-a-pessoas-com-deficiencia"],"_links":{"self":[{"href":"https:\/\/aconteceunovale.com.br\/portal\/index.php?rest_route=\/wp\/v2\/posts\/92057","targetHints":{"allow":["GET"]}}],"collection":[{"href":"https:\/\/aconteceunovale.com.br\/portal\/index.php?rest_route=\/wp\/v2\/posts"}],"about":[{"href":"https:\/\/aconteceunovale.com.br\/portal\/index.php?rest_route=\/wp\/v2\/types\/post"}],"author":[{"embeddable":true,"href":"https:\/\/aconteceunovale.com.br\/portal\/index.php?rest_route=\/wp\/v2\/users\/1"}],"replies":[{"embeddable":true,"href":"https:\/\/aconteceunovale.com.br\/portal\/index.php?rest_route=%2Fwp%2Fv2%2Fcomments&post=92057"}],"version-history":[{"count":0,"href":"https:\/\/aconteceunovale.com.br\/portal\/index.php?rest_route=\/wp\/v2\/posts\/92057\/revisions"}],"wp:featuredmedia":[{"embeddable":true,"href":"https:\/\/aconteceunovale.com.br\/portal\/index.php?rest_route=\/wp\/v2\/media\/92058"}],"wp:attachment":[{"href":"https:\/\/aconteceunovale.com.br\/portal\/index.php?rest_route=%2Fwp%2Fv2%2Fmedia&parent=92057"}],"wp:term":[{"taxonomy":"category","embeddable":true,"href":"https:\/\/aconteceunovale.com.br\/portal\/index.php?rest_route=%2Fwp%2Fv2%2Fcategories&post=92057"},{"taxonomy":"post_tag","embeddable":true,"href":"https:\/\/aconteceunovale.com.br\/portal\/index.php?rest_route=%2Fwp%2Fv2%2Ftags&post=92057"}],"curies":[{"name":"wp","href":"https:\/\/api.w.org\/{rel}","templated":true}]}}