{"id":92020,"date":"2016-07-14T15:12:14","date_gmt":"2016-07-14T18:12:14","guid":{"rendered":"http:\/\/aconteceunovale.com.br\/portal\/?p=92020"},"modified":"2016-07-14T15:12:14","modified_gmt":"2016-07-14T18:12:14","slug":"sete-pessoas-sao-detidas-por-trafico-de-drogas-em-governador-valadares","status":"publish","type":"post","link":"https:\/\/aconteceunovale.com.br\/portal\/?p=92020","title":{"rendered":"Sete pessoas s\u00e3o detidas por tr\u00e1fico de drogas em Governador Valadares"},"content":{"rendered":"<p>Sete pessoas foram detidas por tr\u00e1fico de drogas em Governador Valadares, no Leste de Minas. As ocorr\u00eancias foram registradas pela Pol\u00edcia Militar (PM) na noite dessa quarta-feira (13\/7) e na madrugada desta quinta (14\/7).<\/p>\n<p>No Bairro Gr\u00e3 Duquesa, dois jovens, de 17 e 22 anos, foram detidos ap\u00f3s a PM receber den\u00fancias an\u00f4nimas. Com eles, foram apreendidos papelotes de coca\u00edna, maconha, crack e material para embalar drogas.<\/p>\n<p>Tamb\u00e9m atrav\u00e9s de den\u00fancia, os militares chegaram at\u00e9 uma casa no Bairro S\u00e3o Paulo. Uma mulher, de 18 anos, e um rapaz, de 19, foram presos em flagrante. No im\u00f3vel, os policiais encontraram 11 pedras e um papelote de crack, uma pedra bruta da mesma droga, dois tabletes de maconha e R$ 305.<\/p>\n<p>J\u00e1 no Bairro Nossa Senhora das Gra\u00e7as, dois adolescentes, de 14 e 15 anos, foram detidos e um homem, de 34, foi preso em um lote vago. Eles tentaram fugir ao perceberem a presen\u00e7a da PM, mas foram detidos com 21 buchas de maconha. Todos os envolvidos foram encaminhados \u00e0 delegacia. <\/p>\n<p><img decoding=\"async\" src=\"http:\/\/aconteceunovale.com.br\/portal\/wp-content\/uploads\/2016\/07\/trafico_gv_1.jpg\" alt=\"\" \/><em>Material apreendido com casal no bairro S\u00e3o Paulo (Foto: Divulga\u00e7\u00e3o\/PM)<\/em><br \/>\n<\/br><\/p>\n<p><em>(Fonte: G1 dos Vales)<\/em><\/p>\n","protected":false},"excerpt":{"rendered":"<p>Sete pessoas foram detidas por tr\u00e1fico de drogas em Governador Valadares, no Leste de Minas. As ocorr\u00eancias foram registradas pela Pol\u00edcia Militar (PM) na noite dessa quarta-feira (13\/7) e na madrugada desta quinta (14\/7). No Bairro Gr\u00e3 Duquesa, dois jovens, de 17 e 22 anos, foram detidos ap\u00f3s a PM receber den\u00fancias an\u00f4nimas. Com eles, [&hellip;]<\/p>\n","protected":false},"author":1,"featured_media":92021,"comment_status":"open","ping_status":"closed","sticky":false,"template":"","format":"standard","meta":{"amp_status":"","footnotes":""},"categories":[121],"tags":[103317,99693,247,105109,80346,105108,105107,89319],"class_list":["post-92020","post","type-post","status-publish","format-standard","has-post-thumbnail","hentry","category-leste","tag-apreensao-de-drogas-governador-valadares","tag-drogas-apreendidas-em-governador-valadares","tag-governador-valadares","tag-kissila-bruna-pereira-afonso","tag-presos-por-trafico-de-drogas-em-governador-valadares","tag-rafael-torres-de-oliveira","tag-sete-pessoas-sao-detidas-por-trafico-de-drogas-em-governador-valadares","tag-trafico-de-drogas-governador-valadares"],"_links":{"self":[{"href":"https:\/\/aconteceunovale.com.br\/portal\/index.php?rest_route=\/wp\/v2\/posts\/92020","targetHints":{"allow":["GET"]}}],"collection":[{"href":"https:\/\/aconteceunovale.com.br\/portal\/index.php?rest_route=\/wp\/v2\/posts"}],"about":[{"href":"https:\/\/aconteceunovale.com.br\/portal\/index.php?rest_route=\/wp\/v2\/types\/post"}],"author":[{"embeddable":true,"href":"https:\/\/aconteceunovale.com.br\/portal\/index.php?rest_route=\/wp\/v2\/users\/1"}],"replies":[{"embeddable":true,"href":"https:\/\/aconteceunovale.com.br\/portal\/index.php?rest_route=%2Fwp%2Fv2%2Fcomments&post=92020"}],"version-history":[{"count":0,"href":"https:\/\/aconteceunovale.com.br\/portal\/index.php?rest_route=\/wp\/v2\/posts\/92020\/revisions"}],"wp:featuredmedia":[{"embeddable":true,"href":"https:\/\/aconteceunovale.com.br\/portal\/index.php?rest_route=\/wp\/v2\/media\/92021"}],"wp:attachment":[{"href":"https:\/\/aconteceunovale.com.br\/portal\/index.php?rest_route=%2Fwp%2Fv2%2Fmedia&parent=92020"}],"wp:term":[{"taxonomy":"category","embeddable":true,"href":"https:\/\/aconteceunovale.com.br\/portal\/index.php?rest_route=%2Fwp%2Fv2%2Fcategories&post=92020"},{"taxonomy":"post_tag","embeddable":true,"href":"https:\/\/aconteceunovale.com.br\/portal\/index.php?rest_route=%2Fwp%2Fv2%2Ftags&post=92020"}],"curies":[{"name":"wp","href":"https:\/\/api.w.org\/{rel}","templated":true}]}}