{"id":92018,"date":"2016-07-14T15:05:03","date_gmt":"2016-07-14T18:05:03","guid":{"rendered":"http:\/\/aconteceunovale.com.br\/portal\/?p=92018"},"modified":"2016-07-14T15:05:03","modified_gmt":"2016-07-14T18:05:03","slug":"homem-e-assassinado-quando-retornava-do-trabalho-em-coronel-fabriciano","status":"publish","type":"post","link":"https:\/\/aconteceunovale.com.br\/portal\/?p=92018","title":{"rendered":"Homem \u00e9 assassinado quando retornava do trabalho em Coronel Fabriciano"},"content":{"rendered":"<p>Um homem de 30 anos foi assassinado a tiros na manh\u00e3 desta quinta-feira (14\/7), no Bairro S\u00e3o Geraldo, em Coronel Fabriciano, munic\u00edpio de Regi\u00e3o Metropolitana do Vale do A\u00e7o. Segundo informa\u00e7\u00f5es da Pol\u00edcia Militar (PM), a v\u00edtima Denivaldo Pereira da Silva retornava do trabalho quando surpreendida pelo autor na Rua Quatro.<\/p>\n<p>A m\u00e3e dele disse \u00e0 pol\u00edcia que por volta das 5h20 ouviu diversos disparos e a princ\u00edpio pensou que seria barulho de bombinhas. Ao abrir a janela da casa, encontrou o filho ca\u00eddo j\u00e1 sem vida. A per\u00edcia esteve no local e constatou que a v\u00edtima foi atingida por oito tiros na cabe\u00e7a, bra\u00e7o direito e t\u00f3rax.<\/p>\n<p>Ainda segundo a PM, a motiva\u00e7\u00e3o e autoria do homic\u00eddio s\u00e3o desconhecidas. O crime ser\u00e1 investigado pela Pol\u00edcia Civil. (G1\/PM)<\/p>\n","protected":false},"excerpt":{"rendered":"<p>Um homem de 30 anos foi assassinado a tiros na manh\u00e3 desta quinta-feira (14\/7), no Bairro S\u00e3o Geraldo, em Coronel Fabriciano, munic\u00edpio de Regi\u00e3o Metropolitana do Vale do A\u00e7o. Segundo informa\u00e7\u00f5es da Pol\u00edcia Militar (PM), a v\u00edtima Denivaldo Pereira da Silva retornava do trabalho quando surpreendida pelo autor na Rua Quatro. A m\u00e3e dele disse [&hellip;]<\/p>\n","protected":false},"author":1,"featured_media":90576,"comment_status":"open","ping_status":"closed","sticky":false,"template":"","format":"standard","meta":{"amp_status":"","footnotes":""},"categories":[121],"tags":[82085,1524,105103,105105,105106,105104,82084,34759,49177],"class_list":["post-92018","post","type-post","status-publish","format-standard","has-post-thumbnail","hentry","category-leste","tag-assassinato-coronel-fabriciano","tag-coronel-fabriciano","tag-denival-pereira-da-silva","tag-denivaldo-pereira-da-silva","tag-homem-e-assassinado-quando-retornava-do-trabalho-em-coronel-fabriciano","tag-homem-morto-em-coronel-fabriciano","tag-homicidio-coronel-fabriciano","tag-morte-em-coronel-fabriciano","tag-morto-em-coronel-fabriciano"],"_links":{"self":[{"href":"https:\/\/aconteceunovale.com.br\/portal\/index.php?rest_route=\/wp\/v2\/posts\/92018","targetHints":{"allow":["GET"]}}],"collection":[{"href":"https:\/\/aconteceunovale.com.br\/portal\/index.php?rest_route=\/wp\/v2\/posts"}],"about":[{"href":"https:\/\/aconteceunovale.com.br\/portal\/index.php?rest_route=\/wp\/v2\/types\/post"}],"author":[{"embeddable":true,"href":"https:\/\/aconteceunovale.com.br\/portal\/index.php?rest_route=\/wp\/v2\/users\/1"}],"replies":[{"embeddable":true,"href":"https:\/\/aconteceunovale.com.br\/portal\/index.php?rest_route=%2Fwp%2Fv2%2Fcomments&post=92018"}],"version-history":[{"count":0,"href":"https:\/\/aconteceunovale.com.br\/portal\/index.php?rest_route=\/wp\/v2\/posts\/92018\/revisions"}],"wp:featuredmedia":[{"embeddable":true,"href":"https:\/\/aconteceunovale.com.br\/portal\/index.php?rest_route=\/wp\/v2\/media\/90576"}],"wp:attachment":[{"href":"https:\/\/aconteceunovale.com.br\/portal\/index.php?rest_route=%2Fwp%2Fv2%2Fmedia&parent=92018"}],"wp:term":[{"taxonomy":"category","embeddable":true,"href":"https:\/\/aconteceunovale.com.br\/portal\/index.php?rest_route=%2Fwp%2Fv2%2Fcategories&post=92018"},{"taxonomy":"post_tag","embeddable":true,"href":"https:\/\/aconteceunovale.com.br\/portal\/index.php?rest_route=%2Fwp%2Fv2%2Ftags&post=92018"}],"curies":[{"name":"wp","href":"https:\/\/api.w.org\/{rel}","templated":true}]}}