{"id":92012,"date":"2016-07-14T14:35:53","date_gmt":"2016-07-14T17:35:53","guid":{"rendered":"http:\/\/aconteceunovale.com.br\/portal\/?p=92012"},"modified":"2016-07-15T00:51:17","modified_gmt":"2016-07-15T03:51:17","slug":"pai-e-filho-morrem-em-acidente-no-vale-do-jequitinhonha","status":"publish","type":"post","link":"https:\/\/aconteceunovale.com.br\/portal\/?p=92012","title":{"rendered":"Pai e filho morrem em acidente no Vale do Jequitinhonha"},"content":{"rendered":"<p>Um homem de 31 anos e o filho dele, de sete, morreram em um grave acidente na BR-116, em Ponto dos Volantes, no fim da tarde dessa quarta-feira (13\/7). De acordo com informa\u00e7\u00f5es da Pol\u00edcia Rodovi\u00e1ria Federal (PRF), o carro onde as v\u00edtimas estavam rodou na pista, atingiu uma motocicleta e colidiu frontalmente contra um caminh\u00e3o.<\/p>\n<p>A m\u00e3e da crian\u00e7a tamb\u00e9m estava no ve\u00edculo e ficou presa \u00e0s ferragens. Segundo a PRF, ela e a condutora da moto, que teve ferimentos leves, foram socorridas pelo Servi\u00e7o de Atendimento M\u00f3vel de Urg\u00eancia (SAMU) e encaminhadas ao hospital de Itaobim.<\/p>\n<p>A crian\u00e7a Pedro Oliveira Penha chegou a ser socorrida com vida, mas morreu a caminho do hospital. O pai dele, Gabriel Neves Penha, morreu no local do acidente. Com o impacto da batida, o ve\u00edculo ficou destru\u00eddo e as causas do acidente ainda s\u00e3o desconhecidas. Os corpos foram levados para o Instituto M\u00e9dico Legal (IML) em Pedra Azul.<\/p>\n<p>De acordo com relatos de familiares, as v\u00edtimas residiam em Belo Horizonte e seguiam para Jord\u00e2nia (Vale do Jequitinhonha). <\/p>\n<p><img decoding=\"async\" src=\"http:\/\/aconteceunovale.com.br\/portal\/wp-content\/uploads\/2016\/07\/acidente_116_pv_1.jpg\" alt=\"\" \/><em>Acidente aconteceu na BR-116 (Foto: Cedida por Micharles Almeida\/Auto Socorro Chapolim)<\/em><br \/>\n<\/br><\/p>\n<p><em>(Com informa\u00e7\u00f5es do G1 dos Vales)<\/em><\/p>\n","protected":false},"excerpt":{"rendered":"<p>Um homem de 31 anos e o filho dele, de sete, morreram em um grave acidente na BR-116, em Ponto dos Volantes, no fim da tarde dessa quarta-feira (13\/7). De acordo com informa\u00e7\u00f5es da Pol\u00edcia Rodovi\u00e1ria Federal (PRF), o carro onde as v\u00edtimas estavam rodou na pista, atingiu uma motocicleta e colidiu frontalmente contra um [&hellip;]<\/p>\n","protected":false},"author":1,"featured_media":92013,"comment_status":"open","ping_status":"closed","sticky":false,"template":"","format":"standard","meta":{"amp_status":"","footnotes":""},"categories":[120],"tags":[105084,105082,105083,105085,3945,105081,194,182,1018,105091,105258,391,475,105088,105090,105089,105087,105086,455,105259,444],"class_list":["post-92012","post","type-post","status-publish","format-standard","has-post-thumbnail","hentry","category-jequi","tag-acidente-caminhao-da-megalog","tag-acidente-com-familia-que-seguia-de-belo-horizonte-para-jordania","tag-acidente-com-familia-que-seguia-para-jordania","tag-acidente-megalog","tag-acidente-na-br-116","tag-acidente-na-br-116-em-ponto-dos-volantes","tag-belo-horizonte","tag-br-116","tag-destaque","tag-em-ponto-dos-volantes","tag-gabriel-neves-penha","tag-itaobim","tag-jordania","tag-pai-e-filho-morrem-em-acidente-em-ponto-dos-volantes","tag-pai-e-filho-morrem-em-acidente-na-br-116","tag-pai-e-filho-morrem-em-acidente-na-br-116-em-ponto-dos-volantes","tag-pai-e-filho-morrem-em-acidente-na-br-116-no-vale-do-jequitinhonha","tag-pai-e-filho-morrem-em-acidente-no-vale-do-jequitinhonha","tag-pedra-azul","tag-pedro-oliveira-penha","tag-ponto-dos-volantes"],"_links":{"self":[{"href":"https:\/\/aconteceunovale.com.br\/portal\/index.php?rest_route=\/wp\/v2\/posts\/92012","targetHints":{"allow":["GET"]}}],"collection":[{"href":"https:\/\/aconteceunovale.com.br\/portal\/index.php?rest_route=\/wp\/v2\/posts"}],"about":[{"href":"https:\/\/aconteceunovale.com.br\/portal\/index.php?rest_route=\/wp\/v2\/types\/post"}],"author":[{"embeddable":true,"href":"https:\/\/aconteceunovale.com.br\/portal\/index.php?rest_route=\/wp\/v2\/users\/1"}],"replies":[{"embeddable":true,"href":"https:\/\/aconteceunovale.com.br\/portal\/index.php?rest_route=%2Fwp%2Fv2%2Fcomments&post=92012"}],"version-history":[{"count":0,"href":"https:\/\/aconteceunovale.com.br\/portal\/index.php?rest_route=\/wp\/v2\/posts\/92012\/revisions"}],"wp:featuredmedia":[{"embeddable":true,"href":"https:\/\/aconteceunovale.com.br\/portal\/index.php?rest_route=\/wp\/v2\/media\/92013"}],"wp:attachment":[{"href":"https:\/\/aconteceunovale.com.br\/portal\/index.php?rest_route=%2Fwp%2Fv2%2Fmedia&parent=92012"}],"wp:term":[{"taxonomy":"category","embeddable":true,"href":"https:\/\/aconteceunovale.com.br\/portal\/index.php?rest_route=%2Fwp%2Fv2%2Fcategories&post=92012"},{"taxonomy":"post_tag","embeddable":true,"href":"https:\/\/aconteceunovale.com.br\/portal\/index.php?rest_route=%2Fwp%2Fv2%2Ftags&post=92012"}],"curies":[{"name":"wp","href":"https:\/\/api.w.org\/{rel}","templated":true}]}}