{"id":91903,"date":"2016-07-13T13:58:58","date_gmt":"2016-07-13T16:58:58","guid":{"rendered":"http:\/\/aconteceunovale.com.br\/portal\/?p=91903"},"modified":"2016-07-13T14:04:40","modified_gmt":"2016-07-13T17:04:40","slug":"agricultores-denunciam-ameaca-de-mineradora-no-vale-do-jequitinhonha","status":"publish","type":"post","link":"https:\/\/aconteceunovale.com.br\/portal\/?p=91903","title":{"rendered":"Agricultores que ocupam parque no Vale do Jequitinhonha reclamam de press\u00e3o de propriet\u00e1rio e omiss\u00e3o do Estado"},"content":{"rendered":"<p>Agricultores da comunidade Cabeceira do Piabanha, no Vale do Jequitinhonha, est\u00e3o \u00e0 beira de um conflito agr\u00e1rio devido \u00e0 n\u00e3o regulariza\u00e7\u00e3o fundi\u00e1ria da unidade e a press\u00e3o dos propriet\u00e1rios da terra, que n\u00e3o teriam sido indenizados pelo Estado. Para solucionar a quest\u00e3o, foi proposto, nesta ter\u00e7a-feira (12\/7\/16), em audi\u00eancia na Assembleia Legislativa de Minas Gerais (ALMG), discutir o caso pela Mesa de Di\u00e1logo e Negocia\u00e7\u00e3o Permanente com Ocupa\u00e7\u00f5es Urbanas e Rurais, do Governo de Minas.<\/p>\n<p>O requerimento que aciona a mesa de di\u00e1logo \u00e9 dos deputados Doutor Jean Freire, que solicitou o debate, e Rog\u00e9rio Correia e ser\u00e1 apreciado na pr\u00f3xima reuni\u00e3o da Comiss\u00e3o de Participa\u00e7\u00e3o Popular. \u201cA mesa tem representantes de todas as inst\u00e2ncias e tamb\u00e9m faz a an\u00e1lise ambiental para ver a melhor solu\u00e7\u00e3o\u201d, justificou Correia.<\/p>\n<p>A comunidade fica nas terras do Parque Estadual Alto Cariri, nos munic\u00edpios de Salto da Divisa e Santa Maria do Salto. A audi\u00eancia tratou tamb\u00e9m do Projeto de Lei (PL) 1.480\/15, do deputado Carlos Pimenta (PDT), que altera os limites do parque, substituindo a \u00e1rea onde est\u00e3o as 12 fam\u00edlias por outra desabitada. Segundo os moradores, h\u00e1 interesse miner\u00e1rio no local a ser desafetado, onde foram mapeadas jazidas de grafite.<\/p>\n<p>O Parque Estadual Alto Cariri foi criado pelo Decreto 44.726, de 2008, englobando uma \u00e1rea habitada, o que n\u00e3o \u00e9 permitido nesse tipo de unidade de conserva\u00e7\u00e3o. A justificativa do PL 1.480\/15 menciona, justamente, que a desafeta\u00e7\u00e3o dessa \u00e1rea resolveria a quest\u00e3o social, o que foi tamb\u00e9m o entendimento trazido \u00e0 audi\u00eancia pelo representante do Instituto Estadual de Florestas (IEF), Paulo Fernandes Scheid.<\/p>\n<p>Entretanto, os moradores apontam que o pedido de explora\u00e7\u00e3o das jazidas, feito pela Nacional Graffite, est\u00e1 arquivado \u00e0 espera da solu\u00e7\u00e3o com as fam\u00edlias. \u201cPor isso o propriet\u00e1rio tem pressa\u201d, afirmou Edivaldo Ferreira Lopes, coordenador da Comiss\u00e3o Pastoral da Terra (CPT) em Minas Gerais.<\/p>\n<p><strong>Herdeiro afirma querer concluir invent\u00e1rio<\/strong><\/p>\n<p>Olinto Herculano Pimenta, esposo da herdeira da fazenda, descartou qualquer rela\u00e7\u00e3o com a Nacional Graffite. Ele justificou que seu sogro faleceu em 1999 e que os tr\u00eas herdeiros querem concluir o invent\u00e1rio. \u201cNingu\u00e9m quer ficar com uma \u00e1rea onde h\u00e1 pessoas morando\u201d, afirmou.<\/p>\n<p>Por isso, de acordo com Olinto Pimenta, a fam\u00edlia buscou trocar a \u00e1rea em um projeto de lei e tamb\u00e9m tentou fazer acordo com o que chamou de \u201cagregados\u201d da fazenda. Esse acordo, por\u00e9m, \u00e9 qualificado como press\u00e3o e intimida\u00e7\u00e3o pelos moradores. Segundo eles, j\u00e1 houve, inclusive, um conflito direto com outro herdeiro, com agress\u00f5es f\u00edsicas e ame\u00e7as a integrantes da CPT, o que necessitou de interven\u00e7\u00e3o policial.<\/p>\n<p>A defensora p\u00fablica especializada em Direitos Humanos, Coletivos e Socioambientais, Ana Cl\u00e1udia da Silva Alexandre, citou tamb\u00e9m que os herdeiros ingressaram com notifica\u00e7\u00e3o extrajudicial para a sa\u00edda das fam\u00edlias. Ela e os deputados frisaram que Olinto Pimenta n\u00e3o pode negociar com as fam\u00edlias, tendo em vista que se trata de um parque estadual, com \u00e1rea subordinada ao Estado.<\/p>\n<p>\u201cFomos notificados para sair em 30 dias e nem sabemos se o documento \u00e9 verdadeiro. N\u00f3s estamos em um parque e n\u00e3o d\u00e1 para acertar as coisas no meio do mato\u201d, reiterou o representante dos moradores, Nivaldo Moraes Nascimento.<\/p>\n<p><strong>Titularidade<\/strong> \u2013 O diretor de Promo\u00e7\u00e3o e Defesa da Cidadania no Campo da Secretaria de Estado de Desenvolvimento Agr\u00e1rio (Seda), Aldenir Vianna Pereira, afirmou que a propriedade das terras pela fam\u00edlia Pimenta est\u00e1 sendo analisada.<\/p>\n<p>Aldenir Pereira explicou que documentos comprovam a posse de 800 hectares (ha), mas os registros anteriores do terreno falam em 1.800 ha. \u201cAinda n\u00e3o fizemos o levantamento sobre a localiza\u00e7\u00e3o dos 800 ha\u201d, destacou. Pereira afirmou que a Seda enviar\u00e1 um t\u00e9cnico ao local para averiguar a quest\u00e3o.<\/p>\n<p><strong>Participantes relatam riscos para o meio ambiente<\/strong><\/p>\n<p>A desafeta\u00e7\u00e3o da \u00e1rea da comunidade Cabeceira do Piabanha dos limites do parque pode trazer riscos para o abastecimento de \u00e1gua na regi\u00e3o, inclusive em \u00e1reas urbanas. O alerta foi feito por Amanda Couto Medeiros, do N\u00facleo de Extens\u00e3o em Desenvolvimento Territorial do Instituto Federal do Norte de Minas.<\/p>\n<p>Com a ajuda de mapas, ela mostrou que o c\u00f3rrego Piabanha, um dos principais cursos d&#8217;\u00e1gua do parque, assim como v\u00e1rias de suas nascentes, est\u00e3o na \u00e1rea ocupada e, portanto, ficariam fora do parque.<\/p>\n<p>Moradores relataram que o c\u00f3rrego segue limpo at\u00e9 a Nacional Graffite e, a partir da\u00ed, corre fraco e polu\u00eddo por rejeitos da minera\u00e7\u00e3o. Frei Gilvander Lu\u00eds Moreira, da CPT, denunciou, inclusive, que a mineradora represou a \u00e1gua, comprometendo o abastecimento do Assentamento Dom Luciano Mendes, em Salto da Divisa.<\/p>\n<p>Frei Gilvander criticou tamb\u00e9m a inten\u00e7\u00e3o manifestada por Olinto Pimenta, durante a audi\u00eancia, de criar gado em parte da \u00e1rea onde est\u00e3o as fam\u00edlias. \u201cSe as nascentes n\u00e3o forem preservadas, toda a cidade vai sofrer\u201d, afirmou.<\/p>\n<p>O assessor da Federa\u00e7\u00e3o dos Trabalhadores na Agricultura do Estado de Minas Gerais (Fetaemg), Eduardo Nascimento, criticou o Estado por, ao longo dos anos, acumular um passivo de 340 mil ha de unidades de conserva\u00e7\u00e3o n\u00e3o indenizadas. Ele sugeriu que a \u00e1rea das fam\u00edlias seja transformada em unidade de uso sustent\u00e1vel, que permite a presen\u00e7a humana.<\/p>\n<p>\u201cEsse povo tem que ser considerado cuidador do parque\u201d, disse o deputado Doutor Jean Freire, salientando que a comunidade vive na regi\u00e3o h\u00e1 mais de 60 anos. Ele e Rog\u00e9rio Correia propuseram tamb\u00e9m v\u00e1rios outros requerimentos, entre os quais um para que as Pol\u00edcias Militar e Civil atuem preventivamente na \u00e1rea e outros dois de visitas ao IEF e \u00e0 comunidade Cabeceira do Piabanha.<\/p>\n<p><em>(Fonte: ALMG)<\/em><\/p>\n","protected":false},"excerpt":{"rendered":"<p>Agricultores da comunidade Cabeceira do Piabanha, no Vale do Jequitinhonha, est\u00e3o \u00e0 beira de um conflito agr\u00e1rio devido \u00e0 n\u00e3o regulariza\u00e7\u00e3o fundi\u00e1ria da unidade e a press\u00e3o dos propriet\u00e1rios da terra, que n\u00e3o teriam sido indenizados pelo Estado. Para solucionar a quest\u00e3o, foi proposto, nesta ter\u00e7a-feira (12\/7\/16), em audi\u00eancia na Assembleia Legislativa de Minas Gerais [&hellip;]<\/p>\n","protected":false},"author":1,"featured_media":40568,"comment_status":"open","ping_status":"closed","sticky":false,"template":"","format":"standard","meta":{"amp_status":"","footnotes":""},"categories":[120],"tags":[104795,104794,104796,1827,104786,104789,104780,92013,104779,104788,104790,1828,104787,104791,104792,104781,104793,1829,36793,104782,84248,104785,104783,104784,11300,1830,27581,375,409,699],"class_list":["post-91903","post","type-post","status-publish","format-standard","has-post-thumbnail","hentry","category-jequi","tag-agricultores-denunciam-ameaca-de-mineradora-no-vale-do-jequitinhonha","tag-agricultores-que-ocupam-parque-estadual-alto-cariri-reclamam-de-pressao-de-proprietario-e-omissao-do-estado","tag-agricultores-que-ocupam-parque-no-vale-do-jequitinhonha-reclamam-de-pressao-de-proprietario-e-omissao-do-estado","tag-agropecuaria","tag-aldenir-vianna-pereira","tag-amanda-couto-medeiros","tag-ameaca-cabeceira-do-piabanha","tag-ana-claudia-da-silva-alexandre","tag-cabeceira-do-piabanha","tag-cabeceira-do-piabanha-parque-estadual-do-cariri","tag-corrego-piabanha","tag-direitos-humanos","tag-familia-pimenta","tag-frei-gilvander","tag-frei-gilvander-luis-moreira","tag-graffite","tag-indios","tag-meio-ambiente","tag-mineracao","tag-nacional-graffite","tag-negros","tag-nivaldo-moraes-nascimento","tag-olinto-herculano-pimenta","tag-olinto-pimenta","tag-parque-estadual-alto-cariri","tag-politica-fundiaria","tag-povos-e-comunidades-tradicionais","tag-regiao-do-jequitinhonhamucuri","tag-salto-da-divisa","tag-santa-maria-do-salto"],"yoast_head":"<!-- This site is optimized with the Yoast SEO plugin v28.3 - https:\/\/yoast.com\/product\/yoast-seo-wordpress\/ -->\n<title>Agricultores que ocupam parque no Vale do Jequitinhonha reclamam de press\u00e3o de propriet\u00e1rio e omiss\u00e3o do Estado - Aconteceu no Vale<\/title>\n<meta name=\"robots\" content=\"index, follow, max-snippet:-1, max-image-preview:large, max-video-preview:-1\" \/>\n<link rel=\"canonical\" href=\"https:\/\/aconteceunovale.com.br\/portal\/?p=91903\" \/>\n<meta property=\"og:locale\" content=\"pt_BR\" \/>\n<meta property=\"og:type\" content=\"article\" \/>\n<meta property=\"og:title\" content=\"Agricultores que ocupam parque no Vale do Jequitinhonha reclamam de press\u00e3o de propriet\u00e1rio e omiss\u00e3o do Estado - Aconteceu no Vale\" \/>\n<meta property=\"og:description\" content=\"Agricultores da comunidade Cabeceira do Piabanha, no Vale do Jequitinhonha, est\u00e3o \u00e0 beira de um conflito agr\u00e1rio devido \u00e0 n\u00e3o regulariza\u00e7\u00e3o fundi\u00e1ria da unidade e a press\u00e3o dos propriet\u00e1rios da terra, que n\u00e3o teriam sido indenizados pelo Estado. Para solucionar a quest\u00e3o, foi proposto, nesta ter\u00e7a-feira (12\/7\/16), em audi\u00eancia na Assembleia Legislativa de Minas Gerais [&hellip;]\" \/>\n<meta property=\"og:url\" content=\"https:\/\/aconteceunovale.com.br\/portal\/?p=91903\" \/>\n<meta property=\"og:site_name\" content=\"Aconteceu no Vale\" \/>\n<meta property=\"article:publisher\" content=\"https:\/\/www.facebook.com\/aconteceunovale\/\" \/>\n<meta property=\"article:published_time\" content=\"2016-07-13T16:58:58+00:00\" \/>\n<meta property=\"article:modified_time\" content=\"2016-07-13T17:04:40+00:00\" \/>\n<meta property=\"og:image\" content=\"https:\/\/aconteceunovale.com.br\/portal\/wp-content\/uploads\/2014\/09\/parque_cariri_jequi.jpg\" \/>\n\t<meta property=\"og:image:width\" content=\"640\" \/>\n\t<meta property=\"og:image:height\" content=\"407\" \/>\n\t<meta property=\"og:image:type\" content=\"image\/jpeg\" \/>\n<meta name=\"author\" content=\"Aconteceu no Vale\" \/>\n<meta name=\"twitter:card\" content=\"summary_large_image\" \/>\n<meta name=\"twitter:creator\" content=\"@noticiadosvales\" \/>\n<meta name=\"twitter:site\" content=\"@noticiadosvales\" \/>\n<meta name=\"twitter:label1\" content=\"Escrito por\" \/>\n\t<meta name=\"twitter:data1\" content=\"Aconteceu no Vale\" \/>\n\t<meta name=\"twitter:label2\" content=\"Est. tempo de leitura\" \/>\n\t<meta name=\"twitter:data2\" content=\"5 minutos\" \/>\n<script type=\"application\/ld+json\" class=\"yoast-schema-graph\">{\"@context\":\"https:\\\/\\\/schema.org\",\"@graph\":[{\"@type\":\"Article\",\"@id\":\"https:\\\/\\\/aconteceunovale.com.br\\\/portal\\\/?p=91903#article\",\"isPartOf\":{\"@id\":\"https:\\\/\\\/aconteceunovale.com.br\\\/portal\\\/?p=91903\"},\"author\":{\"name\":\"Aconteceu no Vale\",\"@id\":\"https:\\\/\\\/aconteceunovale.com.br\\\/portal\\\/#\\\/schema\\\/person\\\/633529146f2c94272bef50ac2953d589\"},\"headline\":\"Agricultores que ocupam parque no Vale do Jequitinhonha reclamam de press\u00e3o de propriet\u00e1rio e omiss\u00e3o do Estado\",\"datePublished\":\"2016-07-13T16:58:58+00:00\",\"dateModified\":\"2016-07-13T17:04:40+00:00\",\"mainEntityOfPage\":{\"@id\":\"https:\\\/\\\/aconteceunovale.com.br\\\/portal\\\/?p=91903\"},\"wordCount\":996,\"commentCount\":0,\"image\":{\"@id\":\"https:\\\/\\\/aconteceunovale.com.br\\\/portal\\\/?p=91903#primaryimage\"},\"thumbnailUrl\":\"https:\\\/\\\/aconteceunovale.com.br\\\/portal\\\/wp-content\\\/uploads\\\/2014\\\/09\\\/parque_cariri_jequi.jpg\",\"keywords\":[\"Agricultores denunciam amea\u00e7a de mineradora no Vale do Jequitinhonha\",\"Agricultores que ocupam Parque Estadual Alto Cariri reclamam de press\u00e3o de propriet\u00e1rio e omiss\u00e3o do Estado\",\"Agricultores que ocupam parque no Vale do Jequitinhonha reclamam de press\u00e3o de propriet\u00e1rio e omiss\u00e3o do Estado\",\"Agropecu\u00e1ria\",\"Aldenir Vianna Pereira\",\"Amanda Couto Medeiros\",\"amea\u00e7a Cabeceira do Piabanha\",\"Ana Cl\u00e1udia da Silva Alexandre\",\"Cabeceira do Piabanha\",\"Cabeceira do Piabanha parque estadual do cariri\",\"c\u00f3rrego Piabanha\",\"Direitos Humanos\",\"fam\u00edlia Pimenta\",\"Frei Gilvander\",\"Frei Gilvander Lu\u00eds Moreira\",\"Graffite\",\"\u00cdndios\",\"Meio Ambiente\",\"Minera\u00e7\u00e3o\",\"Nacional Graffite\",\"negros\",\"Nivaldo Moraes Nascimento\",\"Olinto Herculano Pimenta\",\"Olinto Pimenta\",\"Parque Estadual Alto Cariri\",\"Pol\u00edtica Fundi\u00e1ria\",\"Povos e Comunidades Tradicionais\",\"Regi\u00e3o do Jequitinhonha\\\/Mucuri\",\"Salto da Divisa\",\"Santa Maria do Salto\"],\"articleSection\":[\"Vale do Jequitinhonha\"],\"inLanguage\":\"pt-BR\",\"potentialAction\":[{\"@type\":\"CommentAction\",\"name\":\"Comment\",\"target\":[\"https:\\\/\\\/aconteceunovale.com.br\\\/portal\\\/?p=91903#respond\"]}]},{\"@type\":\"WebPage\",\"@id\":\"https:\\\/\\\/aconteceunovale.com.br\\\/portal\\\/?p=91903\",\"url\":\"https:\\\/\\\/aconteceunovale.com.br\\\/portal\\\/?p=91903\",\"name\":\"Agricultores que ocupam parque no Vale do Jequitinhonha reclamam de press\u00e3o de propriet\u00e1rio e omiss\u00e3o do Estado - Aconteceu no Vale\",\"isPartOf\":{\"@id\":\"https:\\\/\\\/aconteceunovale.com.br\\\/portal\\\/#website\"},\"primaryImageOfPage\":{\"@id\":\"https:\\\/\\\/aconteceunovale.com.br\\\/portal\\\/?p=91903#primaryimage\"},\"image\":{\"@id\":\"https:\\\/\\\/aconteceunovale.com.br\\\/portal\\\/?p=91903#primaryimage\"},\"thumbnailUrl\":\"https:\\\/\\\/aconteceunovale.com.br\\\/portal\\\/wp-content\\\/uploads\\\/2014\\\/09\\\/parque_cariri_jequi.jpg\",\"datePublished\":\"2016-07-13T16:58:58+00:00\",\"dateModified\":\"2016-07-13T17:04:40+00:00\",\"author\":{\"@id\":\"https:\\\/\\\/aconteceunovale.com.br\\\/portal\\\/#\\\/schema\\\/person\\\/633529146f2c94272bef50ac2953d589\"},\"breadcrumb\":{\"@id\":\"https:\\\/\\\/aconteceunovale.com.br\\\/portal\\\/?p=91903#breadcrumb\"},\"inLanguage\":\"pt-BR\",\"potentialAction\":[{\"@type\":\"ReadAction\",\"target\":[\"https:\\\/\\\/aconteceunovale.com.br\\\/portal\\\/?p=91903\"]}]},{\"@type\":\"ImageObject\",\"inLanguage\":\"pt-BR\",\"@id\":\"https:\\\/\\\/aconteceunovale.com.br\\\/portal\\\/?p=91903#primaryimage\",\"url\":\"https:\\\/\\\/aconteceunovale.com.br\\\/portal\\\/wp-content\\\/uploads\\\/2014\\\/09\\\/parque_cariri_jequi.jpg\",\"contentUrl\":\"https:\\\/\\\/aconteceunovale.com.br\\\/portal\\\/wp-content\\\/uploads\\\/2014\\\/09\\\/parque_cariri_jequi.jpg\",\"width\":640,\"height\":407},{\"@type\":\"BreadcrumbList\",\"@id\":\"https:\\\/\\\/aconteceunovale.com.br\\\/portal\\\/?p=91903#breadcrumb\",\"itemListElement\":[{\"@type\":\"ListItem\",\"position\":1,\"name\":\"In\u00edcio\",\"item\":\"https:\\\/\\\/aconteceunovale.com.br\\\/portal\\\/\"},{\"@type\":\"ListItem\",\"position\":2,\"name\":\"Agricultores que ocupam parque no Vale do Jequitinhonha reclamam de press\u00e3o de propriet\u00e1rio e omiss\u00e3o do Estado\"}]},{\"@type\":\"WebSite\",\"@id\":\"https:\\\/\\\/aconteceunovale.com.br\\\/portal\\\/#website\",\"url\":\"https:\\\/\\\/aconteceunovale.com.br\\\/portal\\\/\",\"name\":\"Aconteceu no Vale\",\"description\":\"Portal de Not\u00edcias\",\"potentialAction\":[{\"@type\":\"SearchAction\",\"target\":{\"@type\":\"EntryPoint\",\"urlTemplate\":\"https:\\\/\\\/aconteceunovale.com.br\\\/portal\\\/?s={search_term_string}\"},\"query-input\":{\"@type\":\"PropertyValueSpecification\",\"valueRequired\":true,\"valueName\":\"search_term_string\"}}],\"inLanguage\":\"pt-BR\"},{\"@type\":\"Person\",\"@id\":\"https:\\\/\\\/aconteceunovale.com.br\\\/portal\\\/#\\\/schema\\\/person\\\/633529146f2c94272bef50ac2953d589\",\"name\":\"Aconteceu no Vale\",\"description\":\"Equipe de reportagem do Aconteceu no Vale, portal de not\u00edcias do Vale do Jequitinhonha, em Minas Gerais. Cobrimos as 51 cidades do Vale desde 2013. Sugest\u00f5es de pauta e pedidos de corre\u00e7\u00e3o: contato@aconteceunovale.com.br\",\"sameAs\":[\"http:\\\/\\\/www.aconteceunovale.com.br\"],\"url\":\"https:\\\/\\\/aconteceunovale.com.br\\\/portal\\\/?author=1\"}]}<\/script>\n<!-- \/ Yoast SEO plugin. -->","yoast_head_json":{"title":"Agricultores que ocupam parque no Vale do Jequitinhonha reclamam de press\u00e3o de propriet\u00e1rio e omiss\u00e3o do Estado - Aconteceu no Vale","robots":{"index":"index","follow":"follow","max-snippet":"max-snippet:-1","max-image-preview":"max-image-preview:large","max-video-preview":"max-video-preview:-1"},"canonical":"https:\/\/aconteceunovale.com.br\/portal\/?p=91903","og_locale":"pt_BR","og_type":"article","og_title":"Agricultores que ocupam parque no Vale do Jequitinhonha reclamam de press\u00e3o de propriet\u00e1rio e omiss\u00e3o do Estado - Aconteceu no Vale","og_description":"Agricultores da comunidade Cabeceira do Piabanha, no Vale do Jequitinhonha, est\u00e3o \u00e0 beira de um conflito agr\u00e1rio devido \u00e0 n\u00e3o regulariza\u00e7\u00e3o fundi\u00e1ria da unidade e a press\u00e3o dos propriet\u00e1rios da terra, que n\u00e3o teriam sido indenizados pelo Estado. Para solucionar a quest\u00e3o, foi proposto, nesta ter\u00e7a-feira (12\/7\/16), em audi\u00eancia na Assembleia Legislativa de Minas Gerais [&hellip;]","og_url":"https:\/\/aconteceunovale.com.br\/portal\/?p=91903","og_site_name":"Aconteceu no Vale","article_publisher":"https:\/\/www.facebook.com\/aconteceunovale\/","article_published_time":"2016-07-13T16:58:58+00:00","article_modified_time":"2016-07-13T17:04:40+00:00","og_image":[{"width":640,"height":407,"url":"https:\/\/aconteceunovale.com.br\/portal\/wp-content\/uploads\/2014\/09\/parque_cariri_jequi.jpg","type":"image\/jpeg"}],"author":"Aconteceu no Vale","twitter_card":"summary_large_image","twitter_creator":"@noticiadosvales","twitter_site":"@noticiadosvales","twitter_misc":{"Escrito por":"Aconteceu no Vale","Est. tempo de leitura":"5 minutos"},"schema":{"@context":"https:\/\/schema.org","@graph":[{"@type":"Article","@id":"https:\/\/aconteceunovale.com.br\/portal\/?p=91903#article","isPartOf":{"@id":"https:\/\/aconteceunovale.com.br\/portal\/?p=91903"},"author":{"name":"Aconteceu no Vale","@id":"https:\/\/aconteceunovale.com.br\/portal\/#\/schema\/person\/633529146f2c94272bef50ac2953d589"},"headline":"Agricultores que ocupam parque no Vale do Jequitinhonha reclamam de press\u00e3o de propriet\u00e1rio e omiss\u00e3o do Estado","datePublished":"2016-07-13T16:58:58+00:00","dateModified":"2016-07-13T17:04:40+00:00","mainEntityOfPage":{"@id":"https:\/\/aconteceunovale.com.br\/portal\/?p=91903"},"wordCount":996,"commentCount":0,"image":{"@id":"https:\/\/aconteceunovale.com.br\/portal\/?p=91903#primaryimage"},"thumbnailUrl":"https:\/\/aconteceunovale.com.br\/portal\/wp-content\/uploads\/2014\/09\/parque_cariri_jequi.jpg","keywords":["Agricultores denunciam amea\u00e7a de mineradora no Vale do Jequitinhonha","Agricultores que ocupam Parque Estadual Alto Cariri reclamam de press\u00e3o de propriet\u00e1rio e omiss\u00e3o do Estado","Agricultores que ocupam parque no Vale do Jequitinhonha reclamam de press\u00e3o de propriet\u00e1rio e omiss\u00e3o do Estado","Agropecu\u00e1ria","Aldenir Vianna Pereira","Amanda Couto Medeiros","amea\u00e7a Cabeceira do Piabanha","Ana Cl\u00e1udia da Silva Alexandre","Cabeceira do Piabanha","Cabeceira do Piabanha parque estadual do cariri","c\u00f3rrego Piabanha","Direitos Humanos","fam\u00edlia Pimenta","Frei Gilvander","Frei Gilvander Lu\u00eds Moreira","Graffite","\u00cdndios","Meio Ambiente","Minera\u00e7\u00e3o","Nacional Graffite","negros","Nivaldo Moraes Nascimento","Olinto Herculano Pimenta","Olinto Pimenta","Parque Estadual Alto Cariri","Pol\u00edtica Fundi\u00e1ria","Povos e Comunidades Tradicionais","Regi\u00e3o do Jequitinhonha\/Mucuri","Salto da Divisa","Santa Maria do Salto"],"articleSection":["Vale do Jequitinhonha"],"inLanguage":"pt-BR","potentialAction":[{"@type":"CommentAction","name":"Comment","target":["https:\/\/aconteceunovale.com.br\/portal\/?p=91903#respond"]}]},{"@type":"WebPage","@id":"https:\/\/aconteceunovale.com.br\/portal\/?p=91903","url":"https:\/\/aconteceunovale.com.br\/portal\/?p=91903","name":"Agricultores que ocupam parque no Vale do Jequitinhonha reclamam de press\u00e3o de propriet\u00e1rio e omiss\u00e3o do Estado - Aconteceu no Vale","isPartOf":{"@id":"https:\/\/aconteceunovale.com.br\/portal\/#website"},"primaryImageOfPage":{"@id":"https:\/\/aconteceunovale.com.br\/portal\/?p=91903#primaryimage"},"image":{"@id":"https:\/\/aconteceunovale.com.br\/portal\/?p=91903#primaryimage"},"thumbnailUrl":"https:\/\/aconteceunovale.com.br\/portal\/wp-content\/uploads\/2014\/09\/parque_cariri_jequi.jpg","datePublished":"2016-07-13T16:58:58+00:00","dateModified":"2016-07-13T17:04:40+00:00","author":{"@id":"https:\/\/aconteceunovale.com.br\/portal\/#\/schema\/person\/633529146f2c94272bef50ac2953d589"},"breadcrumb":{"@id":"https:\/\/aconteceunovale.com.br\/portal\/?p=91903#breadcrumb"},"inLanguage":"pt-BR","potentialAction":[{"@type":"ReadAction","target":["https:\/\/aconteceunovale.com.br\/portal\/?p=91903"]}]},{"@type":"ImageObject","inLanguage":"pt-BR","@id":"https:\/\/aconteceunovale.com.br\/portal\/?p=91903#primaryimage","url":"https:\/\/aconteceunovale.com.br\/portal\/wp-content\/uploads\/2014\/09\/parque_cariri_jequi.jpg","contentUrl":"https:\/\/aconteceunovale.com.br\/portal\/wp-content\/uploads\/2014\/09\/parque_cariri_jequi.jpg","width":640,"height":407},{"@type":"BreadcrumbList","@id":"https:\/\/aconteceunovale.com.br\/portal\/?p=91903#breadcrumb","itemListElement":[{"@type":"ListItem","position":1,"name":"In\u00edcio","item":"https:\/\/aconteceunovale.com.br\/portal\/"},{"@type":"ListItem","position":2,"name":"Agricultores que ocupam parque no Vale do Jequitinhonha reclamam de press\u00e3o de propriet\u00e1rio e omiss\u00e3o do Estado"}]},{"@type":"WebSite","@id":"https:\/\/aconteceunovale.com.br\/portal\/#website","url":"https:\/\/aconteceunovale.com.br\/portal\/","name":"Aconteceu no Vale","description":"Portal de Not\u00edcias","potentialAction":[{"@type":"SearchAction","target":{"@type":"EntryPoint","urlTemplate":"https:\/\/aconteceunovale.com.br\/portal\/?s={search_term_string}"},"query-input":{"@type":"PropertyValueSpecification","valueRequired":true,"valueName":"search_term_string"}}],"inLanguage":"pt-BR"},{"@type":"Person","@id":"https:\/\/aconteceunovale.com.br\/portal\/#\/schema\/person\/633529146f2c94272bef50ac2953d589","name":"Aconteceu no Vale","description":"Equipe de reportagem do Aconteceu no Vale, portal de not\u00edcias do Vale do Jequitinhonha, em Minas Gerais. Cobrimos as 51 cidades do Vale desde 2013. Sugest\u00f5es de pauta e pedidos de corre\u00e7\u00e3o: contato@aconteceunovale.com.br","sameAs":["http:\/\/www.aconteceunovale.com.br"],"url":"https:\/\/aconteceunovale.com.br\/portal\/?author=1"}]}},"_links":{"self":[{"href":"https:\/\/aconteceunovale.com.br\/portal\/index.php?rest_route=\/wp\/v2\/posts\/91903","targetHints":{"allow":["GET"]}}],"collection":[{"href":"https:\/\/aconteceunovale.com.br\/portal\/index.php?rest_route=\/wp\/v2\/posts"}],"about":[{"href":"https:\/\/aconteceunovale.com.br\/portal\/index.php?rest_route=\/wp\/v2\/types\/post"}],"author":[{"embeddable":true,"href":"https:\/\/aconteceunovale.com.br\/portal\/index.php?rest_route=\/wp\/v2\/users\/1"}],"replies":[{"embeddable":true,"href":"https:\/\/aconteceunovale.com.br\/portal\/index.php?rest_route=%2Fwp%2Fv2%2Fcomments&post=91903"}],"version-history":[{"count":0,"href":"https:\/\/aconteceunovale.com.br\/portal\/index.php?rest_route=\/wp\/v2\/posts\/91903\/revisions"}],"wp:featuredmedia":[{"embeddable":true,"href":"https:\/\/aconteceunovale.com.br\/portal\/index.php?rest_route=\/wp\/v2\/media\/40568"}],"wp:attachment":[{"href":"https:\/\/aconteceunovale.com.br\/portal\/index.php?rest_route=%2Fwp%2Fv2%2Fmedia&parent=91903"}],"wp:term":[{"taxonomy":"category","embeddable":true,"href":"https:\/\/aconteceunovale.com.br\/portal\/index.php?rest_route=%2Fwp%2Fv2%2Fcategories&post=91903"},{"taxonomy":"post_tag","embeddable":true,"href":"https:\/\/aconteceunovale.com.br\/portal\/index.php?rest_route=%2Fwp%2Fv2%2Ftags&post=91903"}],"curies":[{"name":"wp","href":"https:\/\/api.w.org\/{rel}","templated":true}]}}