{"id":91894,"date":"2016-07-13T11:45:55","date_gmt":"2016-07-13T14:45:55","guid":{"rendered":"http:\/\/aconteceunovale.com.br\/portal\/?p=91894"},"modified":"2016-07-14T15:15:48","modified_gmt":"2016-07-14T18:15:48","slug":"justica-determina-que-municipio-de-alpercata-construa-aterro-sanitario","status":"publish","type":"post","link":"https:\/\/aconteceunovale.com.br\/portal\/?p=91894","title":{"rendered":"Justi\u00e7a determina que munic\u00edpio de Alpercata construa aterro sanit\u00e1rio"},"content":{"rendered":"<p>O Munic\u00edpio de Alpercata, na regi\u00e3o do Rio Doce, foi condenado pela Justi\u00e7a a deixar de utilizar uma \u00e1rea de lix\u00e3o. A prefeitura ter\u00e1 ainda que indicar um terreno e construir um aterro sanit\u00e1rio para fins de regulariza\u00e7\u00e3o do descarte de res\u00edduos s\u00f3lidos. A decis\u00e3o, dos desembargadores que integram a 8\u00aa C\u00e2mara C\u00edvel, foi tomada ap\u00f3s o julgamento de uma a\u00e7\u00e3o civil p\u00fablica ajuizada pelo Minist\u00e9rio P\u00fablico de Minas Gerais (MP).<\/p>\n<p>O MP requereu n\u00e3o apenas a suspens\u00e3o imediata do descarte de res\u00edduos s\u00f3lidos na \u00e1rea do lix\u00e3o e a constru\u00e7\u00e3o do aterro sanit\u00e1rio, como tamb\u00e9m a indeniza\u00e7\u00e3o pelos danos ambientais. O munic\u00edpio foi apontado como poluidor e agente causador de danos ambientais que superam sua esfera jur\u00eddica e alcan\u00e7am outras comunidades, irradiando os efeitos prejudiciais de sua conduta para o meio ambiente.<\/p>\n<p>Na an\u00e1lise do caso, o relator do processo, desembargador Edgard Penna Amorim, afirmou que ficou comprovado o descarte irregular e nocivo de res\u00edduos s\u00f3lidos em \u00e1rea n\u00e3o licenciada para uma atividade de potencial poluidor. Para o relator, a determina\u00e7\u00e3o feita ao munic\u00edpio n\u00e3o \u00e9 uma invas\u00e3o \u00e0 compet\u00eancia do Poder Executivo municipal, mas atende \u00e0 necessidade de obrig\u00e1-lo a adotar medida m\u00ednima e essencial \u00e0 preserva\u00e7\u00e3o ambiental.<\/p>\n<p><strong>Lixo<\/strong><\/p>\n<p>O relator citou o termo de ajustamento de conduta firmado pelo munic\u00edpio, relativo \u00e0 constru\u00e7\u00e3o de um aterro sanit\u00e1rio. Para o magistrado, esse compromisso e o encerramento das atividades na \u00e1rea utilizada indevidamente permitem que partes da senten\u00e7a sejam modificadas, mantendo-se, contudo, a necessidade de cessar a disposi\u00e7\u00e3o do lixo na BR-116, em frente ao trevo da cidade, e o recolhimento da totalidade do lixo descoberto no terreno, que deve ser acondicionado em locais fechados.<\/p>\n<p>O desembargador manteve ainda a determina\u00e7\u00e3o de que o munic\u00edpio aponte em 30 dias um local compat\u00edvel, que atenda \u00e0s exig\u00eancias da Secretaria Estadual do Meio Ambiente, para a disposi\u00e7\u00e3o final do seu lixo urbano. No local, o munic\u00edpio dever\u00e1 construir o aterro sanit\u00e1rio, num prazo de 12 meses, atendidas as normas t\u00e9cnicas previstas na legisla\u00e7\u00e3o ambiental. Com a decis\u00e3o, o munic\u00edpio ter\u00e1 ainda que dar destina\u00e7\u00e3o espec\u00edfica ao lixo hospitalar.<\/p>\n<p><strong>Len\u00e7ol fre\u00e1tico<\/strong><\/p>\n<p>O munic\u00edpio ficou obrigado a monitorar os n\u00edveis de contamina\u00e7\u00e3o do len\u00e7ol fre\u00e1tico, bem como a adotar as medidas necess\u00e1rias \u00e0 neutraliza\u00e7\u00e3o da contamina\u00e7\u00e3o.<\/p>\n<p>Os desembargadores estabeleceram ainda prazos variados para o cumprimento das determina\u00e7\u00f5es, sob pena de multa. O munic\u00edpio tamb\u00e9m foi condenado a pagar indeniza\u00e7\u00e3o pelos danos causados ao solo e aos recursos h\u00eddricos, a ser quantificada por per\u00edcia. O valor ser\u00e1 recolhido ao Fundo Especial de Repara\u00e7\u00e3o de Interesses Difusos Lesados.<\/p>\n<p>Os magistrados modificaram a decis\u00e3o proferida em primeira inst\u00e2ncia, dispensando o munic\u00edpio de exig\u00eancias como a implanta\u00e7\u00e3o de um sistema de drenagem de \u00e1guas fluviais e o cercamento da \u00e1rea com a implanta\u00e7\u00e3o de vigil\u00e2ncia, entre outros pontos.<\/p>\n<p>Os desembargadores Teresa Cristina da Cunha Peixoto e Paulo Balbino acompanharam o voto do relator.<\/p>\n<p><strong>Nota da prefeitura<\/strong><\/p>\n<p>Leia a \u00edntegra da nota divulgada pela Prefeitura Municipal de Alpercata sobre a determina\u00e7\u00e3o do TJMG:<\/p>\n<p><em>Sobre a determina\u00e7\u00e3o do TJMG para construir aterro sanit\u00e1rio no munic\u00edpio de Alpercata, explica-se que:<\/p>\n<p>1- O munic\u00edpio, at\u00e9 o presente momento, n\u00e3o recebeu nenhuma notifica\u00e7\u00e3o do TJMG;<\/p>\n<p>2- O terreno para implanta\u00e7\u00e3o de um Aterro Sanit\u00e1rio, primeiramente deve passar por estudos e s\u00f3 depois de aprovado \u00e9 que o mesmo seria adquirido, isto com certeza levaria um tempo maior que 30 dias;<\/p>\n<p>3 &#8211; Para atender as exig\u00eancias legais, o Aterro Sanit\u00e1rio s\u00f3 \u00e9 exigido para munic\u00edpios acima de 50 mil habitantes;<\/p>\n<p>4 &#8211; O munic\u00edpio destina seus res\u00edduos para o local citado por um tempo superior h\u00e1 mais de 12 anos, e informamos que o local utilizado n\u00e3o \u00e9 improprio para aterro dos rejeitos;<\/p>\n<p>5 &#8211; O munic\u00edpio n\u00e3o tem recursos financeiros para a constru\u00e7\u00e3o do Aterro Sanit\u00e1rio e busca, incessantemente, assim como mais de 60% dos munic\u00edpios mineiros, resolver o problema, inclusive se dispondo a participar do cons\u00f3rcio oferecido pelo Estado, mas at\u00e9 o presente momento nada conseguiu junto ao Estado e Uni\u00e3o;<\/p>\n<p>O munic\u00edpio de Alpercata, possui um Aterro controlado que \u00e9 a medida m\u00ednima aceita pelo \u00f3rg\u00e3o respons\u00e1vel e para se adequar a legisla\u00e7\u00e3o, precisaria construir uma Usina de Triagem e Compostagem de Lixo e um Aterro Sanit\u00e1rio de Pequeno Porte, por\u00e9m n\u00e3o existem recursos para tal finalidade, o que justifica a dificuldade de cumprimento pelos munic\u00edpios, principalmente os pequenos. <\/p>\n<p>O Estado na tentativa de resolver o problema, apresentou o consorciamento entre munic\u00edpios, como alternativa e Alpercata aceita consorciar mas, n\u00e3o depende s\u00f3 de um munic\u00edpio a decis\u00e3o, portanto estamos no aguardo da inclus\u00e3o dos outros munic\u00edpios, para resolver de forma definitiva o problema da destina\u00e7\u00e3o de nossos res\u00edduos.<\/p>\n<p>Nesse sentido, uma das metas estabelecidas, pelo munic\u00edpio \u00e9 a de tratar adequadamente os res\u00edduos s\u00f3lidos, visando adequar a destina\u00e7\u00e3o correta e fomentar o reaproveitamento, bem como a de estabelecer parcerias na busca de solu\u00e7\u00f5es para a quest\u00e3o.<\/p>\n<p>Assessoria de Comunica\u00e7\u00e3o<br \/>\nPrefeitura de Alpercata<\/em><\/p>\n<p><em>(Fonte: Com informa\u00e7\u00f5es do TJMG)<\/em><\/p>\n","protected":false},"excerpt":{"rendered":"<p>O Munic\u00edpio de Alpercata, na regi\u00e3o do Rio Doce, foi condenado pela Justi\u00e7a a deixar de utilizar uma \u00e1rea de lix\u00e3o. A prefeitura ter\u00e1 ainda que indicar um terreno e construir um aterro sanit\u00e1rio para fins de regulariza\u00e7\u00e3o do descarte de res\u00edduos s\u00f3lidos. A decis\u00e3o, dos desembargadores que integram a 8\u00aa C\u00e2mara C\u00edvel, foi tomada [&hellip;]<\/p>\n","protected":false},"author":1,"featured_media":91895,"comment_status":"open","ping_status":"closed","sticky":false,"template":"","format":"standard","meta":{"amp_status":"","footnotes":""},"categories":[121],"tags":[274,104760,104759,104761,104763,104762],"class_list":["post-91894","post","type-post","status-publish","format-standard","has-post-thumbnail","hentry","category-leste","tag-alpercata","tag-alpercata-devera-construir-aterro-sanitario","tag-aterro-sanitario-alpercata","tag-construcao-de-aterro-sanitario-alpercata","tag-justica-determina-que-municipio-de-alpercata-construa-aterro-sanitario","tag-municipio-de-alpercata-foi-condenado-pela-justica-a-deixar-de-utilizar-uma-area-de-lixao"],"yoast_head":"<!-- This site is optimized with the Yoast SEO plugin v28.3 - https:\/\/yoast.com\/product\/yoast-seo-wordpress\/ -->\n<title>Justi\u00e7a determina que munic\u00edpio de Alpercata construa aterro sanit\u00e1rio - Aconteceu no Vale<\/title>\n<meta name=\"robots\" content=\"index, follow, max-snippet:-1, max-image-preview:large, max-video-preview:-1\" \/>\n<link rel=\"canonical\" href=\"https:\/\/aconteceunovale.com.br\/portal\/?p=91894\" \/>\n<meta property=\"og:locale\" content=\"pt_BR\" \/>\n<meta property=\"og:type\" content=\"article\" \/>\n<meta property=\"og:title\" content=\"Justi\u00e7a determina que munic\u00edpio de Alpercata construa aterro sanit\u00e1rio - Aconteceu no Vale\" \/>\n<meta property=\"og:description\" content=\"O Munic\u00edpio de Alpercata, na regi\u00e3o do Rio Doce, foi condenado pela Justi\u00e7a a deixar de utilizar uma \u00e1rea de lix\u00e3o. A prefeitura ter\u00e1 ainda que indicar um terreno e construir um aterro sanit\u00e1rio para fins de regulariza\u00e7\u00e3o do descarte de res\u00edduos s\u00f3lidos. A decis\u00e3o, dos desembargadores que integram a 8\u00aa C\u00e2mara C\u00edvel, foi tomada [&hellip;]\" \/>\n<meta property=\"og:url\" content=\"https:\/\/aconteceunovale.com.br\/portal\/?p=91894\" \/>\n<meta property=\"og:site_name\" content=\"Aconteceu no Vale\" \/>\n<meta property=\"article:publisher\" content=\"https:\/\/www.facebook.com\/aconteceunovale\/\" \/>\n<meta property=\"article:published_time\" content=\"2016-07-13T14:45:55+00:00\" \/>\n<meta property=\"article:modified_time\" content=\"2016-07-14T18:15:48+00:00\" \/>\n<meta property=\"og:image\" content=\"https:\/\/aconteceunovale.com.br\/portal\/wp-content\/uploads\/2016\/07\/alpercata.jpg\" \/>\n\t<meta property=\"og:image:width\" content=\"500\" \/>\n\t<meta property=\"og:image:height\" content=\"375\" \/>\n\t<meta property=\"og:image:type\" content=\"image\/jpeg\" \/>\n<meta name=\"author\" content=\"Aconteceu no Vale\" \/>\n<meta name=\"twitter:card\" content=\"summary_large_image\" \/>\n<meta name=\"twitter:creator\" content=\"@noticiadosvales\" \/>\n<meta name=\"twitter:site\" content=\"@noticiadosvales\" \/>\n<meta name=\"twitter:label1\" content=\"Escrito por\" \/>\n\t<meta name=\"twitter:data1\" content=\"Aconteceu no Vale\" \/>\n\t<meta name=\"twitter:label2\" content=\"Est. tempo de leitura\" \/>\n\t<meta name=\"twitter:data2\" content=\"5 minutos\" \/>\n<script type=\"application\/ld+json\" class=\"yoast-schema-graph\">{\"@context\":\"https:\\\/\\\/schema.org\",\"@graph\":[{\"@type\":\"Article\",\"@id\":\"https:\\\/\\\/aconteceunovale.com.br\\\/portal\\\/?p=91894#article\",\"isPartOf\":{\"@id\":\"https:\\\/\\\/aconteceunovale.com.br\\\/portal\\\/?p=91894\"},\"author\":{\"name\":\"Aconteceu no Vale\",\"@id\":\"https:\\\/\\\/aconteceunovale.com.br\\\/portal\\\/#\\\/schema\\\/person\\\/633529146f2c94272bef50ac2953d589\"},\"headline\":\"Justi\u00e7a determina que munic\u00edpio de Alpercata construa aterro sanit\u00e1rio\",\"datePublished\":\"2016-07-13T14:45:55+00:00\",\"dateModified\":\"2016-07-14T18:15:48+00:00\",\"mainEntityOfPage\":{\"@id\":\"https:\\\/\\\/aconteceunovale.com.br\\\/portal\\\/?p=91894\"},\"wordCount\":938,\"commentCount\":0,\"image\":{\"@id\":\"https:\\\/\\\/aconteceunovale.com.br\\\/portal\\\/?p=91894#primaryimage\"},\"thumbnailUrl\":\"https:\\\/\\\/aconteceunovale.com.br\\\/portal\\\/wp-content\\\/uploads\\\/2016\\\/07\\\/alpercata.jpg\",\"keywords\":[\"Alpercata\",\"Alpercata dever\u00e1 construir aterro sanit\u00e1rio\",\"aterro sanit\u00e1rio Alpercata\",\"constru\u00e7\u00e3o de aterro sanit\u00e1rio Alpercata\",\"Justi\u00e7a determina que munic\u00edpio de Alpercata construa aterro sanit\u00e1rio\",\"Munic\u00edpio de Alpercata foi condenado pela Justi\u00e7a a deixar de utilizar uma \u00e1rea de lix\u00e3o\"],\"articleSection\":[\"Leste de Minas\"],\"inLanguage\":\"pt-BR\",\"potentialAction\":[{\"@type\":\"CommentAction\",\"name\":\"Comment\",\"target\":[\"https:\\\/\\\/aconteceunovale.com.br\\\/portal\\\/?p=91894#respond\"]}]},{\"@type\":\"WebPage\",\"@id\":\"https:\\\/\\\/aconteceunovale.com.br\\\/portal\\\/?p=91894\",\"url\":\"https:\\\/\\\/aconteceunovale.com.br\\\/portal\\\/?p=91894\",\"name\":\"Justi\u00e7a determina que munic\u00edpio de Alpercata construa aterro sanit\u00e1rio - Aconteceu no Vale\",\"isPartOf\":{\"@id\":\"https:\\\/\\\/aconteceunovale.com.br\\\/portal\\\/#website\"},\"primaryImageOfPage\":{\"@id\":\"https:\\\/\\\/aconteceunovale.com.br\\\/portal\\\/?p=91894#primaryimage\"},\"image\":{\"@id\":\"https:\\\/\\\/aconteceunovale.com.br\\\/portal\\\/?p=91894#primaryimage\"},\"thumbnailUrl\":\"https:\\\/\\\/aconteceunovale.com.br\\\/portal\\\/wp-content\\\/uploads\\\/2016\\\/07\\\/alpercata.jpg\",\"datePublished\":\"2016-07-13T14:45:55+00:00\",\"dateModified\":\"2016-07-14T18:15:48+00:00\",\"author\":{\"@id\":\"https:\\\/\\\/aconteceunovale.com.br\\\/portal\\\/#\\\/schema\\\/person\\\/633529146f2c94272bef50ac2953d589\"},\"breadcrumb\":{\"@id\":\"https:\\\/\\\/aconteceunovale.com.br\\\/portal\\\/?p=91894#breadcrumb\"},\"inLanguage\":\"pt-BR\",\"potentialAction\":[{\"@type\":\"ReadAction\",\"target\":[\"https:\\\/\\\/aconteceunovale.com.br\\\/portal\\\/?p=91894\"]}]},{\"@type\":\"ImageObject\",\"inLanguage\":\"pt-BR\",\"@id\":\"https:\\\/\\\/aconteceunovale.com.br\\\/portal\\\/?p=91894#primaryimage\",\"url\":\"https:\\\/\\\/aconteceunovale.com.br\\\/portal\\\/wp-content\\\/uploads\\\/2016\\\/07\\\/alpercata.jpg\",\"contentUrl\":\"https:\\\/\\\/aconteceunovale.com.br\\\/portal\\\/wp-content\\\/uploads\\\/2016\\\/07\\\/alpercata.jpg\",\"width\":500,\"height\":375},{\"@type\":\"BreadcrumbList\",\"@id\":\"https:\\\/\\\/aconteceunovale.com.br\\\/portal\\\/?p=91894#breadcrumb\",\"itemListElement\":[{\"@type\":\"ListItem\",\"position\":1,\"name\":\"In\u00edcio\",\"item\":\"https:\\\/\\\/aconteceunovale.com.br\\\/portal\\\/\"},{\"@type\":\"ListItem\",\"position\":2,\"name\":\"Justi\u00e7a determina que munic\u00edpio de Alpercata construa aterro sanit\u00e1rio\"}]},{\"@type\":\"WebSite\",\"@id\":\"https:\\\/\\\/aconteceunovale.com.br\\\/portal\\\/#website\",\"url\":\"https:\\\/\\\/aconteceunovale.com.br\\\/portal\\\/\",\"name\":\"Aconteceu no Vale\",\"description\":\"Portal de Not\u00edcias\",\"potentialAction\":[{\"@type\":\"SearchAction\",\"target\":{\"@type\":\"EntryPoint\",\"urlTemplate\":\"https:\\\/\\\/aconteceunovale.com.br\\\/portal\\\/?s={search_term_string}\"},\"query-input\":{\"@type\":\"PropertyValueSpecification\",\"valueRequired\":true,\"valueName\":\"search_term_string\"}}],\"inLanguage\":\"pt-BR\"},{\"@type\":\"Person\",\"@id\":\"https:\\\/\\\/aconteceunovale.com.br\\\/portal\\\/#\\\/schema\\\/person\\\/633529146f2c94272bef50ac2953d589\",\"name\":\"Aconteceu no Vale\",\"description\":\"Equipe de reportagem do Aconteceu no Vale, portal de not\u00edcias do Vale do Jequitinhonha, em Minas Gerais. Cobrimos as 51 cidades do Vale desde 2013. Sugest\u00f5es de pauta e pedidos de corre\u00e7\u00e3o: contato@aconteceunovale.com.br\",\"sameAs\":[\"http:\\\/\\\/www.aconteceunovale.com.br\"],\"url\":\"https:\\\/\\\/aconteceunovale.com.br\\\/portal\\\/?author=1\"}]}<\/script>\n<!-- \/ Yoast SEO plugin. -->","yoast_head_json":{"title":"Justi\u00e7a determina que munic\u00edpio de Alpercata construa aterro sanit\u00e1rio - Aconteceu no Vale","robots":{"index":"index","follow":"follow","max-snippet":"max-snippet:-1","max-image-preview":"max-image-preview:large","max-video-preview":"max-video-preview:-1"},"canonical":"https:\/\/aconteceunovale.com.br\/portal\/?p=91894","og_locale":"pt_BR","og_type":"article","og_title":"Justi\u00e7a determina que munic\u00edpio de Alpercata construa aterro sanit\u00e1rio - Aconteceu no Vale","og_description":"O Munic\u00edpio de Alpercata, na regi\u00e3o do Rio Doce, foi condenado pela Justi\u00e7a a deixar de utilizar uma \u00e1rea de lix\u00e3o. A prefeitura ter\u00e1 ainda que indicar um terreno e construir um aterro sanit\u00e1rio para fins de regulariza\u00e7\u00e3o do descarte de res\u00edduos s\u00f3lidos. A decis\u00e3o, dos desembargadores que integram a 8\u00aa C\u00e2mara C\u00edvel, foi tomada [&hellip;]","og_url":"https:\/\/aconteceunovale.com.br\/portal\/?p=91894","og_site_name":"Aconteceu no Vale","article_publisher":"https:\/\/www.facebook.com\/aconteceunovale\/","article_published_time":"2016-07-13T14:45:55+00:00","article_modified_time":"2016-07-14T18:15:48+00:00","og_image":[{"width":500,"height":375,"url":"https:\/\/aconteceunovale.com.br\/portal\/wp-content\/uploads\/2016\/07\/alpercata.jpg","type":"image\/jpeg"}],"author":"Aconteceu no Vale","twitter_card":"summary_large_image","twitter_creator":"@noticiadosvales","twitter_site":"@noticiadosvales","twitter_misc":{"Escrito por":"Aconteceu no Vale","Est. tempo de leitura":"5 minutos"},"schema":{"@context":"https:\/\/schema.org","@graph":[{"@type":"Article","@id":"https:\/\/aconteceunovale.com.br\/portal\/?p=91894#article","isPartOf":{"@id":"https:\/\/aconteceunovale.com.br\/portal\/?p=91894"},"author":{"name":"Aconteceu no Vale","@id":"https:\/\/aconteceunovale.com.br\/portal\/#\/schema\/person\/633529146f2c94272bef50ac2953d589"},"headline":"Justi\u00e7a determina que munic\u00edpio de Alpercata construa aterro sanit\u00e1rio","datePublished":"2016-07-13T14:45:55+00:00","dateModified":"2016-07-14T18:15:48+00:00","mainEntityOfPage":{"@id":"https:\/\/aconteceunovale.com.br\/portal\/?p=91894"},"wordCount":938,"commentCount":0,"image":{"@id":"https:\/\/aconteceunovale.com.br\/portal\/?p=91894#primaryimage"},"thumbnailUrl":"https:\/\/aconteceunovale.com.br\/portal\/wp-content\/uploads\/2016\/07\/alpercata.jpg","keywords":["Alpercata","Alpercata dever\u00e1 construir aterro sanit\u00e1rio","aterro sanit\u00e1rio Alpercata","constru\u00e7\u00e3o de aterro sanit\u00e1rio Alpercata","Justi\u00e7a determina que munic\u00edpio de Alpercata construa aterro sanit\u00e1rio","Munic\u00edpio de Alpercata foi condenado pela Justi\u00e7a a deixar de utilizar uma \u00e1rea de lix\u00e3o"],"articleSection":["Leste de Minas"],"inLanguage":"pt-BR","potentialAction":[{"@type":"CommentAction","name":"Comment","target":["https:\/\/aconteceunovale.com.br\/portal\/?p=91894#respond"]}]},{"@type":"WebPage","@id":"https:\/\/aconteceunovale.com.br\/portal\/?p=91894","url":"https:\/\/aconteceunovale.com.br\/portal\/?p=91894","name":"Justi\u00e7a determina que munic\u00edpio de Alpercata construa aterro sanit\u00e1rio - Aconteceu no Vale","isPartOf":{"@id":"https:\/\/aconteceunovale.com.br\/portal\/#website"},"primaryImageOfPage":{"@id":"https:\/\/aconteceunovale.com.br\/portal\/?p=91894#primaryimage"},"image":{"@id":"https:\/\/aconteceunovale.com.br\/portal\/?p=91894#primaryimage"},"thumbnailUrl":"https:\/\/aconteceunovale.com.br\/portal\/wp-content\/uploads\/2016\/07\/alpercata.jpg","datePublished":"2016-07-13T14:45:55+00:00","dateModified":"2016-07-14T18:15:48+00:00","author":{"@id":"https:\/\/aconteceunovale.com.br\/portal\/#\/schema\/person\/633529146f2c94272bef50ac2953d589"},"breadcrumb":{"@id":"https:\/\/aconteceunovale.com.br\/portal\/?p=91894#breadcrumb"},"inLanguage":"pt-BR","potentialAction":[{"@type":"ReadAction","target":["https:\/\/aconteceunovale.com.br\/portal\/?p=91894"]}]},{"@type":"ImageObject","inLanguage":"pt-BR","@id":"https:\/\/aconteceunovale.com.br\/portal\/?p=91894#primaryimage","url":"https:\/\/aconteceunovale.com.br\/portal\/wp-content\/uploads\/2016\/07\/alpercata.jpg","contentUrl":"https:\/\/aconteceunovale.com.br\/portal\/wp-content\/uploads\/2016\/07\/alpercata.jpg","width":500,"height":375},{"@type":"BreadcrumbList","@id":"https:\/\/aconteceunovale.com.br\/portal\/?p=91894#breadcrumb","itemListElement":[{"@type":"ListItem","position":1,"name":"In\u00edcio","item":"https:\/\/aconteceunovale.com.br\/portal\/"},{"@type":"ListItem","position":2,"name":"Justi\u00e7a determina que munic\u00edpio de Alpercata construa aterro sanit\u00e1rio"}]},{"@type":"WebSite","@id":"https:\/\/aconteceunovale.com.br\/portal\/#website","url":"https:\/\/aconteceunovale.com.br\/portal\/","name":"Aconteceu no Vale","description":"Portal de Not\u00edcias","potentialAction":[{"@type":"SearchAction","target":{"@type":"EntryPoint","urlTemplate":"https:\/\/aconteceunovale.com.br\/portal\/?s={search_term_string}"},"query-input":{"@type":"PropertyValueSpecification","valueRequired":true,"valueName":"search_term_string"}}],"inLanguage":"pt-BR"},{"@type":"Person","@id":"https:\/\/aconteceunovale.com.br\/portal\/#\/schema\/person\/633529146f2c94272bef50ac2953d589","name":"Aconteceu no Vale","description":"Equipe de reportagem do Aconteceu no Vale, portal de not\u00edcias do Vale do Jequitinhonha, em Minas Gerais. Cobrimos as 51 cidades do Vale desde 2013. Sugest\u00f5es de pauta e pedidos de corre\u00e7\u00e3o: contato@aconteceunovale.com.br","sameAs":["http:\/\/www.aconteceunovale.com.br"],"url":"https:\/\/aconteceunovale.com.br\/portal\/?author=1"}]}},"_links":{"self":[{"href":"https:\/\/aconteceunovale.com.br\/portal\/index.php?rest_route=\/wp\/v2\/posts\/91894","targetHints":{"allow":["GET"]}}],"collection":[{"href":"https:\/\/aconteceunovale.com.br\/portal\/index.php?rest_route=\/wp\/v2\/posts"}],"about":[{"href":"https:\/\/aconteceunovale.com.br\/portal\/index.php?rest_route=\/wp\/v2\/types\/post"}],"author":[{"embeddable":true,"href":"https:\/\/aconteceunovale.com.br\/portal\/index.php?rest_route=\/wp\/v2\/users\/1"}],"replies":[{"embeddable":true,"href":"https:\/\/aconteceunovale.com.br\/portal\/index.php?rest_route=%2Fwp%2Fv2%2Fcomments&post=91894"}],"version-history":[{"count":0,"href":"https:\/\/aconteceunovale.com.br\/portal\/index.php?rest_route=\/wp\/v2\/posts\/91894\/revisions"}],"wp:featuredmedia":[{"embeddable":true,"href":"https:\/\/aconteceunovale.com.br\/portal\/index.php?rest_route=\/wp\/v2\/media\/91895"}],"wp:attachment":[{"href":"https:\/\/aconteceunovale.com.br\/portal\/index.php?rest_route=%2Fwp%2Fv2%2Fmedia&parent=91894"}],"wp:term":[{"taxonomy":"category","embeddable":true,"href":"https:\/\/aconteceunovale.com.br\/portal\/index.php?rest_route=%2Fwp%2Fv2%2Fcategories&post=91894"},{"taxonomy":"post_tag","embeddable":true,"href":"https:\/\/aconteceunovale.com.br\/portal\/index.php?rest_route=%2Fwp%2Fv2%2Ftags&post=91894"}],"curies":[{"name":"wp","href":"https:\/\/api.w.org\/{rel}","templated":true}]}}