{"id":91885,"date":"2016-07-12T21:54:14","date_gmt":"2016-07-13T00:54:14","guid":{"rendered":"http:\/\/aconteceunovale.com.br\/portal\/?p=91885"},"modified":"2016-07-12T21:54:14","modified_gmt":"2016-07-13T00:54:14","slug":"palma-forrageira-complementa-dieta-animal-no-norte-de-minas-e-vale-do-jequitinhonha","status":"publish","type":"post","link":"https:\/\/aconteceunovale.com.br\/portal\/?p=91885","title":{"rendered":"Palma forrageira complementa dieta animal no Norte de Minas e Vale do Jequitinhonha"},"content":{"rendered":"<p>Produtores rurais do Norte de Minas Gerais investem no cultivo da palma forrageira como op\u00e7\u00e3o para complementar a alimenta\u00e7\u00e3o do rebanho leiteiro, principalmente em tempos de seca. Sem depender diretamente da chuva, a planta serve de alimento para bois, cabras e ovelhas, al\u00e9m de ajudar na hidrata\u00e7\u00e3o dos animais, j\u00e1 que \u00e9 constitu\u00edda por at\u00e9 90% de \u00e1gua.<\/p>\n<p>Para ampliar a oferta da palma na regi\u00e3o, a Empresa de Pesquisa Agropecu\u00e1ria de Minas Gerais (Epamig), em parceria com a Empresa de Assist\u00eancia T\u00e9cnica e Extens\u00e3o Rural do Estado de Minas Gerais (Emater-MG), fornece mudas da planta e capacita o cultivo junto aos produtores locais.<\/p>\n<p>Segundo a pesquisadora e chefe-geral da Epamig Norte, Polyanna Oliveira, o projeto de distribui\u00e7\u00e3o da palma este ano passou a receber recursos da Funda\u00e7\u00e3o de Amparo \u00e0 Pesquisa do Estado de Minas Gerais (Fapemig). \u201cVamos capacitar os extensionistas da Emater para repassarem o conhecimento t\u00e9cnico em todas as unidades demonstrativas que plantarem a palma, e vamos tamb\u00e9m instalar unidades demonstrativas da cultura\u201d, explica.<\/p>\n<p><img decoding=\"async\" src=\"http:\/\/aconteceunovale.com.br\/portal\/wp-content\/uploads\/2016\/07\/Palma1.jpg\" alt=\"\" \/><em>Constitu\u00edda por at\u00e9 90% de \u00e1gua, a palma forrageira \u00e9 importante na alimenta\u00e7\u00e3o do rebanho leiteiro em \u00e1reas afetadas pela seca (Foto: Divulga\u00e7\u00e3o\/Epamig\/Ag\u00eancia Minas)<\/em><br \/>\n<\/br><\/p>\n<p>Na unidade da Epamig em Nova Porteirinha est\u00e3o sendo pesquisadas duas variedades da palma forrageira, a chamada palma gigante e a mi\u00fada ou doce. \u201cElas s\u00e3o totalmente diferentes, tanto em desenvolvimento, tamanho da raquete e nutrientes. Queremos descobrir qual a melhor op\u00e7\u00e3o para a regi\u00e3o, mas hoje trabalhamos mais com a palma gigante\u201d, conta Polyanna.<\/p>\n<p>Com o novo projeto financiado pela Fapemig, at\u00e9 setembro est\u00e1 prevista a instala\u00e7\u00e3o de sete unidades demonstrativas da palma forrageira, nos munic\u00edpios de Leme do Prado, Minas Novas, Chapada do Norte, Berilo, Jos\u00e9 Gon\u00e7alves de Minas, Jenipapo de Minas e Francisco Badar\u00f3, que receber\u00e3o as variedades e capacita\u00e7\u00e3o dos t\u00e9cnicos da Emater.<\/p>\n<p>O coordenador t\u00e9cnico da Emater em Jana\u00faba, Andr\u00e9 Caxito, conta que a palma, amplamente difundida no Nordeste do Brasil, come\u00e7ou a ter seu uso difundido no Norte de Minas Gerais h\u00e1 quatro anos, tamb\u00e9m em parceria com a Epamig. Neste per\u00edodo, 200 mil mudas (raquetes) foram distribu\u00eddas para produtores de 27 munic\u00edpios.<\/p>\n<p>\u201cQuem recebia a palma firmava o compromisso conosco de, no primeiro ano de colheita, disponibilizar pelo menos 10% das mudas para outros produtores. Assim, fomos multiplicando a cultura na regi\u00e3o, pois ela consegue aguentar os longos per\u00edodos de estiagem que estamos passando aqui\u201d, afirma.<\/p>\n<p><strong>Complementa\u00e7\u00e3o de dieta<\/strong><\/p>\n<p>Apesar de oferecer muita \u00e1gua e ser fonte de energia para o animal \u2013 podendo substituir em at\u00e9 70% a energia fornecida pelo milho \u2013 a palma tem baixo teor de fibra, prote\u00edna e mat\u00e9ria seca. Portanto, ela n\u00e3o deve ser utilizada como \u00fanica fonte de alimento para os bovinos, e sim como complementa\u00e7\u00e3o da dieta.<\/p>\n<p>\u201c\u00c9 necess\u00e1rio compensar a baixa quantidade de prote\u00edna. A palma pode participar em at\u00e9 50% da mat\u00e9ria seca da alimenta\u00e7\u00e3o dos animais, combinada com outro volumoso, como, por exemplo, silagem de sorgo, milho, mileto ou cana\u201d, recomenda o t\u00e9cnico da Epamig no Campo Experimental de Acau\u00e3, no Vale do Jequitinhonha, Jair Mendes.<\/p>\n<p>A grande vantagem da palma \u00e9 que, al\u00e9m de ser uma boa op\u00e7\u00e3o para a dieta dos animais, ela se sobressai em condi\u00e7\u00f5es de seca. Em um hectare de terra, \u00e9 poss\u00edvel obter mais de 100 toneladas de palma forrageira, com custo baixo e pouca \u00e1gua.<\/p>\n<p>\u201cMuitas vezes o produtor planta milho ou sorgo, mas a estiagem entre uma chuva e outra o faz perder a lavoura e ter preju\u00edzos. A palma aguenta essas condi\u00e7\u00f5es\u201d, destaca Mendes. Al\u00e9m disso, estima-se que o gado consuma cerca de 20% a menos de \u00e1gua ao receber a palma em sua dieta.<\/p>\n<p><strong>Alternativa para o ano inteiro<\/strong><\/p>\n<p>A palma deve ser plantada 30 dias antes do in\u00edcio do per\u00edodo chuvoso, e \u00e9 colhida um ano ap\u00f3s o plantio. \u201cDepois disso, o produtor tem palma o ano inteiro, e n\u00e3o precisa esperar o per\u00edodo da seca para utiliz\u00e1-la\u201d, explica o coordenador t\u00e9cnico da Emater Jana\u00faba, Andr\u00e9 Caxito.<\/p>\n<p>\u00c9 o que faz Amaral de Castro Oliveira, que tem gado de corte no munic\u00edpio de Mamonas. Ap\u00f3s tr\u00eas anos plantando palma forrageira, agora ele est\u00e1 profissionalizando a produ\u00e7\u00e3o e planeja comprar uma fatiadora de palma, que faz o corte da planta com precis\u00e3o.<\/p>\n<p>\u201cMeus animais gostam muito. A \u00fanica dificuldade que tenho \u00e9 servir a palma, porque a raquete \u00e9 muito grande, ent\u00e3o gasto muito tempo para picar na m\u00e3o, e ela tem pequenos espinhos tamb\u00e9m. Vou comprar a m\u00e1quina para ajudar\u201d, relata.<\/p>\n<p>Para adotar a cultura, Amaral recebeu mudas da Epamig e assist\u00eancia t\u00e9cnica da Emater-MG. \u201cNingu\u00e9m plantava antes, mas quando a seca pegou, todo mundo come\u00e7ou a plantar a palma. Tenho mais ou menos 1.400 raquetes plantadas, que me ajudam muito nas \u00e9pocas piores de estiagem\u201d, conclui.<\/p>\n<p><strong>Dicas<\/strong><\/p>\n<p><img decoding=\"async\" src=\"http:\/\/aconteceunovale.com.br\/portal\/wp-content\/uploads\/2016\/07\/palma.jpg\" alt=\"\" \/><br \/>\n<\/br><\/p>\n<p>(Ag\u00eancia Minas)<\/p>\n","protected":false},"excerpt":{"rendered":"<p>Produtores rurais do Norte de Minas Gerais investem no cultivo da palma forrageira como op\u00e7\u00e3o para complementar a alimenta\u00e7\u00e3o do rebanho leiteiro, principalmente em tempos de seca. Sem depender diretamente da chuva, a planta serve de alimento para bois, cabras e ovelhas, al\u00e9m de ajudar na hidrata\u00e7\u00e3o dos animais, j\u00e1 que \u00e9 constitu\u00edda por at\u00e9 [&hellip;]<\/p>\n","protected":false},"author":1,"featured_media":91886,"comment_status":"open","ping_status":"closed","sticky":false,"template":"","format":"standard","meta":{"amp_status":"","footnotes":""},"categories":[1236,120],"tags":[104746,841,104747,481,104743,104739,98026,104742,1018,104751,104750,104752,104745,25775,28452,25886,25884,104744,187,79637,204,1218,917,480,137,1805,104749,104748,79634,104740,104741],"class_list":["post-91885","post","type-post","status-publish","format-standard","has-post-thumbnail","hentry","category-norte_de_minas","category-jequi","tag-andre-caxito","tag-berilo","tag-campo-experimental-de-acaua","tag-chapada-do-norte","tag-chefe-geral-da-epamig-norte","tag-complementacao-de-dieta-com-palma-forrageira","tag-cultivo-da-palma-forrageira","tag-cultivo-da-palma-forrageira-no-norte-de-minas","tag-destaque","tag-dicas-cultivo-palma-forrageira","tag-dicas-plantio-palma-forrageira","tag-dicas-producao-palma-forrageira","tag-emater-em-janauba","tag-emater-mg","tag-empresa-de-assistencia-tecnica-e-extensao-rural-do-estado-de-minas-gerais","tag-empresa-de-pesquisa-agropecuaria-de-minas-gerais","tag-epamig","tag-epamig-em-nova-porteirinha","tag-francisco-badaro","tag-jair-mendes","tag-janauba","tag-jenipapo-de-minas","tag-jose-goncalves-de-minas","tag-leme-do-prado","tag-minas-novas","tag-nova-porteirinha","tag-palma-forrageira-complementa-dieta-animal-no-norte-de-minas-e-vale-do-jequitinhonha","tag-palma-forrageira-e-importante-na-alimentacao-do-rebanho-leiteiro-em-areas-afetadas-pela-seca","tag-polyanna-oliveira","tag-produtores-rurais-do-norte-de-minas-gerais-investem-no-cultivo-da-palma-forrageira","tag-produtores-rurais-do-norte-de-minas-gerais-investem-no-cultivo-da-palma-forrageira-como-opcao-para-complementar-a-alimentacao-do-rebanho-leiteiro"],"yoast_head":"<!-- This site is optimized with the Yoast SEO plugin v28.3 - https:\/\/yoast.com\/product\/yoast-seo-wordpress\/ -->\n<title>Palma forrageira complementa dieta animal no Norte de Minas e Vale do Jequitinhonha - Aconteceu no Vale<\/title>\n<meta name=\"robots\" content=\"index, follow, max-snippet:-1, max-image-preview:large, max-video-preview:-1\" \/>\n<link rel=\"canonical\" href=\"https:\/\/aconteceunovale.com.br\/portal\/?p=91885\" \/>\n<meta property=\"og:locale\" content=\"pt_BR\" \/>\n<meta property=\"og:type\" content=\"article\" \/>\n<meta property=\"og:title\" content=\"Palma forrageira complementa dieta animal no Norte de Minas e Vale do Jequitinhonha - Aconteceu no Vale\" \/>\n<meta property=\"og:description\" content=\"Produtores rurais do Norte de Minas Gerais investem no cultivo da palma forrageira como op\u00e7\u00e3o para complementar a alimenta\u00e7\u00e3o do rebanho leiteiro, principalmente em tempos de seca. Sem depender diretamente da chuva, a planta serve de alimento para bois, cabras e ovelhas, al\u00e9m de ajudar na hidrata\u00e7\u00e3o dos animais, j\u00e1 que \u00e9 constitu\u00edda por at\u00e9 [&hellip;]\" \/>\n<meta property=\"og:url\" content=\"https:\/\/aconteceunovale.com.br\/portal\/?p=91885\" \/>\n<meta property=\"og:site_name\" content=\"Aconteceu no Vale\" \/>\n<meta property=\"article:publisher\" content=\"https:\/\/www.facebook.com\/aconteceunovale\/\" \/>\n<meta property=\"article:published_time\" content=\"2016-07-13T00:54:14+00:00\" \/>\n<meta property=\"og:image\" content=\"https:\/\/aconteceunovale.com.br\/portal\/wp-content\/uploads\/2016\/07\/Palma1.jpg\" \/>\n\t<meta property=\"og:image:width\" content=\"678\" \/>\n\t<meta property=\"og:image:height\" content=\"437\" \/>\n\t<meta property=\"og:image:type\" content=\"image\/jpeg\" \/>\n<meta name=\"author\" content=\"Aconteceu no Vale\" \/>\n<meta name=\"twitter:card\" content=\"summary_large_image\" \/>\n<meta name=\"twitter:creator\" content=\"@noticiadosvales\" \/>\n<meta name=\"twitter:site\" content=\"@noticiadosvales\" \/>\n<meta name=\"twitter:label1\" content=\"Escrito por\" \/>\n\t<meta name=\"twitter:data1\" content=\"Aconteceu no Vale\" \/>\n\t<meta name=\"twitter:label2\" content=\"Est. tempo de leitura\" \/>\n\t<meta name=\"twitter:data2\" content=\"4 minutos\" \/>\n<script type=\"application\/ld+json\" class=\"yoast-schema-graph\">{\"@context\":\"https:\\\/\\\/schema.org\",\"@graph\":[{\"@type\":\"Article\",\"@id\":\"https:\\\/\\\/aconteceunovale.com.br\\\/portal\\\/?p=91885#article\",\"isPartOf\":{\"@id\":\"https:\\\/\\\/aconteceunovale.com.br\\\/portal\\\/?p=91885\"},\"author\":{\"name\":\"Aconteceu no Vale\",\"@id\":\"https:\\\/\\\/aconteceunovale.com.br\\\/portal\\\/#\\\/schema\\\/person\\\/633529146f2c94272bef50ac2953d589\"},\"headline\":\"Palma forrageira complementa dieta animal no Norte de Minas e Vale do Jequitinhonha\",\"datePublished\":\"2016-07-13T00:54:14+00:00\",\"mainEntityOfPage\":{\"@id\":\"https:\\\/\\\/aconteceunovale.com.br\\\/portal\\\/?p=91885\"},\"wordCount\":859,\"commentCount\":0,\"image\":{\"@id\":\"https:\\\/\\\/aconteceunovale.com.br\\\/portal\\\/?p=91885#primaryimage\"},\"thumbnailUrl\":\"https:\\\/\\\/aconteceunovale.com.br\\\/portal\\\/wp-content\\\/uploads\\\/2016\\\/07\\\/Palma1.jpg\",\"keywords\":[\"Andr\u00e9 Caxito\",\"berilo\",\"Campo Experimental de Acau\u00e3\",\"Chapada do Norte\",\"chefe-geral da Epamig Norte\",\"Complementa\u00e7\u00e3o de dieta com palma forrageira\",\"Cultivo da palma forrageira\",\"cultivo da palma forrageira no norte de minas\",\"destaque\",\"Dicas cultivo palma forrageira\",\"Dicas plantio palma forrageira\",\"Dicas produ\u00e7\u00e3o palma forrageira\",\"Emater em Jana\u00faba\",\"Emater-MG\",\"Empresa de Assist\u00eancia T\u00e9cnica e Extens\u00e3o Rural do Estado de Minas Gerais\",\"Empresa de Pesquisa Agropecu\u00e1ria de Minas Gerais\",\"Epamig\",\"Epamig em Nova Porteirinha\",\"Francisco Badar\u00f3\",\"Jair Mendes\",\"Jana\u00faba\",\"Jenipapo de Minas\",\"jos\u00e9 gon\u00e7alves de minas\",\"Leme do Prado\",\"Minas Novas\",\"Nova Porteirinha\",\"Palma forrageira complementa dieta animal no Norte de Minas e Vale do Jequitinhonha\",\"palma forrageira \u00e9 importante na alimenta\u00e7\u00e3o do rebanho leiteiro em \u00e1reas afetadas pela seca\",\"Polyanna Oliveira\",\"Produtores rurais do Norte de Minas Gerais investem no cultivo da palma forrageira\",\"Produtores rurais do Norte de Minas Gerais investem no cultivo da palma forrageira como op\u00e7\u00e3o para complementar a alimenta\u00e7\u00e3o do rebanho leiteiro\"],\"articleSection\":[\"Norte de Minas\",\"Vale do Jequitinhonha\"],\"inLanguage\":\"pt-BR\",\"potentialAction\":[{\"@type\":\"CommentAction\",\"name\":\"Comment\",\"target\":[\"https:\\\/\\\/aconteceunovale.com.br\\\/portal\\\/?p=91885#respond\"]}]},{\"@type\":\"WebPage\",\"@id\":\"https:\\\/\\\/aconteceunovale.com.br\\\/portal\\\/?p=91885\",\"url\":\"https:\\\/\\\/aconteceunovale.com.br\\\/portal\\\/?p=91885\",\"name\":\"Palma forrageira complementa dieta animal no Norte de Minas e Vale do Jequitinhonha - Aconteceu no Vale\",\"isPartOf\":{\"@id\":\"https:\\\/\\\/aconteceunovale.com.br\\\/portal\\\/#website\"},\"primaryImageOfPage\":{\"@id\":\"https:\\\/\\\/aconteceunovale.com.br\\\/portal\\\/?p=91885#primaryimage\"},\"image\":{\"@id\":\"https:\\\/\\\/aconteceunovale.com.br\\\/portal\\\/?p=91885#primaryimage\"},\"thumbnailUrl\":\"https:\\\/\\\/aconteceunovale.com.br\\\/portal\\\/wp-content\\\/uploads\\\/2016\\\/07\\\/Palma1.jpg\",\"datePublished\":\"2016-07-13T00:54:14+00:00\",\"author\":{\"@id\":\"https:\\\/\\\/aconteceunovale.com.br\\\/portal\\\/#\\\/schema\\\/person\\\/633529146f2c94272bef50ac2953d589\"},\"breadcrumb\":{\"@id\":\"https:\\\/\\\/aconteceunovale.com.br\\\/portal\\\/?p=91885#breadcrumb\"},\"inLanguage\":\"pt-BR\",\"potentialAction\":[{\"@type\":\"ReadAction\",\"target\":[\"https:\\\/\\\/aconteceunovale.com.br\\\/portal\\\/?p=91885\"]}]},{\"@type\":\"ImageObject\",\"inLanguage\":\"pt-BR\",\"@id\":\"https:\\\/\\\/aconteceunovale.com.br\\\/portal\\\/?p=91885#primaryimage\",\"url\":\"https:\\\/\\\/aconteceunovale.com.br\\\/portal\\\/wp-content\\\/uploads\\\/2016\\\/07\\\/Palma1.jpg\",\"contentUrl\":\"https:\\\/\\\/aconteceunovale.com.br\\\/portal\\\/wp-content\\\/uploads\\\/2016\\\/07\\\/Palma1.jpg\",\"width\":678,\"height\":437},{\"@type\":\"BreadcrumbList\",\"@id\":\"https:\\\/\\\/aconteceunovale.com.br\\\/portal\\\/?p=91885#breadcrumb\",\"itemListElement\":[{\"@type\":\"ListItem\",\"position\":1,\"name\":\"In\u00edcio\",\"item\":\"https:\\\/\\\/aconteceunovale.com.br\\\/portal\\\/\"},{\"@type\":\"ListItem\",\"position\":2,\"name\":\"Palma forrageira complementa dieta animal no Norte de Minas e Vale do Jequitinhonha\"}]},{\"@type\":\"WebSite\",\"@id\":\"https:\\\/\\\/aconteceunovale.com.br\\\/portal\\\/#website\",\"url\":\"https:\\\/\\\/aconteceunovale.com.br\\\/portal\\\/\",\"name\":\"Aconteceu no Vale\",\"description\":\"Portal de Not\u00edcias\",\"potentialAction\":[{\"@type\":\"SearchAction\",\"target\":{\"@type\":\"EntryPoint\",\"urlTemplate\":\"https:\\\/\\\/aconteceunovale.com.br\\\/portal\\\/?s={search_term_string}\"},\"query-input\":{\"@type\":\"PropertyValueSpecification\",\"valueRequired\":true,\"valueName\":\"search_term_string\"}}],\"inLanguage\":\"pt-BR\"},{\"@type\":\"Person\",\"@id\":\"https:\\\/\\\/aconteceunovale.com.br\\\/portal\\\/#\\\/schema\\\/person\\\/633529146f2c94272bef50ac2953d589\",\"name\":\"Aconteceu no Vale\",\"description\":\"Equipe de reportagem do Aconteceu no Vale, portal de not\u00edcias do Vale do Jequitinhonha, em Minas Gerais. Cobrimos as 51 cidades do Vale desde 2013. Sugest\u00f5es de pauta e pedidos de corre\u00e7\u00e3o: contato@aconteceunovale.com.br\",\"sameAs\":[\"http:\\\/\\\/www.aconteceunovale.com.br\"],\"url\":\"https:\\\/\\\/aconteceunovale.com.br\\\/portal\\\/?author=1\"}]}<\/script>\n<!-- \/ Yoast SEO plugin. -->","yoast_head_json":{"title":"Palma forrageira complementa dieta animal no Norte de Minas e Vale do Jequitinhonha - Aconteceu no Vale","robots":{"index":"index","follow":"follow","max-snippet":"max-snippet:-1","max-image-preview":"max-image-preview:large","max-video-preview":"max-video-preview:-1"},"canonical":"https:\/\/aconteceunovale.com.br\/portal\/?p=91885","og_locale":"pt_BR","og_type":"article","og_title":"Palma forrageira complementa dieta animal no Norte de Minas e Vale do Jequitinhonha - Aconteceu no Vale","og_description":"Produtores rurais do Norte de Minas Gerais investem no cultivo da palma forrageira como op\u00e7\u00e3o para complementar a alimenta\u00e7\u00e3o do rebanho leiteiro, principalmente em tempos de seca. Sem depender diretamente da chuva, a planta serve de alimento para bois, cabras e ovelhas, al\u00e9m de ajudar na hidrata\u00e7\u00e3o dos animais, j\u00e1 que \u00e9 constitu\u00edda por at\u00e9 [&hellip;]","og_url":"https:\/\/aconteceunovale.com.br\/portal\/?p=91885","og_site_name":"Aconteceu no Vale","article_publisher":"https:\/\/www.facebook.com\/aconteceunovale\/","article_published_time":"2016-07-13T00:54:14+00:00","og_image":[{"width":678,"height":437,"url":"https:\/\/aconteceunovale.com.br\/portal\/wp-content\/uploads\/2016\/07\/Palma1.jpg","type":"image\/jpeg"}],"author":"Aconteceu no Vale","twitter_card":"summary_large_image","twitter_creator":"@noticiadosvales","twitter_site":"@noticiadosvales","twitter_misc":{"Escrito por":"Aconteceu no Vale","Est. tempo de leitura":"4 minutos"},"schema":{"@context":"https:\/\/schema.org","@graph":[{"@type":"Article","@id":"https:\/\/aconteceunovale.com.br\/portal\/?p=91885#article","isPartOf":{"@id":"https:\/\/aconteceunovale.com.br\/portal\/?p=91885"},"author":{"name":"Aconteceu no Vale","@id":"https:\/\/aconteceunovale.com.br\/portal\/#\/schema\/person\/633529146f2c94272bef50ac2953d589"},"headline":"Palma forrageira complementa dieta animal no Norte de Minas e Vale do Jequitinhonha","datePublished":"2016-07-13T00:54:14+00:00","mainEntityOfPage":{"@id":"https:\/\/aconteceunovale.com.br\/portal\/?p=91885"},"wordCount":859,"commentCount":0,"image":{"@id":"https:\/\/aconteceunovale.com.br\/portal\/?p=91885#primaryimage"},"thumbnailUrl":"https:\/\/aconteceunovale.com.br\/portal\/wp-content\/uploads\/2016\/07\/Palma1.jpg","keywords":["Andr\u00e9 Caxito","berilo","Campo Experimental de Acau\u00e3","Chapada do Norte","chefe-geral da Epamig Norte","Complementa\u00e7\u00e3o de dieta com palma forrageira","Cultivo da palma forrageira","cultivo da palma forrageira no norte de minas","destaque","Dicas cultivo palma forrageira","Dicas plantio palma forrageira","Dicas produ\u00e7\u00e3o palma forrageira","Emater em Jana\u00faba","Emater-MG","Empresa de Assist\u00eancia T\u00e9cnica e Extens\u00e3o Rural do Estado de Minas Gerais","Empresa de Pesquisa Agropecu\u00e1ria de Minas Gerais","Epamig","Epamig em Nova Porteirinha","Francisco Badar\u00f3","Jair Mendes","Jana\u00faba","Jenipapo de Minas","jos\u00e9 gon\u00e7alves de minas","Leme do Prado","Minas Novas","Nova Porteirinha","Palma forrageira complementa dieta animal no Norte de Minas e Vale do Jequitinhonha","palma forrageira \u00e9 importante na alimenta\u00e7\u00e3o do rebanho leiteiro em \u00e1reas afetadas pela seca","Polyanna Oliveira","Produtores rurais do Norte de Minas Gerais investem no cultivo da palma forrageira","Produtores rurais do Norte de Minas Gerais investem no cultivo da palma forrageira como op\u00e7\u00e3o para complementar a alimenta\u00e7\u00e3o do rebanho leiteiro"],"articleSection":["Norte de Minas","Vale do Jequitinhonha"],"inLanguage":"pt-BR","potentialAction":[{"@type":"CommentAction","name":"Comment","target":["https:\/\/aconteceunovale.com.br\/portal\/?p=91885#respond"]}]},{"@type":"WebPage","@id":"https:\/\/aconteceunovale.com.br\/portal\/?p=91885","url":"https:\/\/aconteceunovale.com.br\/portal\/?p=91885","name":"Palma forrageira complementa dieta animal no Norte de Minas e Vale do Jequitinhonha - Aconteceu no Vale","isPartOf":{"@id":"https:\/\/aconteceunovale.com.br\/portal\/#website"},"primaryImageOfPage":{"@id":"https:\/\/aconteceunovale.com.br\/portal\/?p=91885#primaryimage"},"image":{"@id":"https:\/\/aconteceunovale.com.br\/portal\/?p=91885#primaryimage"},"thumbnailUrl":"https:\/\/aconteceunovale.com.br\/portal\/wp-content\/uploads\/2016\/07\/Palma1.jpg","datePublished":"2016-07-13T00:54:14+00:00","author":{"@id":"https:\/\/aconteceunovale.com.br\/portal\/#\/schema\/person\/633529146f2c94272bef50ac2953d589"},"breadcrumb":{"@id":"https:\/\/aconteceunovale.com.br\/portal\/?p=91885#breadcrumb"},"inLanguage":"pt-BR","potentialAction":[{"@type":"ReadAction","target":["https:\/\/aconteceunovale.com.br\/portal\/?p=91885"]}]},{"@type":"ImageObject","inLanguage":"pt-BR","@id":"https:\/\/aconteceunovale.com.br\/portal\/?p=91885#primaryimage","url":"https:\/\/aconteceunovale.com.br\/portal\/wp-content\/uploads\/2016\/07\/Palma1.jpg","contentUrl":"https:\/\/aconteceunovale.com.br\/portal\/wp-content\/uploads\/2016\/07\/Palma1.jpg","width":678,"height":437},{"@type":"BreadcrumbList","@id":"https:\/\/aconteceunovale.com.br\/portal\/?p=91885#breadcrumb","itemListElement":[{"@type":"ListItem","position":1,"name":"In\u00edcio","item":"https:\/\/aconteceunovale.com.br\/portal\/"},{"@type":"ListItem","position":2,"name":"Palma forrageira complementa dieta animal no Norte de Minas e Vale do Jequitinhonha"}]},{"@type":"WebSite","@id":"https:\/\/aconteceunovale.com.br\/portal\/#website","url":"https:\/\/aconteceunovale.com.br\/portal\/","name":"Aconteceu no Vale","description":"Portal de Not\u00edcias","potentialAction":[{"@type":"SearchAction","target":{"@type":"EntryPoint","urlTemplate":"https:\/\/aconteceunovale.com.br\/portal\/?s={search_term_string}"},"query-input":{"@type":"PropertyValueSpecification","valueRequired":true,"valueName":"search_term_string"}}],"inLanguage":"pt-BR"},{"@type":"Person","@id":"https:\/\/aconteceunovale.com.br\/portal\/#\/schema\/person\/633529146f2c94272bef50ac2953d589","name":"Aconteceu no Vale","description":"Equipe de reportagem do Aconteceu no Vale, portal de not\u00edcias do Vale do Jequitinhonha, em Minas Gerais. Cobrimos as 51 cidades do Vale desde 2013. Sugest\u00f5es de pauta e pedidos de corre\u00e7\u00e3o: contato@aconteceunovale.com.br","sameAs":["http:\/\/www.aconteceunovale.com.br"],"url":"https:\/\/aconteceunovale.com.br\/portal\/?author=1"}]}},"_links":{"self":[{"href":"https:\/\/aconteceunovale.com.br\/portal\/index.php?rest_route=\/wp\/v2\/posts\/91885","targetHints":{"allow":["GET"]}}],"collection":[{"href":"https:\/\/aconteceunovale.com.br\/portal\/index.php?rest_route=\/wp\/v2\/posts"}],"about":[{"href":"https:\/\/aconteceunovale.com.br\/portal\/index.php?rest_route=\/wp\/v2\/types\/post"}],"author":[{"embeddable":true,"href":"https:\/\/aconteceunovale.com.br\/portal\/index.php?rest_route=\/wp\/v2\/users\/1"}],"replies":[{"embeddable":true,"href":"https:\/\/aconteceunovale.com.br\/portal\/index.php?rest_route=%2Fwp%2Fv2%2Fcomments&post=91885"}],"version-history":[{"count":0,"href":"https:\/\/aconteceunovale.com.br\/portal\/index.php?rest_route=\/wp\/v2\/posts\/91885\/revisions"}],"wp:featuredmedia":[{"embeddable":true,"href":"https:\/\/aconteceunovale.com.br\/portal\/index.php?rest_route=\/wp\/v2\/media\/91886"}],"wp:attachment":[{"href":"https:\/\/aconteceunovale.com.br\/portal\/index.php?rest_route=%2Fwp%2Fv2%2Fmedia&parent=91885"}],"wp:term":[{"taxonomy":"category","embeddable":true,"href":"https:\/\/aconteceunovale.com.br\/portal\/index.php?rest_route=%2Fwp%2Fv2%2Fcategories&post=91885"},{"taxonomy":"post_tag","embeddable":true,"href":"https:\/\/aconteceunovale.com.br\/portal\/index.php?rest_route=%2Fwp%2Fv2%2Ftags&post=91885"}],"curies":[{"name":"wp","href":"https:\/\/api.w.org\/{rel}","templated":true}]}}