{"id":91881,"date":"2016-07-12T20:37:54","date_gmt":"2016-07-12T23:37:54","guid":{"rendered":"http:\/\/aconteceunovale.com.br\/portal\/?p=91881"},"modified":"2016-07-12T20:37:54","modified_gmt":"2016-07-12T23:37:54","slug":"ex-bbb-laercio-moura-vira-reu-em-processo-por-estupro-de-vulneravel","status":"publish","type":"post","link":"https:\/\/aconteceunovale.com.br\/portal\/?p=91881","title":{"rendered":"Ex-BBB La\u00e9rcio Moura vira r\u00e9u em processo por estupro de vulner\u00e1vel"},"content":{"rendered":"<p>A Justi\u00e7a do Paran\u00e1 aceitou a den\u00fancia do Minist\u00e9rio P\u00fablico do Estado contra o ex-BBB La\u00e9rcio de Moura. Ele \u00e9 acusado de estupro de vulner\u00e1vel, de tentativa de estupro, de fornecer bebida alco\u00f3lica ou produtos que causem depend\u00eancia f\u00edsica ou ps\u00edquica a crian\u00e7a ou adolescente e tamb\u00e9m de tr\u00e1fico de drogas.<\/p>\n<p>Al\u00e9m disso, o Minist\u00e9rio P\u00fablico do Paran\u00e1 (MP-PR), ap\u00f3s analisar o material apreendido na casa o ex-BBB, fez o aditamento de mais um crime \u00e0 den\u00fancia, o de armazenamento de conte\u00fado de pornografia infantil. Entretanto, este crime ainda n\u00e3o foi analisado pela Justi\u00e7a, segundo o MP-PR.<\/p>\n<p>La\u00e9rcio est\u00e1 preso desde o dia 16 de maio na Casa de Cust\u00f3dia de Curitiba. O advogado dele, Ronaldo Manoel Santiago, foi procurado pela reportagem, mas disse que n\u00e3o vai comentar sobre a decis\u00e3o da Justi\u00e7a.<\/p>\n<p>De acordo com as investiga\u00e7\u00f5es, o crime ocorreu em 2012. A v\u00edtima \u00e9 uma adolescente que, na \u00e9poca, tinha 13 anos. Atualmente, com 17, ela confirmou o envolvimento com La\u00e9rcio.<\/p>\n<p>Conforme a delegada Daniela de Andrade, as investiga\u00e7\u00f5es apontaram que o ex-BBB manteve uma esp\u00e9cie de &#8220;relacionamento&#8221; com a adolescente por tr\u00eas anos.<\/p>\n<p>La\u00e9rcio tamb\u00e9m \u00e9 suspeito de ter fornecido bebida alco\u00f3lica a menores de idade. Em depoimento, o ex-BBB negou as acusa\u00e7\u00f5es.<\/p>\n<p>A adolescente e o ex-BBB se conheceram em um evento p\u00fablico em Curitiba e, conforme a investiga\u00e7\u00e3o, ele come\u00e7ou a mandar mensagens para a garota. A fam\u00edlia dela n\u00e3o tinha conhecimento do que ocorria at\u00e9 o momento em que a pol\u00edcia procurou a v\u00edtima. A garota entregou aos investigadores prints de conversas que teve com La\u00e9rcio em redes sociais.<\/p>\n<p>A investiga\u00e7\u00e3o teve dilig\u00eancias no interior do estado. Segundo a delegada, a partir do momento em que La\u00e9rcio apareceu no reality show, surgiram diversas den\u00fancias contra ele.<\/p>\n<p>Inicialmente, o advogado Ronaldo Santiago disse que a acusa\u00e7\u00e3o \u00e9 infundada e que a menina mentiu que era maior de idade. Santiago afirma que a garota e La\u00e9rcio s\u00f3 se encontraram uma vez, quando se conheceram, e depois se adicionaram em uma rede social mantendo uma rela\u00e7\u00e3o de amizade.<\/p>\n<p>A den\u00fancia do MP-PR foi oferecida \u00e0 Justi\u00e7a no dia 7 de junho e aceita em 13 de junho. O conte\u00fado da decis\u00e3o n\u00e3o foi divulgado por conta do sigilo. O inqu\u00e9rito sobre a pris\u00e3o de La\u00e9rcio foi conclu\u00eddo no fim de maio.<\/p>\n<p><strong>Pol\u00eamica <\/strong><\/p>\n<p>Durante o programa, na edi\u00e7\u00e3o de 2016, o ex-BBB afirmou que gostava de se relacionar com meninas mais novas. &#8220;S\u00f3 aparecem novinhas mesmo, tipo 17, 18, 20&#8221;, disse Moura em 21 de janeiro durante conversa com a ex-BBB Ana Paula. A fala, de acordo com a pol\u00edcia, deu in\u00edcio \u00e0 investiga\u00e7\u00e3o, que foi solicitada pelo MP-PR.<\/p>\n<p><strong>La\u00e9rcio esconde o rosto na Delegacia (V\u00eddeo):<\/strong><\/p>\n<blockquote class=\"twitter-video\" data-lang=\"pt\">\n<p lang=\"pt\" dir=\"ltr\">Laercio na delegacia. Escondeu o rosto e n\u00e3o deu declara\u00e7\u00f5es \u00e0 imprensa! <a href=\"https:\/\/t.co\/yD01dESgq7\">pic.twitter.com\/yD01dESgq7<\/a><\/p>\n<p>&mdash; Tabata Viapiana (@tah_viapiana) <a href=\"https:\/\/twitter.com\/tah_viapiana\/status\/732217055781523457\">16 de maio de 2016<\/a><\/p><\/blockquote>\n<p><script async src=\"\/\/platform.twitter.com\/widgets.js\" charset=\"utf-8\"><\/script><br \/>\n<\/br><\/p>\n<p><em>(Fonte: G1 PR \/ Rep\u00f3rter: Adriana Justi)<\/em><\/p>\n","protected":false},"excerpt":{"rendered":"<p>A Justi\u00e7a do Paran\u00e1 aceitou a den\u00fancia do Minist\u00e9rio P\u00fablico do Estado contra o ex-BBB La\u00e9rcio de Moura. Ele \u00e9 acusado de estupro de vulner\u00e1vel, de tentativa de estupro, de fornecer bebida alco\u00f3lica ou produtos que causem depend\u00eancia f\u00edsica ou ps\u00edquica a crian\u00e7a ou adolescente e tamb\u00e9m de tr\u00e1fico de drogas. Al\u00e9m disso, o Minist\u00e9rio [&hellip;]<\/p>\n","protected":false},"author":1,"featured_media":87141,"comment_status":"open","ping_status":"closed","sticky":false,"template":"","format":"standard","meta":{"amp_status":"","footnotes":""},"categories":[6],"tags":[81061,4608,94870,94880,94884,104726,94874,94886,94883,94882,94881,94871,94879,94885,94875,94876,94877,94878,94873,94872],"class_list":["post-91881","post","type-post","status-publish","format-standard","has-post-thumbnail","hentry","category-br","tag-ana-paula","tag-curitiba","tag-delegada-patricia-conceicao-nobre-paz","tag-ex-bbb-laercio-e-preso","tag-ex-bbb-laercio-e-preso-por-estupro-de-vulneravel","tag-ex-bbb-laercio-moura-vira-reu-em-processo-por-estupro-de-vulneravel","tag-laercio-de-moura","tag-laercio-preso","tag-munik","tag-nucleo-de-protecao-a-crianca-e-ao-adolescente-vitimas-de-crimes","tag-nucria","tag-patricia-conceicao-nobre-paz","tag-prisao-do-ex-bbb-laercio","tag-prisao-laercio","tag-prisao-laercio-de-moura","tag-prisao-laercio-do-bbb","tag-prisao-laercio-do-big-brother-brasil","tag-prisao-laercio-do-ex-bbb","tag-prisao-tatuador-laercio-de-moura","tag-tatuador-laercio-de-moura"],"yoast_head":"<!-- This site is optimized with the Yoast SEO plugin v28.3 - https:\/\/yoast.com\/product\/yoast-seo-wordpress\/ -->\n<title>Ex-BBB La\u00e9rcio Moura vira r\u00e9u em processo por estupro de vulner\u00e1vel - Aconteceu no Vale<\/title>\n<meta name=\"robots\" content=\"index, follow, max-snippet:-1, max-image-preview:large, max-video-preview:-1\" \/>\n<link rel=\"canonical\" href=\"https:\/\/aconteceunovale.com.br\/portal\/?p=91881\" \/>\n<meta property=\"og:locale\" content=\"pt_BR\" \/>\n<meta property=\"og:type\" content=\"article\" \/>\n<meta property=\"og:title\" content=\"Ex-BBB La\u00e9rcio Moura vira r\u00e9u em processo por estupro de vulner\u00e1vel - Aconteceu no Vale\" \/>\n<meta property=\"og:description\" content=\"A Justi\u00e7a do Paran\u00e1 aceitou a den\u00fancia do Minist\u00e9rio P\u00fablico do Estado contra o ex-BBB La\u00e9rcio de Moura. Ele \u00e9 acusado de estupro de vulner\u00e1vel, de tentativa de estupro, de fornecer bebida alco\u00f3lica ou produtos que causem depend\u00eancia f\u00edsica ou ps\u00edquica a crian\u00e7a ou adolescente e tamb\u00e9m de tr\u00e1fico de drogas. Al\u00e9m disso, o Minist\u00e9rio [&hellip;]\" \/>\n<meta property=\"og:url\" content=\"https:\/\/aconteceunovale.com.br\/portal\/?p=91881\" \/>\n<meta property=\"og:site_name\" content=\"Aconteceu no Vale\" \/>\n<meta property=\"article:publisher\" content=\"https:\/\/www.facebook.com\/aconteceunovale\/\" \/>\n<meta property=\"article:published_time\" content=\"2016-07-12T23:37:54+00:00\" \/>\n<meta property=\"og:image\" content=\"https:\/\/aconteceunovale.com.br\/portal\/wp-content\/uploads\/2016\/05\/laercio_preso.jpg\" \/>\n\t<meta property=\"og:image:width\" content=\"678\" \/>\n\t<meta property=\"og:image:height\" content=\"405\" \/>\n\t<meta property=\"og:image:type\" content=\"image\/jpeg\" \/>\n<meta name=\"author\" content=\"Aconteceu no Vale\" \/>\n<meta name=\"twitter:card\" content=\"summary_large_image\" \/>\n<meta name=\"twitter:creator\" content=\"@noticiadosvales\" \/>\n<meta name=\"twitter:site\" content=\"@noticiadosvales\" \/>\n<meta name=\"twitter:label1\" content=\"Escrito por\" \/>\n\t<meta name=\"twitter:data1\" content=\"Aconteceu no Vale\" \/>\n\t<meta name=\"twitter:label2\" content=\"Est. tempo de leitura\" \/>\n\t<meta name=\"twitter:data2\" content=\"3 minutos\" \/>\n<script type=\"application\/ld+json\" class=\"yoast-schema-graph\">{\"@context\":\"https:\\\/\\\/schema.org\",\"@graph\":[{\"@type\":\"Article\",\"@id\":\"https:\\\/\\\/aconteceunovale.com.br\\\/portal\\\/?p=91881#article\",\"isPartOf\":{\"@id\":\"https:\\\/\\\/aconteceunovale.com.br\\\/portal\\\/?p=91881\"},\"author\":{\"name\":\"Aconteceu no Vale\",\"@id\":\"https:\\\/\\\/aconteceunovale.com.br\\\/portal\\\/#\\\/schema\\\/person\\\/633529146f2c94272bef50ac2953d589\"},\"headline\":\"Ex-BBB La\u00e9rcio Moura vira r\u00e9u em processo por estupro de vulner\u00e1vel\",\"datePublished\":\"2016-07-12T23:37:54+00:00\",\"mainEntityOfPage\":{\"@id\":\"https:\\\/\\\/aconteceunovale.com.br\\\/portal\\\/?p=91881\"},\"wordCount\":544,\"commentCount\":0,\"image\":{\"@id\":\"https:\\\/\\\/aconteceunovale.com.br\\\/portal\\\/?p=91881#primaryimage\"},\"thumbnailUrl\":\"https:\\\/\\\/aconteceunovale.com.br\\\/portal\\\/wp-content\\\/uploads\\\/2016\\\/05\\\/laercio_preso.jpg\",\"keywords\":[\"Ana Paula\",\"Curitiba\",\"delegada Patr\u00edcia Concei\u00e7\u00e3o Nobre Paz\",\"ex-bbb la\u00e9rcio \u00e9 preso\",\"Ex-BBB L\u00e1ercio \u00e9 preso por estupro de vulner\u00e1vel\",\"Ex-BBB La\u00e9rcio Moura vira r\u00e9u em processo por estupro de vulner\u00e1vel\",\"La\u00e9rcio de Moura\",\"la\u00e9rcio preso\",\"Munik\",\"N\u00facleo de Prote\u00e7\u00e3o \u00e0 Crian\u00e7a e ao Adolescente V\u00edtimas de Crimes\",\"Nucria\",\"Patr\u00edcia Concei\u00e7\u00e3o Nobre Paz\",\"Pris\u00e3o do ex-BBB La\u00e9rcio\",\"pris\u00e3o la\u00e9rcio\",\"Pris\u00e3o La\u00e9rcio de Moura\",\"Pris\u00e3o La\u00e9rcio do BBB\",\"Pris\u00e3o La\u00e9rcio do Big Brother Brasil\",\"Pris\u00e3o La\u00e9rcio do ex-BBB\",\"Pris\u00e3o tatuador La\u00e9rcio de Moura\",\"tatuador La\u00e9rcio de Moura\"],\"articleSection\":[\"Brasil\"],\"inLanguage\":\"pt-BR\",\"potentialAction\":[{\"@type\":\"CommentAction\",\"name\":\"Comment\",\"target\":[\"https:\\\/\\\/aconteceunovale.com.br\\\/portal\\\/?p=91881#respond\"]}]},{\"@type\":\"WebPage\",\"@id\":\"https:\\\/\\\/aconteceunovale.com.br\\\/portal\\\/?p=91881\",\"url\":\"https:\\\/\\\/aconteceunovale.com.br\\\/portal\\\/?p=91881\",\"name\":\"Ex-BBB La\u00e9rcio Moura vira r\u00e9u em processo por estupro de vulner\u00e1vel - Aconteceu no Vale\",\"isPartOf\":{\"@id\":\"https:\\\/\\\/aconteceunovale.com.br\\\/portal\\\/#website\"},\"primaryImageOfPage\":{\"@id\":\"https:\\\/\\\/aconteceunovale.com.br\\\/portal\\\/?p=91881#primaryimage\"},\"image\":{\"@id\":\"https:\\\/\\\/aconteceunovale.com.br\\\/portal\\\/?p=91881#primaryimage\"},\"thumbnailUrl\":\"https:\\\/\\\/aconteceunovale.com.br\\\/portal\\\/wp-content\\\/uploads\\\/2016\\\/05\\\/laercio_preso.jpg\",\"datePublished\":\"2016-07-12T23:37:54+00:00\",\"author\":{\"@id\":\"https:\\\/\\\/aconteceunovale.com.br\\\/portal\\\/#\\\/schema\\\/person\\\/633529146f2c94272bef50ac2953d589\"},\"breadcrumb\":{\"@id\":\"https:\\\/\\\/aconteceunovale.com.br\\\/portal\\\/?p=91881#breadcrumb\"},\"inLanguage\":\"pt-BR\",\"potentialAction\":[{\"@type\":\"ReadAction\",\"target\":[\"https:\\\/\\\/aconteceunovale.com.br\\\/portal\\\/?p=91881\"]}]},{\"@type\":\"ImageObject\",\"inLanguage\":\"pt-BR\",\"@id\":\"https:\\\/\\\/aconteceunovale.com.br\\\/portal\\\/?p=91881#primaryimage\",\"url\":\"https:\\\/\\\/aconteceunovale.com.br\\\/portal\\\/wp-content\\\/uploads\\\/2016\\\/05\\\/laercio_preso.jpg\",\"contentUrl\":\"https:\\\/\\\/aconteceunovale.com.br\\\/portal\\\/wp-content\\\/uploads\\\/2016\\\/05\\\/laercio_preso.jpg\",\"width\":678,\"height\":405},{\"@type\":\"BreadcrumbList\",\"@id\":\"https:\\\/\\\/aconteceunovale.com.br\\\/portal\\\/?p=91881#breadcrumb\",\"itemListElement\":[{\"@type\":\"ListItem\",\"position\":1,\"name\":\"In\u00edcio\",\"item\":\"https:\\\/\\\/aconteceunovale.com.br\\\/portal\\\/\"},{\"@type\":\"ListItem\",\"position\":2,\"name\":\"Ex-BBB La\u00e9rcio Moura vira r\u00e9u em processo por estupro de vulner\u00e1vel\"}]},{\"@type\":\"WebSite\",\"@id\":\"https:\\\/\\\/aconteceunovale.com.br\\\/portal\\\/#website\",\"url\":\"https:\\\/\\\/aconteceunovale.com.br\\\/portal\\\/\",\"name\":\"Aconteceu no Vale\",\"description\":\"Portal de Not\u00edcias\",\"potentialAction\":[{\"@type\":\"SearchAction\",\"target\":{\"@type\":\"EntryPoint\",\"urlTemplate\":\"https:\\\/\\\/aconteceunovale.com.br\\\/portal\\\/?s={search_term_string}\"},\"query-input\":{\"@type\":\"PropertyValueSpecification\",\"valueRequired\":true,\"valueName\":\"search_term_string\"}}],\"inLanguage\":\"pt-BR\"},{\"@type\":\"Person\",\"@id\":\"https:\\\/\\\/aconteceunovale.com.br\\\/portal\\\/#\\\/schema\\\/person\\\/633529146f2c94272bef50ac2953d589\",\"name\":\"Aconteceu no Vale\",\"description\":\"Equipe de reportagem do Aconteceu no Vale, portal de not\u00edcias do Vale do Jequitinhonha, em Minas Gerais. Cobrimos as 51 cidades do Vale desde 2013. Sugest\u00f5es de pauta e pedidos de corre\u00e7\u00e3o: contato@aconteceunovale.com.br\",\"sameAs\":[\"http:\\\/\\\/www.aconteceunovale.com.br\"],\"url\":\"https:\\\/\\\/aconteceunovale.com.br\\\/portal\\\/?author=1\"}]}<\/script>\n<!-- \/ Yoast SEO plugin. -->","yoast_head_json":{"title":"Ex-BBB La\u00e9rcio Moura vira r\u00e9u em processo por estupro de vulner\u00e1vel - Aconteceu no Vale","robots":{"index":"index","follow":"follow","max-snippet":"max-snippet:-1","max-image-preview":"max-image-preview:large","max-video-preview":"max-video-preview:-1"},"canonical":"https:\/\/aconteceunovale.com.br\/portal\/?p=91881","og_locale":"pt_BR","og_type":"article","og_title":"Ex-BBB La\u00e9rcio Moura vira r\u00e9u em processo por estupro de vulner\u00e1vel - Aconteceu no Vale","og_description":"A Justi\u00e7a do Paran\u00e1 aceitou a den\u00fancia do Minist\u00e9rio P\u00fablico do Estado contra o ex-BBB La\u00e9rcio de Moura. Ele \u00e9 acusado de estupro de vulner\u00e1vel, de tentativa de estupro, de fornecer bebida alco\u00f3lica ou produtos que causem depend\u00eancia f\u00edsica ou ps\u00edquica a crian\u00e7a ou adolescente e tamb\u00e9m de tr\u00e1fico de drogas. Al\u00e9m disso, o Minist\u00e9rio [&hellip;]","og_url":"https:\/\/aconteceunovale.com.br\/portal\/?p=91881","og_site_name":"Aconteceu no Vale","article_publisher":"https:\/\/www.facebook.com\/aconteceunovale\/","article_published_time":"2016-07-12T23:37:54+00:00","og_image":[{"width":678,"height":405,"url":"https:\/\/aconteceunovale.com.br\/portal\/wp-content\/uploads\/2016\/05\/laercio_preso.jpg","type":"image\/jpeg"}],"author":"Aconteceu no Vale","twitter_card":"summary_large_image","twitter_creator":"@noticiadosvales","twitter_site":"@noticiadosvales","twitter_misc":{"Escrito por":"Aconteceu no Vale","Est. tempo de leitura":"3 minutos"},"schema":{"@context":"https:\/\/schema.org","@graph":[{"@type":"Article","@id":"https:\/\/aconteceunovale.com.br\/portal\/?p=91881#article","isPartOf":{"@id":"https:\/\/aconteceunovale.com.br\/portal\/?p=91881"},"author":{"name":"Aconteceu no Vale","@id":"https:\/\/aconteceunovale.com.br\/portal\/#\/schema\/person\/633529146f2c94272bef50ac2953d589"},"headline":"Ex-BBB La\u00e9rcio Moura vira r\u00e9u em processo por estupro de vulner\u00e1vel","datePublished":"2016-07-12T23:37:54+00:00","mainEntityOfPage":{"@id":"https:\/\/aconteceunovale.com.br\/portal\/?p=91881"},"wordCount":544,"commentCount":0,"image":{"@id":"https:\/\/aconteceunovale.com.br\/portal\/?p=91881#primaryimage"},"thumbnailUrl":"https:\/\/aconteceunovale.com.br\/portal\/wp-content\/uploads\/2016\/05\/laercio_preso.jpg","keywords":["Ana Paula","Curitiba","delegada Patr\u00edcia Concei\u00e7\u00e3o Nobre Paz","ex-bbb la\u00e9rcio \u00e9 preso","Ex-BBB L\u00e1ercio \u00e9 preso por estupro de vulner\u00e1vel","Ex-BBB La\u00e9rcio Moura vira r\u00e9u em processo por estupro de vulner\u00e1vel","La\u00e9rcio de Moura","la\u00e9rcio preso","Munik","N\u00facleo de Prote\u00e7\u00e3o \u00e0 Crian\u00e7a e ao Adolescente V\u00edtimas de Crimes","Nucria","Patr\u00edcia Concei\u00e7\u00e3o Nobre Paz","Pris\u00e3o do ex-BBB La\u00e9rcio","pris\u00e3o la\u00e9rcio","Pris\u00e3o La\u00e9rcio de Moura","Pris\u00e3o La\u00e9rcio do BBB","Pris\u00e3o La\u00e9rcio do Big Brother Brasil","Pris\u00e3o La\u00e9rcio do ex-BBB","Pris\u00e3o tatuador La\u00e9rcio de Moura","tatuador La\u00e9rcio de Moura"],"articleSection":["Brasil"],"inLanguage":"pt-BR","potentialAction":[{"@type":"CommentAction","name":"Comment","target":["https:\/\/aconteceunovale.com.br\/portal\/?p=91881#respond"]}]},{"@type":"WebPage","@id":"https:\/\/aconteceunovale.com.br\/portal\/?p=91881","url":"https:\/\/aconteceunovale.com.br\/portal\/?p=91881","name":"Ex-BBB La\u00e9rcio Moura vira r\u00e9u em processo por estupro de vulner\u00e1vel - Aconteceu no Vale","isPartOf":{"@id":"https:\/\/aconteceunovale.com.br\/portal\/#website"},"primaryImageOfPage":{"@id":"https:\/\/aconteceunovale.com.br\/portal\/?p=91881#primaryimage"},"image":{"@id":"https:\/\/aconteceunovale.com.br\/portal\/?p=91881#primaryimage"},"thumbnailUrl":"https:\/\/aconteceunovale.com.br\/portal\/wp-content\/uploads\/2016\/05\/laercio_preso.jpg","datePublished":"2016-07-12T23:37:54+00:00","author":{"@id":"https:\/\/aconteceunovale.com.br\/portal\/#\/schema\/person\/633529146f2c94272bef50ac2953d589"},"breadcrumb":{"@id":"https:\/\/aconteceunovale.com.br\/portal\/?p=91881#breadcrumb"},"inLanguage":"pt-BR","potentialAction":[{"@type":"ReadAction","target":["https:\/\/aconteceunovale.com.br\/portal\/?p=91881"]}]},{"@type":"ImageObject","inLanguage":"pt-BR","@id":"https:\/\/aconteceunovale.com.br\/portal\/?p=91881#primaryimage","url":"https:\/\/aconteceunovale.com.br\/portal\/wp-content\/uploads\/2016\/05\/laercio_preso.jpg","contentUrl":"https:\/\/aconteceunovale.com.br\/portal\/wp-content\/uploads\/2016\/05\/laercio_preso.jpg","width":678,"height":405},{"@type":"BreadcrumbList","@id":"https:\/\/aconteceunovale.com.br\/portal\/?p=91881#breadcrumb","itemListElement":[{"@type":"ListItem","position":1,"name":"In\u00edcio","item":"https:\/\/aconteceunovale.com.br\/portal\/"},{"@type":"ListItem","position":2,"name":"Ex-BBB La\u00e9rcio Moura vira r\u00e9u em processo por estupro de vulner\u00e1vel"}]},{"@type":"WebSite","@id":"https:\/\/aconteceunovale.com.br\/portal\/#website","url":"https:\/\/aconteceunovale.com.br\/portal\/","name":"Aconteceu no Vale","description":"Portal de Not\u00edcias","potentialAction":[{"@type":"SearchAction","target":{"@type":"EntryPoint","urlTemplate":"https:\/\/aconteceunovale.com.br\/portal\/?s={search_term_string}"},"query-input":{"@type":"PropertyValueSpecification","valueRequired":true,"valueName":"search_term_string"}}],"inLanguage":"pt-BR"},{"@type":"Person","@id":"https:\/\/aconteceunovale.com.br\/portal\/#\/schema\/person\/633529146f2c94272bef50ac2953d589","name":"Aconteceu no Vale","description":"Equipe de reportagem do Aconteceu no Vale, portal de not\u00edcias do Vale do Jequitinhonha, em Minas Gerais. Cobrimos as 51 cidades do Vale desde 2013. Sugest\u00f5es de pauta e pedidos de corre\u00e7\u00e3o: contato@aconteceunovale.com.br","sameAs":["http:\/\/www.aconteceunovale.com.br"],"url":"https:\/\/aconteceunovale.com.br\/portal\/?author=1"}]}},"_links":{"self":[{"href":"https:\/\/aconteceunovale.com.br\/portal\/index.php?rest_route=\/wp\/v2\/posts\/91881","targetHints":{"allow":["GET"]}}],"collection":[{"href":"https:\/\/aconteceunovale.com.br\/portal\/index.php?rest_route=\/wp\/v2\/posts"}],"about":[{"href":"https:\/\/aconteceunovale.com.br\/portal\/index.php?rest_route=\/wp\/v2\/types\/post"}],"author":[{"embeddable":true,"href":"https:\/\/aconteceunovale.com.br\/portal\/index.php?rest_route=\/wp\/v2\/users\/1"}],"replies":[{"embeddable":true,"href":"https:\/\/aconteceunovale.com.br\/portal\/index.php?rest_route=%2Fwp%2Fv2%2Fcomments&post=91881"}],"version-history":[{"count":0,"href":"https:\/\/aconteceunovale.com.br\/portal\/index.php?rest_route=\/wp\/v2\/posts\/91881\/revisions"}],"wp:featuredmedia":[{"embeddable":true,"href":"https:\/\/aconteceunovale.com.br\/portal\/index.php?rest_route=\/wp\/v2\/media\/87141"}],"wp:attachment":[{"href":"https:\/\/aconteceunovale.com.br\/portal\/index.php?rest_route=%2Fwp%2Fv2%2Fmedia&parent=91881"}],"wp:term":[{"taxonomy":"category","embeddable":true,"href":"https:\/\/aconteceunovale.com.br\/portal\/index.php?rest_route=%2Fwp%2Fv2%2Fcategories&post=91881"},{"taxonomy":"post_tag","embeddable":true,"href":"https:\/\/aconteceunovale.com.br\/portal\/index.php?rest_route=%2Fwp%2Fv2%2Ftags&post=91881"}],"curies":[{"name":"wp","href":"https:\/\/api.w.org\/{rel}","templated":true}]}}