{"id":91878,"date":"2016-07-12T20:06:10","date_gmt":"2016-07-12T23:06:10","guid":{"rendered":"http:\/\/aconteceunovale.com.br\/portal\/?p=91878"},"modified":"2016-07-12T20:06:10","modified_gmt":"2016-07-12T23:06:10","slug":"espero-uma-boa-noticia-diz-mae-de-adolescente-desaparecida-desde-o-dia-25-de-junho-em-mg","status":"publish","type":"post","link":"https:\/\/aconteceunovale.com.br\/portal\/?p=91878","title":{"rendered":"&#8216;Espero uma boa not\u00edcia&#8217;, diz m\u00e3e de adolescente desaparecida desde o dia 25 de junho em MG"},"content":{"rendered":"<p>\u201cEspero que deem uma not\u00edcia logo, uma boa not\u00edcia\u201d, disse a dom\u00e9stica Luciene Lopes, de 42 anos, \u00e0 espera de um desfecho para o desaparecimento da filha Ana Paula Carvalho Lopes, de 15 anos, vista pela \u00faltima vez no dia 25 de junho, em Nova Lima, na Regi\u00e3o Metropolitana de Belo Horizonte. S\u00e3o realizadas buscas diariamente, segundo a Pol\u00edcia Civil, que ainda n\u00e3o divulgou uma linha de investiga\u00e7\u00e3o para o caso.<\/p>\n<p>A jovem \u00e9 moradora de Nova Lima e a fam\u00edlia registrou um boletim de ocorr\u00eancia no domingo (26\/6), dia seguinte ao sumi\u00e7o. Conforme relato da m\u00e3e \u00e0 pol\u00edcia, a adolescente saiu de casa no s\u00e1bado (25\/6) por volta das 17h para um passeio com uma amiga.<\/p>\n<p>Nesse hor\u00e1rio, ela se dirigiu a uma portaria do condom\u00ednio onde mora, rumo a um ponto de \u00f4nibus, e foi vista por vigilantes. No local, segundo o boletim de ocorr\u00eancia, ela pegaria uma carona j\u00e1 combinada.<\/p>\n<p>A m\u00e3e descreve a adolescente desaparecida como uma garota tranquila e diz que n\u00e3o houve nenhuma discuss\u00e3o ou algo que motivasse uma sa\u00edda espont\u00e2nea de casa. \u201c\u00c9 muito tranquila, muito calma e obediente. Nunca tinha acontecido antes\u201d, disse Luciene. <\/p>\n<p>Ela conta que a fam\u00edlia tem ido frequentemente \u00e0 delegacia e que ainda n\u00e3o h\u00e1 explica\u00e7\u00f5es para o sumi\u00e7o. A adolescente mora com os pais e um casal de irm\u00e3os. A garota saiu de casa com celular, o qual, segundo Luciene, est\u00e1 fora de \u00e1rea.<\/p>\n<p>Parentes e pessoas ligadas \u00e0 adolescente foram ouvidas pelo delegado Fernando Marins, de Nova Lima, que conduz a apura\u00e7\u00e3o do caso. Segundo a assessoria, por enquanto, ele n\u00e3o vai se manifestar sobre o andamento da investiga\u00e7\u00e3o. Colaboram o Departamento de Opera\u00e7\u00f5es Especais da Pol\u00edcia Civil (Deoesp) e Delegacia Especializada em Desaparecidos.<\/p>\n<p>Quem tiver informa\u00e7\u00f5es sobre o paradeiro de Ana Paula Carvalho Lopes deve ligar para a Pol\u00edcia Civil no telefone 0800 2828 197. A liga\u00e7\u00e3o \u00e9 gratuita e n\u00e3o \u00e9 preciso se identificar.<\/p>\n<p><img decoding=\"async\" src=\"http:\/\/aconteceunovale.com.br\/portal\/wp-content\/uploads\/2016\/07\/desaparecida_nl.jpg\" alt=\"\" \/><em>Jovem de 15 anos desapareceu em Nova Lima, na Grande BH (Foto: Divulga\u00e7\u00e3o\/Pol\u00edcia Civil)<\/em><br \/>\n<\/br><\/p>\n<p><em>(Fonte: G1 MG \/ Fl\u00e1via Cristini)<\/em><\/p>\n","protected":false},"excerpt":{"rendered":"<p>\u201cEspero que deem uma not\u00edcia logo, uma boa not\u00edcia\u201d, disse a dom\u00e9stica Luciene Lopes, de 42 anos, \u00e0 espera de um desfecho para o desaparecimento da filha Ana Paula Carvalho Lopes, de 15 anos, vista pela \u00faltima vez no dia 25 de junho, em Nova Lima, na Regi\u00e3o Metropolitana de Belo Horizonte. S\u00e3o realizadas buscas [&hellip;]<\/p>\n","protected":false},"author":1,"featured_media":91879,"comment_status":"open","ping_status":"closed","sticky":false,"template":"","format":"standard","meta":{"amp_status":"","footnotes":""},"categories":[123],"tags":[104725,104720,104722,104721,104723,104724,104719,1496],"class_list":["post-91878","post","type-post","status-publish","format-standard","has-post-thumbnail","hentry","category-gerais","tag-adolescente-desaparecida-desde-o-dia-25-de-junho-em-mg","tag-ana-paula-carvalho-lopes","tag-ana-paula-carvalho-lopes-desaparecida","tag-desaparecimento-de-ana-paula-carvalho-lopes","tag-desaparecimento-em-nova-lima","tag-jovem-desaparecida-em-nova-lima","tag-luciene-lopes","tag-nova-lima"],"yoast_head":"<!-- This site is optimized with the Yoast SEO plugin v28.3 - https:\/\/yoast.com\/product\/yoast-seo-wordpress\/ -->\n<title>&#039;Espero uma boa not\u00edcia&#039;, diz m\u00e3e de adolescente desaparecida desde o dia 25 de junho em MG - Aconteceu no Vale<\/title>\n<meta name=\"robots\" content=\"index, follow, max-snippet:-1, max-image-preview:large, max-video-preview:-1\" \/>\n<link rel=\"canonical\" href=\"https:\/\/aconteceunovale.com.br\/portal\/?p=91878\" \/>\n<meta property=\"og:locale\" content=\"pt_BR\" \/>\n<meta property=\"og:type\" content=\"article\" \/>\n<meta property=\"og:title\" content=\"&#039;Espero uma boa not\u00edcia&#039;, diz m\u00e3e de adolescente desaparecida desde o dia 25 de junho em MG - Aconteceu no Vale\" \/>\n<meta property=\"og:description\" content=\"\u201cEspero que deem uma not\u00edcia logo, uma boa not\u00edcia\u201d, disse a dom\u00e9stica Luciene Lopes, de 42 anos, \u00e0 espera de um desfecho para o desaparecimento da filha Ana Paula Carvalho Lopes, de 15 anos, vista pela \u00faltima vez no dia 25 de junho, em Nova Lima, na Regi\u00e3o Metropolitana de Belo Horizonte. S\u00e3o realizadas buscas [&hellip;]\" \/>\n<meta property=\"og:url\" content=\"https:\/\/aconteceunovale.com.br\/portal\/?p=91878\" \/>\n<meta property=\"og:site_name\" content=\"Aconteceu no Vale\" \/>\n<meta property=\"article:publisher\" content=\"https:\/\/www.facebook.com\/aconteceunovale\/\" \/>\n<meta property=\"article:published_time\" content=\"2016-07-12T23:06:10+00:00\" \/>\n<meta property=\"og:image\" content=\"https:\/\/aconteceunovale.com.br\/portal\/wp-content\/uploads\/2016\/07\/desaparecida_nl.jpg\" \/>\n\t<meta property=\"og:image:width\" content=\"600\" \/>\n\t<meta property=\"og:image:height\" content=\"450\" \/>\n\t<meta property=\"og:image:type\" content=\"image\/jpeg\" \/>\n<meta name=\"author\" content=\"Aconteceu no Vale\" \/>\n<meta name=\"twitter:card\" content=\"summary_large_image\" \/>\n<meta name=\"twitter:creator\" content=\"@noticiadosvales\" \/>\n<meta name=\"twitter:site\" content=\"@noticiadosvales\" \/>\n<meta name=\"twitter:label1\" content=\"Escrito por\" \/>\n\t<meta name=\"twitter:data1\" content=\"Aconteceu no Vale\" \/>\n\t<meta name=\"twitter:label2\" content=\"Est. tempo de leitura\" \/>\n\t<meta name=\"twitter:data2\" content=\"2 minutos\" \/>\n<script type=\"application\/ld+json\" class=\"yoast-schema-graph\">{\"@context\":\"https:\\\/\\\/schema.org\",\"@graph\":[{\"@type\":\"Article\",\"@id\":\"https:\\\/\\\/aconteceunovale.com.br\\\/portal\\\/?p=91878#article\",\"isPartOf\":{\"@id\":\"https:\\\/\\\/aconteceunovale.com.br\\\/portal\\\/?p=91878\"},\"author\":{\"name\":\"Aconteceu no Vale\",\"@id\":\"https:\\\/\\\/aconteceunovale.com.br\\\/portal\\\/#\\\/schema\\\/person\\\/633529146f2c94272bef50ac2953d589\"},\"headline\":\"&#8216;Espero uma boa not\u00edcia&#8217;, diz m\u00e3e de adolescente desaparecida desde o dia 25 de junho em MG\",\"datePublished\":\"2016-07-12T23:06:10+00:00\",\"mainEntityOfPage\":{\"@id\":\"https:\\\/\\\/aconteceunovale.com.br\\\/portal\\\/?p=91878\"},\"wordCount\":380,\"commentCount\":0,\"image\":{\"@id\":\"https:\\\/\\\/aconteceunovale.com.br\\\/portal\\\/?p=91878#primaryimage\"},\"thumbnailUrl\":\"https:\\\/\\\/aconteceunovale.com.br\\\/portal\\\/wp-content\\\/uploads\\\/2016\\\/07\\\/desaparecida_nl.jpg\",\"keywords\":[\"adolescente desaparecida desde o dia 25 de junho em MG\",\"Ana Paula Carvalho Lopes\",\"Ana Paula Carvalho Lopes desaparecida\",\"desaparecimento de Ana Paula Carvalho Lopes\",\"desaparecimento em Nova Lima\",\"jovem desaparecida em Nova Lima\",\"Luciene Lopes\",\"Nova Lima\"],\"articleSection\":[\"Minas Gerais\"],\"inLanguage\":\"pt-BR\",\"potentialAction\":[{\"@type\":\"CommentAction\",\"name\":\"Comment\",\"target\":[\"https:\\\/\\\/aconteceunovale.com.br\\\/portal\\\/?p=91878#respond\"]}]},{\"@type\":\"WebPage\",\"@id\":\"https:\\\/\\\/aconteceunovale.com.br\\\/portal\\\/?p=91878\",\"url\":\"https:\\\/\\\/aconteceunovale.com.br\\\/portal\\\/?p=91878\",\"name\":\"'Espero uma boa not\u00edcia', diz m\u00e3e de adolescente desaparecida desde o dia 25 de junho em MG - Aconteceu no Vale\",\"isPartOf\":{\"@id\":\"https:\\\/\\\/aconteceunovale.com.br\\\/portal\\\/#website\"},\"primaryImageOfPage\":{\"@id\":\"https:\\\/\\\/aconteceunovale.com.br\\\/portal\\\/?p=91878#primaryimage\"},\"image\":{\"@id\":\"https:\\\/\\\/aconteceunovale.com.br\\\/portal\\\/?p=91878#primaryimage\"},\"thumbnailUrl\":\"https:\\\/\\\/aconteceunovale.com.br\\\/portal\\\/wp-content\\\/uploads\\\/2016\\\/07\\\/desaparecida_nl.jpg\",\"datePublished\":\"2016-07-12T23:06:10+00:00\",\"author\":{\"@id\":\"https:\\\/\\\/aconteceunovale.com.br\\\/portal\\\/#\\\/schema\\\/person\\\/633529146f2c94272bef50ac2953d589\"},\"breadcrumb\":{\"@id\":\"https:\\\/\\\/aconteceunovale.com.br\\\/portal\\\/?p=91878#breadcrumb\"},\"inLanguage\":\"pt-BR\",\"potentialAction\":[{\"@type\":\"ReadAction\",\"target\":[\"https:\\\/\\\/aconteceunovale.com.br\\\/portal\\\/?p=91878\"]}]},{\"@type\":\"ImageObject\",\"inLanguage\":\"pt-BR\",\"@id\":\"https:\\\/\\\/aconteceunovale.com.br\\\/portal\\\/?p=91878#primaryimage\",\"url\":\"https:\\\/\\\/aconteceunovale.com.br\\\/portal\\\/wp-content\\\/uploads\\\/2016\\\/07\\\/desaparecida_nl.jpg\",\"contentUrl\":\"https:\\\/\\\/aconteceunovale.com.br\\\/portal\\\/wp-content\\\/uploads\\\/2016\\\/07\\\/desaparecida_nl.jpg\",\"width\":600,\"height\":450},{\"@type\":\"BreadcrumbList\",\"@id\":\"https:\\\/\\\/aconteceunovale.com.br\\\/portal\\\/?p=91878#breadcrumb\",\"itemListElement\":[{\"@type\":\"ListItem\",\"position\":1,\"name\":\"In\u00edcio\",\"item\":\"https:\\\/\\\/aconteceunovale.com.br\\\/portal\\\/\"},{\"@type\":\"ListItem\",\"position\":2,\"name\":\"&#8216;Espero uma boa not\u00edcia&#8217;, diz m\u00e3e de adolescente desaparecida desde o dia 25 de junho em MG\"}]},{\"@type\":\"WebSite\",\"@id\":\"https:\\\/\\\/aconteceunovale.com.br\\\/portal\\\/#website\",\"url\":\"https:\\\/\\\/aconteceunovale.com.br\\\/portal\\\/\",\"name\":\"Aconteceu no Vale\",\"description\":\"Portal de Not\u00edcias\",\"potentialAction\":[{\"@type\":\"SearchAction\",\"target\":{\"@type\":\"EntryPoint\",\"urlTemplate\":\"https:\\\/\\\/aconteceunovale.com.br\\\/portal\\\/?s={search_term_string}\"},\"query-input\":{\"@type\":\"PropertyValueSpecification\",\"valueRequired\":true,\"valueName\":\"search_term_string\"}}],\"inLanguage\":\"pt-BR\"},{\"@type\":\"Person\",\"@id\":\"https:\\\/\\\/aconteceunovale.com.br\\\/portal\\\/#\\\/schema\\\/person\\\/633529146f2c94272bef50ac2953d589\",\"name\":\"Aconteceu no Vale\",\"description\":\"Equipe de reportagem do Aconteceu no Vale, portal de not\u00edcias do Vale do Jequitinhonha, em Minas Gerais. Cobrimos as 51 cidades do Vale desde 2013. Sugest\u00f5es de pauta e pedidos de corre\u00e7\u00e3o: contato@aconteceunovale.com.br\",\"sameAs\":[\"http:\\\/\\\/www.aconteceunovale.com.br\"],\"url\":\"https:\\\/\\\/aconteceunovale.com.br\\\/portal\\\/?author=1\"}]}<\/script>\n<!-- \/ Yoast SEO plugin. -->","yoast_head_json":{"title":"'Espero uma boa not\u00edcia', diz m\u00e3e de adolescente desaparecida desde o dia 25 de junho em MG - Aconteceu no Vale","robots":{"index":"index","follow":"follow","max-snippet":"max-snippet:-1","max-image-preview":"max-image-preview:large","max-video-preview":"max-video-preview:-1"},"canonical":"https:\/\/aconteceunovale.com.br\/portal\/?p=91878","og_locale":"pt_BR","og_type":"article","og_title":"'Espero uma boa not\u00edcia', diz m\u00e3e de adolescente desaparecida desde o dia 25 de junho em MG - Aconteceu no Vale","og_description":"\u201cEspero que deem uma not\u00edcia logo, uma boa not\u00edcia\u201d, disse a dom\u00e9stica Luciene Lopes, de 42 anos, \u00e0 espera de um desfecho para o desaparecimento da filha Ana Paula Carvalho Lopes, de 15 anos, vista pela \u00faltima vez no dia 25 de junho, em Nova Lima, na Regi\u00e3o Metropolitana de Belo Horizonte. S\u00e3o realizadas buscas [&hellip;]","og_url":"https:\/\/aconteceunovale.com.br\/portal\/?p=91878","og_site_name":"Aconteceu no Vale","article_publisher":"https:\/\/www.facebook.com\/aconteceunovale\/","article_published_time":"2016-07-12T23:06:10+00:00","og_image":[{"width":600,"height":450,"url":"https:\/\/aconteceunovale.com.br\/portal\/wp-content\/uploads\/2016\/07\/desaparecida_nl.jpg","type":"image\/jpeg"}],"author":"Aconteceu no Vale","twitter_card":"summary_large_image","twitter_creator":"@noticiadosvales","twitter_site":"@noticiadosvales","twitter_misc":{"Escrito por":"Aconteceu no Vale","Est. tempo de leitura":"2 minutos"},"schema":{"@context":"https:\/\/schema.org","@graph":[{"@type":"Article","@id":"https:\/\/aconteceunovale.com.br\/portal\/?p=91878#article","isPartOf":{"@id":"https:\/\/aconteceunovale.com.br\/portal\/?p=91878"},"author":{"name":"Aconteceu no Vale","@id":"https:\/\/aconteceunovale.com.br\/portal\/#\/schema\/person\/633529146f2c94272bef50ac2953d589"},"headline":"&#8216;Espero uma boa not\u00edcia&#8217;, diz m\u00e3e de adolescente desaparecida desde o dia 25 de junho em MG","datePublished":"2016-07-12T23:06:10+00:00","mainEntityOfPage":{"@id":"https:\/\/aconteceunovale.com.br\/portal\/?p=91878"},"wordCount":380,"commentCount":0,"image":{"@id":"https:\/\/aconteceunovale.com.br\/portal\/?p=91878#primaryimage"},"thumbnailUrl":"https:\/\/aconteceunovale.com.br\/portal\/wp-content\/uploads\/2016\/07\/desaparecida_nl.jpg","keywords":["adolescente desaparecida desde o dia 25 de junho em MG","Ana Paula Carvalho Lopes","Ana Paula Carvalho Lopes desaparecida","desaparecimento de Ana Paula Carvalho Lopes","desaparecimento em Nova Lima","jovem desaparecida em Nova Lima","Luciene Lopes","Nova Lima"],"articleSection":["Minas Gerais"],"inLanguage":"pt-BR","potentialAction":[{"@type":"CommentAction","name":"Comment","target":["https:\/\/aconteceunovale.com.br\/portal\/?p=91878#respond"]}]},{"@type":"WebPage","@id":"https:\/\/aconteceunovale.com.br\/portal\/?p=91878","url":"https:\/\/aconteceunovale.com.br\/portal\/?p=91878","name":"'Espero uma boa not\u00edcia', diz m\u00e3e de adolescente desaparecida desde o dia 25 de junho em MG - Aconteceu no Vale","isPartOf":{"@id":"https:\/\/aconteceunovale.com.br\/portal\/#website"},"primaryImageOfPage":{"@id":"https:\/\/aconteceunovale.com.br\/portal\/?p=91878#primaryimage"},"image":{"@id":"https:\/\/aconteceunovale.com.br\/portal\/?p=91878#primaryimage"},"thumbnailUrl":"https:\/\/aconteceunovale.com.br\/portal\/wp-content\/uploads\/2016\/07\/desaparecida_nl.jpg","datePublished":"2016-07-12T23:06:10+00:00","author":{"@id":"https:\/\/aconteceunovale.com.br\/portal\/#\/schema\/person\/633529146f2c94272bef50ac2953d589"},"breadcrumb":{"@id":"https:\/\/aconteceunovale.com.br\/portal\/?p=91878#breadcrumb"},"inLanguage":"pt-BR","potentialAction":[{"@type":"ReadAction","target":["https:\/\/aconteceunovale.com.br\/portal\/?p=91878"]}]},{"@type":"ImageObject","inLanguage":"pt-BR","@id":"https:\/\/aconteceunovale.com.br\/portal\/?p=91878#primaryimage","url":"https:\/\/aconteceunovale.com.br\/portal\/wp-content\/uploads\/2016\/07\/desaparecida_nl.jpg","contentUrl":"https:\/\/aconteceunovale.com.br\/portal\/wp-content\/uploads\/2016\/07\/desaparecida_nl.jpg","width":600,"height":450},{"@type":"BreadcrumbList","@id":"https:\/\/aconteceunovale.com.br\/portal\/?p=91878#breadcrumb","itemListElement":[{"@type":"ListItem","position":1,"name":"In\u00edcio","item":"https:\/\/aconteceunovale.com.br\/portal\/"},{"@type":"ListItem","position":2,"name":"&#8216;Espero uma boa not\u00edcia&#8217;, diz m\u00e3e de adolescente desaparecida desde o dia 25 de junho em MG"}]},{"@type":"WebSite","@id":"https:\/\/aconteceunovale.com.br\/portal\/#website","url":"https:\/\/aconteceunovale.com.br\/portal\/","name":"Aconteceu no Vale","description":"Portal de Not\u00edcias","potentialAction":[{"@type":"SearchAction","target":{"@type":"EntryPoint","urlTemplate":"https:\/\/aconteceunovale.com.br\/portal\/?s={search_term_string}"},"query-input":{"@type":"PropertyValueSpecification","valueRequired":true,"valueName":"search_term_string"}}],"inLanguage":"pt-BR"},{"@type":"Person","@id":"https:\/\/aconteceunovale.com.br\/portal\/#\/schema\/person\/633529146f2c94272bef50ac2953d589","name":"Aconteceu no Vale","description":"Equipe de reportagem do Aconteceu no Vale, portal de not\u00edcias do Vale do Jequitinhonha, em Minas Gerais. Cobrimos as 51 cidades do Vale desde 2013. Sugest\u00f5es de pauta e pedidos de corre\u00e7\u00e3o: contato@aconteceunovale.com.br","sameAs":["http:\/\/www.aconteceunovale.com.br"],"url":"https:\/\/aconteceunovale.com.br\/portal\/?author=1"}]}},"_links":{"self":[{"href":"https:\/\/aconteceunovale.com.br\/portal\/index.php?rest_route=\/wp\/v2\/posts\/91878","targetHints":{"allow":["GET"]}}],"collection":[{"href":"https:\/\/aconteceunovale.com.br\/portal\/index.php?rest_route=\/wp\/v2\/posts"}],"about":[{"href":"https:\/\/aconteceunovale.com.br\/portal\/index.php?rest_route=\/wp\/v2\/types\/post"}],"author":[{"embeddable":true,"href":"https:\/\/aconteceunovale.com.br\/portal\/index.php?rest_route=\/wp\/v2\/users\/1"}],"replies":[{"embeddable":true,"href":"https:\/\/aconteceunovale.com.br\/portal\/index.php?rest_route=%2Fwp%2Fv2%2Fcomments&post=91878"}],"version-history":[{"count":0,"href":"https:\/\/aconteceunovale.com.br\/portal\/index.php?rest_route=\/wp\/v2\/posts\/91878\/revisions"}],"wp:featuredmedia":[{"embeddable":true,"href":"https:\/\/aconteceunovale.com.br\/portal\/index.php?rest_route=\/wp\/v2\/media\/91879"}],"wp:attachment":[{"href":"https:\/\/aconteceunovale.com.br\/portal\/index.php?rest_route=%2Fwp%2Fv2%2Fmedia&parent=91878"}],"wp:term":[{"taxonomy":"category","embeddable":true,"href":"https:\/\/aconteceunovale.com.br\/portal\/index.php?rest_route=%2Fwp%2Fv2%2Fcategories&post=91878"},{"taxonomy":"post_tag","embeddable":true,"href":"https:\/\/aconteceunovale.com.br\/portal\/index.php?rest_route=%2Fwp%2Fv2%2Ftags&post=91878"}],"curies":[{"name":"wp","href":"https:\/\/api.w.org\/{rel}","templated":true}]}}