{"id":91871,"date":"2016-07-12T19:21:12","date_gmt":"2016-07-12T22:21:12","guid":{"rendered":"http:\/\/aconteceunovale.com.br\/portal\/?p=91871"},"modified":"2016-07-12T19:21:12","modified_gmt":"2016-07-12T22:21:12","slug":"camara-de-santa-helena-de-minas-divulga-edital-para-concurso-publico","status":"publish","type":"post","link":"https:\/\/aconteceunovale.com.br\/portal\/?p=91871","title":{"rendered":"C\u00e2mara de Santa Helena de Minas divulga edital para concurso p\u00fablico"},"content":{"rendered":"<p>A C\u00e2mara Municipal de Santa Helena de Minas, no Vale do Mucuri, divulgou edital n\u00ba. 001\/2016, de concurso p\u00fablico, a ser executado pela empresa Leandro Lima Assessoria P\u00fablica. O concurso tem o objetivo de preencher seis vagas para cargos de n\u00edveis fundamental, m\u00e9dio e superior. <\/p>\n<p><strong>Cargos<\/p>\n<p><\/strong>Auxiliar Administrativo, Auxiliar de Servi\u00e7os Gerais, Telefonista, Agente de Controle Interno e Assessor Jur\u00eddico. Os sal\u00e1rios podem chegar a R$ 1.800,00 em regime de 6 horas di\u00e1rias.<\/p>\n<p><strong>Inscri\u00e7\u00e3o<\/p>\n<p><\/strong>Para se inscrever o candidato dever\u00e1 acessar o site <a href=\"http:\/\/leandrolimaassessoria.com.br\/camara-de-santa-helena-de-minas-concurso-publico\/\" target=\"_blank\">www.leandrolimaassessoria.com.br<\/a>, das 8h de 18 de julho at\u00e9 19 de agosto de 2016. A taxa de inscri\u00e7\u00e3o \u00e9 de R$ 61,60 (fundamental), R$ 70,00 (m\u00e9dio) e R$ 126,00 (superior).<\/p>\n<p>Aos candidatos com dificuldade de acesso \u00e0 internet, ser\u00e1 disponibilizado atendimento presencial na sede da c\u00e2mara de Santa Helena de Minas- MG, exceto aos s\u00e1bados, domingos e feriados, no hor\u00e1rio de 8h \u00e0s 13h.<\/p>\n<p><strong>Prova<\/strong><\/p>\n<p>O concurso constar\u00e1 de provas objetivas que ser\u00e3o realizadas na data prov\u00e1vel de 3 de setembro de 2016, em locais e hor\u00e1rios a serem divulgados a partir do dia 30 de agosto de 2016, no cart\u00e3o definitivo de inscri\u00e7\u00e3o. J\u00e1 o gabarito oficial das provas objetivas ser\u00e1 divulgado por meio do site <a href=\"http:\/\/leandrolimaassessoria.com.br\/camara-de-santa-helena-de-minas-concurso-publico\/\" target=\"_blank\">www.leandrolimaassessoria.com.br<\/a>, a partir do dia 5 de setembro de 2016.<\/p>\n<p><strong>Validade<\/strong><\/p>\n<p>A validade do concurso p\u00fablico ser\u00e1 de dois anos, contados da data da homologa\u00e7\u00e3o do resultado final, podendo ser prorrogado por uma \u00fanica vez, por igual per\u00edodo, mediante ato do presidente da c\u00e2mara de Santa Helena de Minas. (Concursos no Brasil)<\/p>\n","protected":false},"excerpt":{"rendered":"<p>A C\u00e2mara Municipal de Santa Helena de Minas, no Vale do Mucuri, divulgou edital n\u00ba. 001\/2016, de concurso p\u00fablico, a ser executado pela empresa Leandro Lima Assessoria P\u00fablica. O concurso tem o objetivo de preencher seis vagas para cargos de n\u00edveis fundamental, m\u00e9dio e superior. Cargos Auxiliar Administrativo, Auxiliar de Servi\u00e7os Gerais, Telefonista, Agente de [&hellip;]<\/p>\n","protected":false},"author":1,"featured_media":13951,"comment_status":"open","ping_status":"closed","sticky":false,"template":"","format":"standard","meta":{"amp_status":"","footnotes":""},"categories":[40237,40236,122],"tags":[104700,104704,104696,104701,104697,104702,104698,104703,104699,990],"class_list":["post-91871","post","type-post","status-publish","format-standard","has-post-thumbnail","hentry","category-concursos","category-empregos-2","category-mucuri","tag-camara-de-santa-helena-de-minas","tag-camara-de-santa-helena-de-minas-divulga-edital-para-concurso-publico","tag-camara-municipal-de-santa-helena-de-minas","tag-concurso-camara-de-santa-helena-de-minas","tag-concurso-camara-municipal-de-santa-helena-de-minas","tag-concurso-publico-camara-de-santa-helena-de-minas","tag-concurso-publico-camara-municipal-de-santa-helena-de-minas","tag-edital-concurso-camara-de-santa-helena-de-minas","tag-edital-concurso-camara-municipal-de-santa-helena-de-minas","tag-santa-helena-de-minas"],"yoast_head":"<!-- This site is optimized with the Yoast SEO plugin v28.3 - https:\/\/yoast.com\/product\/yoast-seo-wordpress\/ -->\n<title>C\u00e2mara de Santa Helena de Minas divulga edital para concurso p\u00fablico - Aconteceu no Vale<\/title>\n<meta name=\"robots\" content=\"index, follow, max-snippet:-1, max-image-preview:large, max-video-preview:-1\" \/>\n<link rel=\"canonical\" href=\"https:\/\/aconteceunovale.com.br\/portal\/?p=91871\" \/>\n<meta property=\"og:locale\" content=\"pt_BR\" \/>\n<meta property=\"og:type\" content=\"article\" \/>\n<meta property=\"og:title\" content=\"C\u00e2mara de Santa Helena de Minas divulga edital para concurso p\u00fablico - Aconteceu no Vale\" \/>\n<meta property=\"og:description\" content=\"A C\u00e2mara Municipal de Santa Helena de Minas, no Vale do Mucuri, divulgou edital n\u00ba. 001\/2016, de concurso p\u00fablico, a ser executado pela empresa Leandro Lima Assessoria P\u00fablica. O concurso tem o objetivo de preencher seis vagas para cargos de n\u00edveis fundamental, m\u00e9dio e superior. Cargos Auxiliar Administrativo, Auxiliar de Servi\u00e7os Gerais, Telefonista, Agente de [&hellip;]\" \/>\n<meta property=\"og:url\" content=\"https:\/\/aconteceunovale.com.br\/portal\/?p=91871\" \/>\n<meta property=\"og:site_name\" content=\"Aconteceu no Vale\" \/>\n<meta property=\"article:publisher\" content=\"https:\/\/www.facebook.com\/aconteceunovale\/\" \/>\n<meta property=\"article:published_time\" content=\"2016-07-12T22:21:12+00:00\" \/>\n<meta property=\"og:image\" content=\"https:\/\/aconteceunovale.com.br\/portal\/wp-content\/uploads\/2013\/11\/concurso_publico_angelandia.jpg\" \/>\n\t<meta property=\"og:image:width\" content=\"650\" \/>\n\t<meta property=\"og:image:height\" content=\"400\" \/>\n\t<meta property=\"og:image:type\" content=\"image\/jpeg\" \/>\n<meta name=\"author\" content=\"Aconteceu no Vale\" \/>\n<meta name=\"twitter:card\" content=\"summary_large_image\" \/>\n<meta name=\"twitter:creator\" content=\"@noticiadosvales\" \/>\n<meta name=\"twitter:site\" content=\"@noticiadosvales\" \/>\n<meta name=\"twitter:label1\" content=\"Escrito por\" \/>\n\t<meta name=\"twitter:data1\" content=\"Aconteceu no Vale\" \/>\n\t<meta name=\"twitter:label2\" content=\"Est. tempo de leitura\" \/>\n\t<meta name=\"twitter:data2\" content=\"1 minuto\" \/>\n<script type=\"application\/ld+json\" class=\"yoast-schema-graph\">{\"@context\":\"https:\\\/\\\/schema.org\",\"@graph\":[{\"@type\":\"Article\",\"@id\":\"https:\\\/\\\/aconteceunovale.com.br\\\/portal\\\/?p=91871#article\",\"isPartOf\":{\"@id\":\"https:\\\/\\\/aconteceunovale.com.br\\\/portal\\\/?p=91871\"},\"author\":{\"name\":\"Aconteceu no Vale\",\"@id\":\"https:\\\/\\\/aconteceunovale.com.br\\\/portal\\\/#\\\/schema\\\/person\\\/633529146f2c94272bef50ac2953d589\"},\"headline\":\"C\u00e2mara de Santa Helena de Minas divulga edital para concurso p\u00fablico\",\"datePublished\":\"2016-07-12T22:21:12+00:00\",\"mainEntityOfPage\":{\"@id\":\"https:\\\/\\\/aconteceunovale.com.br\\\/portal\\\/?p=91871\"},\"wordCount\":277,\"commentCount\":0,\"image\":{\"@id\":\"https:\\\/\\\/aconteceunovale.com.br\\\/portal\\\/?p=91871#primaryimage\"},\"thumbnailUrl\":\"https:\\\/\\\/aconteceunovale.com.br\\\/portal\\\/wp-content\\\/uploads\\\/2013\\\/11\\\/concurso_publico_angelandia.jpg\",\"keywords\":[\"C\u00e2mara de Santa Helena de Minas\",\"C\u00e2mara de Santa Helena de Minas divulga edital para concurso p\u00fablico\",\"C\u00e2mara Municipal de Santa Helena de Minas\",\"concurso C\u00e2mara de Santa Helena de Minas\",\"concurso C\u00e2mara Municipal de Santa Helena de Minas\",\"concurso p\u00fablico C\u00e2mara de Santa Helena de Minas\",\"concurso p\u00fablico C\u00e2mara Municipal de Santa Helena de Minas\",\"edital concurso C\u00e2mara de Santa Helena de Minas\",\"edital concurso C\u00e2mara Municipal de Santa Helena de Minas\",\"santa helena de minas\"],\"articleSection\":[\"Concursos\",\"Empregos\",\"Vale do Mucuri\"],\"inLanguage\":\"pt-BR\",\"potentialAction\":[{\"@type\":\"CommentAction\",\"name\":\"Comment\",\"target\":[\"https:\\\/\\\/aconteceunovale.com.br\\\/portal\\\/?p=91871#respond\"]}]},{\"@type\":\"WebPage\",\"@id\":\"https:\\\/\\\/aconteceunovale.com.br\\\/portal\\\/?p=91871\",\"url\":\"https:\\\/\\\/aconteceunovale.com.br\\\/portal\\\/?p=91871\",\"name\":\"C\u00e2mara de Santa Helena de Minas divulga edital para concurso p\u00fablico - Aconteceu no Vale\",\"isPartOf\":{\"@id\":\"https:\\\/\\\/aconteceunovale.com.br\\\/portal\\\/#website\"},\"primaryImageOfPage\":{\"@id\":\"https:\\\/\\\/aconteceunovale.com.br\\\/portal\\\/?p=91871#primaryimage\"},\"image\":{\"@id\":\"https:\\\/\\\/aconteceunovale.com.br\\\/portal\\\/?p=91871#primaryimage\"},\"thumbnailUrl\":\"https:\\\/\\\/aconteceunovale.com.br\\\/portal\\\/wp-content\\\/uploads\\\/2013\\\/11\\\/concurso_publico_angelandia.jpg\",\"datePublished\":\"2016-07-12T22:21:12+00:00\",\"author\":{\"@id\":\"https:\\\/\\\/aconteceunovale.com.br\\\/portal\\\/#\\\/schema\\\/person\\\/633529146f2c94272bef50ac2953d589\"},\"breadcrumb\":{\"@id\":\"https:\\\/\\\/aconteceunovale.com.br\\\/portal\\\/?p=91871#breadcrumb\"},\"inLanguage\":\"pt-BR\",\"potentialAction\":[{\"@type\":\"ReadAction\",\"target\":[\"https:\\\/\\\/aconteceunovale.com.br\\\/portal\\\/?p=91871\"]}]},{\"@type\":\"ImageObject\",\"inLanguage\":\"pt-BR\",\"@id\":\"https:\\\/\\\/aconteceunovale.com.br\\\/portal\\\/?p=91871#primaryimage\",\"url\":\"https:\\\/\\\/aconteceunovale.com.br\\\/portal\\\/wp-content\\\/uploads\\\/2013\\\/11\\\/concurso_publico_angelandia.jpg\",\"contentUrl\":\"https:\\\/\\\/aconteceunovale.com.br\\\/portal\\\/wp-content\\\/uploads\\\/2013\\\/11\\\/concurso_publico_angelandia.jpg\",\"width\":650,\"height\":400},{\"@type\":\"BreadcrumbList\",\"@id\":\"https:\\\/\\\/aconteceunovale.com.br\\\/portal\\\/?p=91871#breadcrumb\",\"itemListElement\":[{\"@type\":\"ListItem\",\"position\":1,\"name\":\"In\u00edcio\",\"item\":\"https:\\\/\\\/aconteceunovale.com.br\\\/portal\\\/\"},{\"@type\":\"ListItem\",\"position\":2,\"name\":\"C\u00e2mara de Santa Helena de Minas divulga edital para concurso p\u00fablico\"}]},{\"@type\":\"WebSite\",\"@id\":\"https:\\\/\\\/aconteceunovale.com.br\\\/portal\\\/#website\",\"url\":\"https:\\\/\\\/aconteceunovale.com.br\\\/portal\\\/\",\"name\":\"Aconteceu no Vale\",\"description\":\"Portal de Not\u00edcias\",\"potentialAction\":[{\"@type\":\"SearchAction\",\"target\":{\"@type\":\"EntryPoint\",\"urlTemplate\":\"https:\\\/\\\/aconteceunovale.com.br\\\/portal\\\/?s={search_term_string}\"},\"query-input\":{\"@type\":\"PropertyValueSpecification\",\"valueRequired\":true,\"valueName\":\"search_term_string\"}}],\"inLanguage\":\"pt-BR\"},{\"@type\":\"Person\",\"@id\":\"https:\\\/\\\/aconteceunovale.com.br\\\/portal\\\/#\\\/schema\\\/person\\\/633529146f2c94272bef50ac2953d589\",\"name\":\"Aconteceu no Vale\",\"description\":\"Equipe de reportagem do Aconteceu no Vale, portal de not\u00edcias do Vale do Jequitinhonha, em Minas Gerais. Cobrimos as 51 cidades do Vale desde 2013. Sugest\u00f5es de pauta e pedidos de corre\u00e7\u00e3o: contato@aconteceunovale.com.br\",\"sameAs\":[\"http:\\\/\\\/www.aconteceunovale.com.br\"],\"url\":\"https:\\\/\\\/aconteceunovale.com.br\\\/portal\\\/?author=1\"}]}<\/script>\n<!-- \/ Yoast SEO plugin. -->","yoast_head_json":{"title":"C\u00e2mara de Santa Helena de Minas divulga edital para concurso p\u00fablico - Aconteceu no Vale","robots":{"index":"index","follow":"follow","max-snippet":"max-snippet:-1","max-image-preview":"max-image-preview:large","max-video-preview":"max-video-preview:-1"},"canonical":"https:\/\/aconteceunovale.com.br\/portal\/?p=91871","og_locale":"pt_BR","og_type":"article","og_title":"C\u00e2mara de Santa Helena de Minas divulga edital para concurso p\u00fablico - Aconteceu no Vale","og_description":"A C\u00e2mara Municipal de Santa Helena de Minas, no Vale do Mucuri, divulgou edital n\u00ba. 001\/2016, de concurso p\u00fablico, a ser executado pela empresa Leandro Lima Assessoria P\u00fablica. O concurso tem o objetivo de preencher seis vagas para cargos de n\u00edveis fundamental, m\u00e9dio e superior. Cargos Auxiliar Administrativo, Auxiliar de Servi\u00e7os Gerais, Telefonista, Agente de [&hellip;]","og_url":"https:\/\/aconteceunovale.com.br\/portal\/?p=91871","og_site_name":"Aconteceu no Vale","article_publisher":"https:\/\/www.facebook.com\/aconteceunovale\/","article_published_time":"2016-07-12T22:21:12+00:00","og_image":[{"width":650,"height":400,"url":"https:\/\/aconteceunovale.com.br\/portal\/wp-content\/uploads\/2013\/11\/concurso_publico_angelandia.jpg","type":"image\/jpeg"}],"author":"Aconteceu no Vale","twitter_card":"summary_large_image","twitter_creator":"@noticiadosvales","twitter_site":"@noticiadosvales","twitter_misc":{"Escrito por":"Aconteceu no Vale","Est. tempo de leitura":"1 minuto"},"schema":{"@context":"https:\/\/schema.org","@graph":[{"@type":"Article","@id":"https:\/\/aconteceunovale.com.br\/portal\/?p=91871#article","isPartOf":{"@id":"https:\/\/aconteceunovale.com.br\/portal\/?p=91871"},"author":{"name":"Aconteceu no Vale","@id":"https:\/\/aconteceunovale.com.br\/portal\/#\/schema\/person\/633529146f2c94272bef50ac2953d589"},"headline":"C\u00e2mara de Santa Helena de Minas divulga edital para concurso p\u00fablico","datePublished":"2016-07-12T22:21:12+00:00","mainEntityOfPage":{"@id":"https:\/\/aconteceunovale.com.br\/portal\/?p=91871"},"wordCount":277,"commentCount":0,"image":{"@id":"https:\/\/aconteceunovale.com.br\/portal\/?p=91871#primaryimage"},"thumbnailUrl":"https:\/\/aconteceunovale.com.br\/portal\/wp-content\/uploads\/2013\/11\/concurso_publico_angelandia.jpg","keywords":["C\u00e2mara de Santa Helena de Minas","C\u00e2mara de Santa Helena de Minas divulga edital para concurso p\u00fablico","C\u00e2mara Municipal de Santa Helena de Minas","concurso C\u00e2mara de Santa Helena de Minas","concurso C\u00e2mara Municipal de Santa Helena de Minas","concurso p\u00fablico C\u00e2mara de Santa Helena de Minas","concurso p\u00fablico C\u00e2mara Municipal de Santa Helena de Minas","edital concurso C\u00e2mara de Santa Helena de Minas","edital concurso C\u00e2mara Municipal de Santa Helena de Minas","santa helena de minas"],"articleSection":["Concursos","Empregos","Vale do Mucuri"],"inLanguage":"pt-BR","potentialAction":[{"@type":"CommentAction","name":"Comment","target":["https:\/\/aconteceunovale.com.br\/portal\/?p=91871#respond"]}]},{"@type":"WebPage","@id":"https:\/\/aconteceunovale.com.br\/portal\/?p=91871","url":"https:\/\/aconteceunovale.com.br\/portal\/?p=91871","name":"C\u00e2mara de Santa Helena de Minas divulga edital para concurso p\u00fablico - Aconteceu no Vale","isPartOf":{"@id":"https:\/\/aconteceunovale.com.br\/portal\/#website"},"primaryImageOfPage":{"@id":"https:\/\/aconteceunovale.com.br\/portal\/?p=91871#primaryimage"},"image":{"@id":"https:\/\/aconteceunovale.com.br\/portal\/?p=91871#primaryimage"},"thumbnailUrl":"https:\/\/aconteceunovale.com.br\/portal\/wp-content\/uploads\/2013\/11\/concurso_publico_angelandia.jpg","datePublished":"2016-07-12T22:21:12+00:00","author":{"@id":"https:\/\/aconteceunovale.com.br\/portal\/#\/schema\/person\/633529146f2c94272bef50ac2953d589"},"breadcrumb":{"@id":"https:\/\/aconteceunovale.com.br\/portal\/?p=91871#breadcrumb"},"inLanguage":"pt-BR","potentialAction":[{"@type":"ReadAction","target":["https:\/\/aconteceunovale.com.br\/portal\/?p=91871"]}]},{"@type":"ImageObject","inLanguage":"pt-BR","@id":"https:\/\/aconteceunovale.com.br\/portal\/?p=91871#primaryimage","url":"https:\/\/aconteceunovale.com.br\/portal\/wp-content\/uploads\/2013\/11\/concurso_publico_angelandia.jpg","contentUrl":"https:\/\/aconteceunovale.com.br\/portal\/wp-content\/uploads\/2013\/11\/concurso_publico_angelandia.jpg","width":650,"height":400},{"@type":"BreadcrumbList","@id":"https:\/\/aconteceunovale.com.br\/portal\/?p=91871#breadcrumb","itemListElement":[{"@type":"ListItem","position":1,"name":"In\u00edcio","item":"https:\/\/aconteceunovale.com.br\/portal\/"},{"@type":"ListItem","position":2,"name":"C\u00e2mara de Santa Helena de Minas divulga edital para concurso p\u00fablico"}]},{"@type":"WebSite","@id":"https:\/\/aconteceunovale.com.br\/portal\/#website","url":"https:\/\/aconteceunovale.com.br\/portal\/","name":"Aconteceu no Vale","description":"Portal de Not\u00edcias","potentialAction":[{"@type":"SearchAction","target":{"@type":"EntryPoint","urlTemplate":"https:\/\/aconteceunovale.com.br\/portal\/?s={search_term_string}"},"query-input":{"@type":"PropertyValueSpecification","valueRequired":true,"valueName":"search_term_string"}}],"inLanguage":"pt-BR"},{"@type":"Person","@id":"https:\/\/aconteceunovale.com.br\/portal\/#\/schema\/person\/633529146f2c94272bef50ac2953d589","name":"Aconteceu no Vale","description":"Equipe de reportagem do Aconteceu no Vale, portal de not\u00edcias do Vale do Jequitinhonha, em Minas Gerais. Cobrimos as 51 cidades do Vale desde 2013. Sugest\u00f5es de pauta e pedidos de corre\u00e7\u00e3o: contato@aconteceunovale.com.br","sameAs":["http:\/\/www.aconteceunovale.com.br"],"url":"https:\/\/aconteceunovale.com.br\/portal\/?author=1"}]}},"_links":{"self":[{"href":"https:\/\/aconteceunovale.com.br\/portal\/index.php?rest_route=\/wp\/v2\/posts\/91871","targetHints":{"allow":["GET"]}}],"collection":[{"href":"https:\/\/aconteceunovale.com.br\/portal\/index.php?rest_route=\/wp\/v2\/posts"}],"about":[{"href":"https:\/\/aconteceunovale.com.br\/portal\/index.php?rest_route=\/wp\/v2\/types\/post"}],"author":[{"embeddable":true,"href":"https:\/\/aconteceunovale.com.br\/portal\/index.php?rest_route=\/wp\/v2\/users\/1"}],"replies":[{"embeddable":true,"href":"https:\/\/aconteceunovale.com.br\/portal\/index.php?rest_route=%2Fwp%2Fv2%2Fcomments&post=91871"}],"version-history":[{"count":0,"href":"https:\/\/aconteceunovale.com.br\/portal\/index.php?rest_route=\/wp\/v2\/posts\/91871\/revisions"}],"wp:featuredmedia":[{"embeddable":true,"href":"https:\/\/aconteceunovale.com.br\/portal\/index.php?rest_route=\/wp\/v2\/media\/13951"}],"wp:attachment":[{"href":"https:\/\/aconteceunovale.com.br\/portal\/index.php?rest_route=%2Fwp%2Fv2%2Fmedia&parent=91871"}],"wp:term":[{"taxonomy":"category","embeddable":true,"href":"https:\/\/aconteceunovale.com.br\/portal\/index.php?rest_route=%2Fwp%2Fv2%2Fcategories&post=91871"},{"taxonomy":"post_tag","embeddable":true,"href":"https:\/\/aconteceunovale.com.br\/portal\/index.php?rest_route=%2Fwp%2Fv2%2Ftags&post=91871"}],"curies":[{"name":"wp","href":"https:\/\/api.w.org\/{rel}","templated":true}]}}