{"id":91825,"date":"2016-07-12T10:48:07","date_gmt":"2016-07-12T13:48:07","guid":{"rendered":"http:\/\/aconteceunovale.com.br\/portal\/?p=91825"},"modified":"2016-07-12T10:48:07","modified_gmt":"2016-07-12T13:48:07","slug":"quem-amarra-o-cadarco-do-tenis-dos-seus-filhos","status":"publish","type":"post","link":"https:\/\/aconteceunovale.com.br\/portal\/?p=91825","title":{"rendered":"QUEM AMARRA O CADAR\u00c7O DO T\u00caNIS DOS SEUS FILHOS?"},"content":{"rendered":"<p>Se voc\u00ea responde: Eles mesmos! <\/p>\n<p>Esteja certo, ent\u00e3o, que por esta simples a\u00e7\u00e3o, voc\u00ea estar\u00e1 contribuindo para a conquista da autonomia e independ\u00eancia da sua crian\u00e7a.<\/p>\n<p>Por ser m\u00e3e tamb\u00e9m. M\u00e3e sem a oportunidade da d\u00e1diva de poder ficar em casa para cuidar das crian\u00e7as que tamb\u00e9m tive o orgulho da maternidade, porque trabalhei a maior parte do tempo que poderia ter dedicado a elas, passei pela fase do cansa\u00e7o, do pouco tempo&#8230; e por consequ\u00eancia destas quest\u00f5es, sei que tendemos a optar pelo mais pr\u00e1tico. Que neste caso \u00e9 o automatismo de solucionar o mais r\u00e1pido poss\u00edvel, o \u201cproblema\u201d. Como?<\/p>\n<p>Comprando sapatos sem cadar\u00e7o; amarrando os cadar\u00e7os para as crian\u00e7as quando elas pedem; instruindo-as \u00e0 pedir para um adulto amarrar quando precisar&#8230; todas estas atitudes fazem com que a crian\u00e7a perca a oportunidade de desenvolver a habilidade de amarrar, sozinha, o cadar\u00e7o do seu t\u00eanis.<\/p>\n<p>Muitos poder\u00e3o dizer: \u201cmas vai demorar muito\u201d; \u201cela ter\u00e1 dificuldades\u201d &#8230;<\/p>\n<p><img decoding=\"async\" src=\"http:\/\/aconteceunovale.com.br\/portal\/wp-content\/uploads\/2016\/07\/coluna_marli.jpg\" alt=\"\" \/><br \/>\n<\/br><\/p>\n<p>Sim, ela ter\u00e1 dificuldade e vai demorar sim. E isto \u00e9 formid\u00e1vel para o desenvolvimento da crian\u00e7a. A crian\u00e7a precisa ter contato com estas dificuldades para compreender, por exemplo, que nem sempre conseguimos resolver, de imediato, as quest\u00f5es que nos aparecerem, a nos desafiar.<\/p>\n<p>Ela estar\u00e1 tendo oportunidade tamb\u00e9m, de desenvolver a coordena\u00e7\u00e3o motora que contribuir\u00e1 para o aprimoramento intelectual e cognitivo.<\/p>\n<p>Portanto, atribuir a terceiros esta atividade, prejudicar\u00e1 a crian\u00e7a n\u00e3o s\u00f3 no comportamento que indicar\u00e1 caminhos para que ela se torne cada vez mais dependente, assim como a prejudicar\u00e1 tamb\u00e9m, no processo de aprendizagem e desenvolvimento.<\/p>\n<p>O ideal \u00e9 que esta aprendizagem seja prazerosa, oportunizando \u00e0 crian\u00e7a momento de seguran\u00e7a e garantia de seu tempo para que aprenda. Compreendendo que ela pode receber ajuda, orienta\u00e7\u00e3o, dicas, poss\u00edveis estrat\u00e9gias de acordo com a habilidade e capacidade dela, de acordo com a idade em que estiver, mas que seja de forma a incentiv\u00e1-la conseguir, do jeito dela, at\u00e9 que se transforme num h\u00e1bito simples e eficaz. <\/p>\n<p>A crian\u00e7a \u00e9 capaz, se estimulada. No entanto, ela perder\u00e1 o desejo de aprender se todos sempre fizerem tudo para ela e, principalmente, se perderem a paci\u00eancia porque ela est\u00e1 demorando ou n\u00e3o consegue. <\/p>\n<p>O aprender requer tempo, jeito, paci\u00eancia, dedica\u00e7\u00e3o e, sobretudo, afeto no contato. Quando a crian\u00e7a conta com estes detalhes importantes ela aprende de forma tranquila e se tornar\u00e1 independente, segura e realizada. Capaz de se tornar um adulto consciente, solid\u00e1rio e aut\u00f4nomo. <\/p>\n<p><\/br><\/p>\n<h1>Quem \u00e9 Marli Andrade?<\/h1>\n<p><img decoding=\"async\" src=\"http:\/\/aconteceunovale.com.br\/portal\/wp-content\/uploads\/2014\/03\/marli_andrade_33.jpg\" alt=\"\" \/><\/p>\n<p>Marli Andrade \u00e9 Psicanalista e Psicopedagoga, Doutoranda em Psicologia Social pela Universidade Argentina John Kennedy em Buenos Aires, defendendo a tese: \u201cA influ\u00eancia da subjetividade nas intera\u00e7\u00f5es profissionais\u201d.<\/p>\n<p>Autora de Literatura Infantojuvenil com o prop\u00f3sito de contribuir para que as crian\u00e7as cres\u00e7am com equil\u00edbrio emocional, autoestima e habilidades para intera\u00e7\u00f5es intra e interpessoal tranquila e eficiente.<\/p>\n<p>Escritora do livro \u201cPrimeiro voc\u00ea sonha, depois voc\u00ea dorme\u201d, catalogado pela C\u00e2mara Nacional do Livro, sob o cat\u00e1logo sistem\u00e1tico: Autoconhecimento, Comportamento social, Conduta de vida, Equil\u00edbrio (Psicologia), Inconsciente, Realiza\u00e7\u00e3o pessoal, Rela\u00e7\u00f5es interpessoais, Sonhos e Sucesso profissional.<\/p>\n<p>Atua com palestras e treinamentos em institui\u00e7\u00f5es p\u00fablicas e privadas, disponibilizando t\u00e9cnicas para que cada participante possa construir suas pr\u00f3prias estrat\u00e9gias para a gest\u00e3o intra e interpessoal.<\/p>\n<p><center><strong>Marli Andrade<\/strong><br \/>\nPsicanalista e Psicopedagoga<br \/>\nDoutoranda em Psicologia Social<br \/>\nAutora de Literatura Infanto Juvenil<br \/>\nSite: <a href=\"http:\/\/www.marliandrade.com.br\" target=\"_blank\">www.marliandrade.com.br<\/a><\/center><\/p>\n<p><img decoding=\"async\" src=\"http:\/\/aconteceunovale.com.br\/portal\/wp-content\/uploads\/2016\/01\/marli_livro.jpg\" alt=\"\" \/><\/p>\n","protected":false},"excerpt":{"rendered":"<p>Se voc\u00ea responde: Eles mesmos! Esteja certo, ent\u00e3o, que por esta simples a\u00e7\u00e3o, voc\u00ea estar\u00e1 contribuindo para a conquista da autonomia e independ\u00eancia da sua crian\u00e7a. Por ser m\u00e3e tamb\u00e9m. M\u00e3e sem a oportunidade da d\u00e1diva de poder ficar em casa para cuidar das crian\u00e7as que tamb\u00e9m tive o orgulho da maternidade, porque trabalhei a [&hellip;]<\/p>\n","protected":false},"author":1,"featured_media":91826,"comment_status":"open","ping_status":"closed","sticky":false,"template":"","format":"standard","meta":{"amp_status":"","footnotes":""},"categories":[4927],"tags":[12246,75019,13425,81299,99761,634,77223,104575,90228,75018],"class_list":["post-91825","post","type-post","status-publish","format-standard","has-post-thumbnail","hentry","category-colunistas","tag-coluna-marli-andrade","tag-colunista-marli-andrade","tag-educacao","tag-educacao-infantil-marli-andrade","tag-escolhas-da-crianca","tag-marli-andrade","tag-opiniao-marli-andrade","tag-quem-amarra-o-cadarco-do-tenis-dos-seus-filhos","tag-textos-infantis-marli-andrade","tag-textos-marli-andrade"],"_links":{"self":[{"href":"https:\/\/aconteceunovale.com.br\/portal\/index.php?rest_route=\/wp\/v2\/posts\/91825","targetHints":{"allow":["GET"]}}],"collection":[{"href":"https:\/\/aconteceunovale.com.br\/portal\/index.php?rest_route=\/wp\/v2\/posts"}],"about":[{"href":"https:\/\/aconteceunovale.com.br\/portal\/index.php?rest_route=\/wp\/v2\/types\/post"}],"author":[{"embeddable":true,"href":"https:\/\/aconteceunovale.com.br\/portal\/index.php?rest_route=\/wp\/v2\/users\/1"}],"replies":[{"embeddable":true,"href":"https:\/\/aconteceunovale.com.br\/portal\/index.php?rest_route=%2Fwp%2Fv2%2Fcomments&post=91825"}],"version-history":[{"count":0,"href":"https:\/\/aconteceunovale.com.br\/portal\/index.php?rest_route=\/wp\/v2\/posts\/91825\/revisions"}],"wp:featuredmedia":[{"embeddable":true,"href":"https:\/\/aconteceunovale.com.br\/portal\/index.php?rest_route=\/wp\/v2\/media\/91826"}],"wp:attachment":[{"href":"https:\/\/aconteceunovale.com.br\/portal\/index.php?rest_route=%2Fwp%2Fv2%2Fmedia&parent=91825"}],"wp:term":[{"taxonomy":"category","embeddable":true,"href":"https:\/\/aconteceunovale.com.br\/portal\/index.php?rest_route=%2Fwp%2Fv2%2Fcategories&post=91825"},{"taxonomy":"post_tag","embeddable":true,"href":"https:\/\/aconteceunovale.com.br\/portal\/index.php?rest_route=%2Fwp%2Fv2%2Ftags&post=91825"}],"curies":[{"name":"wp","href":"https:\/\/api.w.org\/{rel}","templated":true}]}}