{"id":91823,"date":"2016-07-12T10:42:54","date_gmt":"2016-07-12T13:42:54","guid":{"rendered":"http:\/\/aconteceunovale.com.br\/portal\/?p=91823"},"modified":"2016-07-12T10:42:54","modified_gmt":"2016-07-12T13:42:54","slug":"liberada-licenca-para-instalacao-de-parque-de-energia-solar-no-norte-de-minas-2","status":"publish","type":"post","link":"https:\/\/aconteceunovale.com.br\/portal\/?p=91823","title":{"rendered":"Liberada licen\u00e7a para instala\u00e7\u00e3o de parque de energia solar no Norte de Minas"},"content":{"rendered":"<p>O governo de Minas Gerais concedeu nesta segunda-feira (11\/7) a licen\u00e7a de instala\u00e7\u00e3o da Usina Solatio Brasil Gest\u00e3o de Projetos Solares Ltda, na cidade de Pirapora, Territ\u00f3rio de Desenvolvimento Norte. A libera\u00e7\u00e3o garante um investimento da ordem de R$ 6 bilh\u00f5es, por parte do grupo, na instala\u00e7\u00e3o de todo o sistema de gera\u00e7\u00e3o de energia fotovoltaica no Estado. <\/p>\n<p>A reuni\u00e3o entre o Governo de Minas Gerais, representantes da empresa e da prefeitura de Pirapora foi realizada no Pal\u00e1cio da Liberdade, em Belo Horizonte. O projeto consiste na implanta\u00e7\u00e3o de um parque solar fotovoltaico composto por 10 usinas de 30 MW cada, totalizando 300 MW; linha de transmiss\u00e3o de 9,2 km e 138 kV; \u00e1rea de manuten\u00e7\u00e3o de 0,6 ha e subesta\u00e7\u00e3o de 1,5 h\u00e1 e 138 kV, compartilhada por todas as usinas localizadas na Fazenda Marambaia, em Pirapora. <\/p>\n<p>Essa foi a segunda fase do processo para implanta\u00e7\u00e3o do empreendimento. A primeira foi a licen\u00e7a pr\u00e9via, concedida em junho de 2015. De acordo com o secret\u00e1rio-adjunto de Estado de Meio Ambiente, Germano Luiz Gomes Vieira, \u00e9 importante destacar que, na fase de licen\u00e7a pr\u00e9via, o Copam publicou delibera\u00e7\u00e3o normativa dando poderes ao \u00f3rg\u00e3o ambiental para \u201creduzir ou aumentar a classe do empreendimento em raz\u00e3o dos impactos positivos no meio ambiente\u201d. Em maio deste ano, foi montada uma equipe interdisciplinar, com profissionais no Norte de Minas e de Belo Horizonte para analisar o processo. <\/p>\n<p>\u201c\u00c9 gratificante quando a secretaria pode trabalhar em an\u00e1lise de empreendimentos que trazem n\u00e3o apenas um incremento significativo no desenvolvimento econ\u00f4mico-social da regi\u00e3o, mas, em especial, um empreendimento de gera\u00e7\u00e3o de energia limpa, integrada \u00e0s atua\u00e7\u00f5es estatais relacionadas \u00e0s mudan\u00e7as do clima\u201d, afirmou o secret\u00e1rio de Estado de Meio Ambiente, Jairo Jos\u00e9 Isaac. <\/p>\n<p>A terceira etapa desse processo \u00e9 a Licen\u00e7a de Opera\u00e7\u00e3o, que, neste caso trata da rede de distribui\u00e7\u00e3o.<\/p>\n<p>Mais do que a cria\u00e7\u00e3o de empregos, a Prefeitura de Pirapora v\u00ea como fundamental, na constru\u00e7\u00e3o e posterior opera\u00e7\u00e3o da usina, o potencial aumento de receitas com o Imposto sobre Servi\u00e7os (ISS) e outros tributos, embora n\u00e3o tenha ainda uma proje\u00e7\u00e3o desses n\u00fameros.<\/p>\n<p>\u201cTeremos ganhos para o M\u00e9dio S\u00e3o Francisco em termos ambientais, com gera\u00e7\u00e3o de energia alternativa em larga escala, compat\u00edvel com o que \u00e9 produzido por Tr\u00eas Marias (Usina de Tr\u00eas Marias). Teremos o ganho social da gera\u00e7\u00e3o de emprego e, al\u00e9m disso, temos tamb\u00e9m um ganho de arrecada\u00e7\u00e3o em ICMS para o Estado e em royalties para Pirapora, j\u00e1 que a usina atingir\u00e1 50% de todo o faturamento da atividade industrial do munic\u00edpio\u201d, afirmou o prefeito L\u00e9o Silveira.<\/p>\n<p><img decoding=\"async\" src=\"http:\/\/aconteceunovale.com.br\/portal\/wp-content\/uploads\/2016\/07\/MMN_0836_edt.jpg\" alt=\"\" \/><em>A libera\u00e7\u00e3o garante um investimento da ordem de R$ 6 bilh\u00f5es, por parte do grupo, para instala\u00e7\u00e3o do sistema em Minas Gerais (Foto: Manoel Marques\/Imprensa MG)<\/em><br \/>\n<\/br><\/p>\n<p><em>(Ag\u00eancia Minas)<\/em><\/p>\n","protected":false},"excerpt":{"rendered":"<p>O governo de Minas Gerais concedeu nesta segunda-feira (11\/7) a licen\u00e7a de instala\u00e7\u00e3o da Usina Solatio Brasil Gest\u00e3o de Projetos Solares Ltda, na cidade de Pirapora, Territ\u00f3rio de Desenvolvimento Norte. A libera\u00e7\u00e3o garante um investimento da ordem de R$ 6 bilh\u00f5es, por parte do grupo, na instala\u00e7\u00e3o de todo o sistema de gera\u00e7\u00e3o de energia [&hellip;]<\/p>\n","protected":false},"author":1,"featured_media":85399,"comment_status":"open","ping_status":"closed","sticky":false,"template":"","format":"standard","meta":{"amp_status":"","footnotes":""},"categories":[1236],"tags":[91869,91867,91868,91891,90710,91886,194,91880,91889,90714,91879,91873,347,91884,91866,91874,90709,1018,48146,35737,90706,90707,35736,43498,43501,67896,91885,91887,90705,90703,90704,90702,91890,90717,91863,91864,91865,90723,4318,90724,30136,91870,91871,90722,90708,18385,104574,104573,78176,91882,91883,91860,91862,104263,104262,104264,91892,210,91861,90721,91875,212,91876,78178,90716,254,90711,90712,54772,90715,91877,90718,78179,67888,67887,91872,90713,91878,763,91893,90720,90719,91888,1539,91881],"class_list":{"0":"post-91823","1":"post","2":"type-post","3":"status-publish","4":"format-standard","5":"has-post-thumbnail","6":"hentry","7":"category-norte_de_minas","8":"tag-adocao-da-energia-solar-em-minas-gerais","9":"tag-adocao-da-energia-solar-fotovoltaica","10":"tag-adocao-da-energia-solar-fotovoltaica-em-minas-gerais","11":"tag-atlas-solarimetrico","12":"tag-atlas-solarimetrico-de-minas","13":"tag-atlas-solarimetrico-revelam-pioneirismo","14":"tag-belo-horizonte","15":"tag-belo-horizonte-capital-da-energia-solar","16":"tag-bruno-marciano-lopes","17":"tag-canadian","18":"tag-capital-da-energia-solar","19":"tag-capital-da-energia-solar-do-brasil","20":"tag-cemig","21":"tag-cmu-comercializadora-de-energia","22":"tag-conselho-mundial-da-energia","23":"tag-csem-brasil","24":"tag-debate-publico-energia-de-fontes-renovaveis","25":"tag-destaque","26":"tag-efficientia","27":"tag-energia-fotovoltaica","28":"tag-energia-fotovoltaica-minas-gerais","29":"tag-energia-fotovoltaica-norte-de-minas","30":"tag-energia-solar","31":"tag-energia-solar-fotovoltaica","32":"tag-energia-solar-fotovoltaica-em-minas-gerais","33":"tag-energia-solar-minas-gerais","34":"tag-energia-solar-no-mineirao","35":"tag-energia-solar-no-mineirao-e-atlas-solarimetrico-revelam-pioneirismo","36":"tag-energia-solar-norte-de-minas","37":"tag-energia-solar-pode-ser-a-redencao-do-norte-de-minas","38":"tag-energia-solar-pode-ser-a-redencao-do-norte-de-minas-e-vale-do-jequitinhonha","39":"tag-energia-solar-pode-ser-a-redencao-do-semiarido-mineiro","40":"tag-engenheiro-de-tecnologia-e-normalizacao-da-cemig","41":"tag-engenheiro-no-brasil-da-solatio","42":"tag-fonte-energetica-abundante","43":"tag-fonte-energetica-limpa","44":"tag-fonte-energetica-renovavel","45":"tag-geracao-de-energia-solar-unimontes","46":"tag-gil-pereira","47":"tag-guilherme-augusto-guimaraes-oliveira","48":"tag-heliomar-valle-da-silveira","49":"tag-icms-relativo-a-aquisicao-de-energia-solar","50":"tag-icms-relativo-a-aquisicao-de-energia-solar-em-minas-gerais","51":"tag-implantacao-da-usina-em-pirapora-coloca-o-norte-de-minas-no-mapa-da-energia-solar","52":"tag-lei-21-713","53":"tag-leo-silveira","54":"tag-liberada-licenca-para-instalacao-de-parque-de-energia-solar-em-pirapora","55":"tag-liberada-licenca-para-instalacao-de-parque-de-energia-solar-no-norte-de-minas","56":"tag-maior-usina-solar-da-america-latina","57":"tag-mercado-de-energia","58":"tag-mercado-de-energia-em-minas-gerais","59":"tag-minas-gerais-busca-vanguarda-de-um-mundo-movido-a-energia-solar","60":"tag-minas-gerais-energia-solar","62":"tag-minas-gerais-podera-perder-r-6-bilhoes-em-investimento-na-producao-de-energia-solar","63":"tag-minas-gerais-podera-perder-r-6-bilhoes-em-investimentos-na-producao-de-energia-solar","64":"tag-mineirao-e-o-primeiro-estadio-sede-de-jogos-da-copa-do-mundo-a-possuir-usina-fotovoltaica","65":"tag-montes-claros","66":"tag-mundo-movido-a-energia-solar","67":"tag-norte-de-minas-pretende-se-tornar-polo-fotovoltaico","68":"tag-opv","69":"tag-paracatu","70":"tag-payback-energetico","71":"tag-pedro-vaquer","72":"tag-pedro-vaquer-brunet","73":"tag-pirapora","74":"tag-pirapora-tera-a-maior-usina-solar-da-america-latina","75":"tag-pirapora-tera-a-terceira-maior-usina-geradora-solar-fotovoltaica-do-mundo","76":"tag-prefeitura-de-pirapora","77":"tag-presidente-da-solatio","78":"tag-presidente-da-sunew","79":"tag-roberto-devienne","80":"tag-solatio","81":"tag-solatio-energia","82":"tag-sunew","83":"tag-tecnologia-de-aproveitamento","84":"tag-terceira-maior-usina-geradora-solar-fotovoltaica-do-mundo","85":"tag-thiago-maranhao","86":"tag-unimontes","87":"tag-usina-fotovoltaica-do-mineirao","88":"tag-usina-fotovoltaica-pirapora","89":"tag-usina-solar-pirapora","90":"tag-usina-solatio-pirapora","91":"tag-vazante","92":"tag-walter-froes"},"_links":{"self":[{"href":"https:\/\/aconteceunovale.com.br\/portal\/index.php?rest_route=\/wp\/v2\/posts\/91823","targetHints":{"allow":["GET"]}}],"collection":[{"href":"https:\/\/aconteceunovale.com.br\/portal\/index.php?rest_route=\/wp\/v2\/posts"}],"about":[{"href":"https:\/\/aconteceunovale.com.br\/portal\/index.php?rest_route=\/wp\/v2\/types\/post"}],"author":[{"embeddable":true,"href":"https:\/\/aconteceunovale.com.br\/portal\/index.php?rest_route=\/wp\/v2\/users\/1"}],"replies":[{"embeddable":true,"href":"https:\/\/aconteceunovale.com.br\/portal\/index.php?rest_route=%2Fwp%2Fv2%2Fcomments&post=91823"}],"version-history":[{"count":0,"href":"https:\/\/aconteceunovale.com.br\/portal\/index.php?rest_route=\/wp\/v2\/posts\/91823\/revisions"}],"wp:featuredmedia":[{"embeddable":true,"href":"https:\/\/aconteceunovale.com.br\/portal\/index.php?rest_route=\/wp\/v2\/media\/85399"}],"wp:attachment":[{"href":"https:\/\/aconteceunovale.com.br\/portal\/index.php?rest_route=%2Fwp%2Fv2%2Fmedia&parent=91823"}],"wp:term":[{"taxonomy":"category","embeddable":true,"href":"https:\/\/aconteceunovale.com.br\/portal\/index.php?rest_route=%2Fwp%2Fv2%2Fcategories&post=91823"},{"taxonomy":"post_tag","embeddable":true,"href":"https:\/\/aconteceunovale.com.br\/portal\/index.php?rest_route=%2Fwp%2Fv2%2Ftags&post=91823"}],"curies":[{"name":"wp","href":"https:\/\/api.w.org\/{rel}","templated":true}]}}