{"id":91809,"date":"2016-07-12T10:02:46","date_gmt":"2016-07-12T13:02:46","guid":{"rendered":"http:\/\/aconteceunovale.com.br\/portal\/?p=91809"},"modified":"2016-07-12T10:02:46","modified_gmt":"2016-07-12T13:02:46","slug":"previsao-do-tempo-para-minas-gerais-nesta-terca-feira-12-de-julho","status":"publish","type":"post","link":"https:\/\/aconteceunovale.com.br\/portal\/?p=91809","title":{"rendered":"Previs\u00e3o do tempo para Minas Gerais, nesta ter\u00e7a-feira, 12 de julho"},"content":{"rendered":"<h4><strong><em>No Leste e Nordeste a circula\u00e7\u00e3o oce\u00e2nica deixa o tempo parcialmente nublado, mas sem previs\u00e3o de chuvas.<\/em><\/strong><\/h4>\n<p>A massa de ar seco continua a atuar sobre Minas Gerais mantendo o tempo com predom\u00ednio de sol na maior parte das regi\u00f5es. No Leste e Nordeste a circula\u00e7\u00e3o oce\u00e2nica deixa o tempo parcialmente nublado, mas sem previs\u00e3o de chuvas. Nas demais regi\u00f5es do estado o tempo fica ensolarado. As temperaturas se matem com ligeira eleva\u00e7\u00e3o. Em BH e Regi\u00e3o Metropolitana o tempo fica com predom\u00ednio de sol e temperatura m\u00e1xima prevista de 29 graus.<\/p>\n","protected":false},"excerpt":{"rendered":"<p>No Leste e Nordeste a circula\u00e7\u00e3o oce\u00e2nica deixa o tempo parcialmente nublado, mas sem previs\u00e3o de chuvas. A massa de ar seco continua a atuar sobre Minas Gerais mantendo o tempo com predom\u00ednio de sol na maior parte das regi\u00f5es. No Leste e Nordeste a circula\u00e7\u00e3o oce\u00e2nica deixa o tempo parcialmente nublado, mas sem previs\u00e3o [&hellip;]<\/p>\n","protected":false},"author":1,"featured_media":82499,"comment_status":"open","ping_status":"closed","sticky":false,"template":"","format":"standard","meta":{"amp_status":"","footnotes":""},"categories":[123],"tags":[104559,194,131,36891,1956,27340,104564,87017,104563,1839,104561,28255,104560,104562],"class_list":["post-91809","post","type-post","status-publish","format-standard","has-post-thumbnail","hentry","category-gerais","tag-12-de-julho","tag-belo-horizonte","tag-minas-gerais","tag-nesta-terca-feira","tag-previsao-do-tempo","tag-previsao-do-tempo-para-belo-horizonte","tag-previsao-do-tempo-para-belo-horizonte-12-de-julho","tag-previsao-do-tempo-para-belo-horizonte-nesta-terca-feira","tag-previsao-do-tempo-para-belo-horizonte-nesta-terca-feira-12-de-julho","tag-previsao-do-tempo-para-minas-gerais","tag-previsao-do-tempo-para-minas-gerais-12-de-julho","tag-previsao-do-tempo-para-minas-gerais-nesta-terca-feira","tag-previsao-do-tempo-para-minas-gerais-nesta-terca-feira-12-de-julho","tag-terca-feira-12-de-julho"],"_links":{"self":[{"href":"https:\/\/aconteceunovale.com.br\/portal\/index.php?rest_route=\/wp\/v2\/posts\/91809","targetHints":{"allow":["GET"]}}],"collection":[{"href":"https:\/\/aconteceunovale.com.br\/portal\/index.php?rest_route=\/wp\/v2\/posts"}],"about":[{"href":"https:\/\/aconteceunovale.com.br\/portal\/index.php?rest_route=\/wp\/v2\/types\/post"}],"author":[{"embeddable":true,"href":"https:\/\/aconteceunovale.com.br\/portal\/index.php?rest_route=\/wp\/v2\/users\/1"}],"replies":[{"embeddable":true,"href":"https:\/\/aconteceunovale.com.br\/portal\/index.php?rest_route=%2Fwp%2Fv2%2Fcomments&post=91809"}],"version-history":[{"count":0,"href":"https:\/\/aconteceunovale.com.br\/portal\/index.php?rest_route=\/wp\/v2\/posts\/91809\/revisions"}],"wp:featuredmedia":[{"embeddable":true,"href":"https:\/\/aconteceunovale.com.br\/portal\/index.php?rest_route=\/wp\/v2\/media\/82499"}],"wp:attachment":[{"href":"https:\/\/aconteceunovale.com.br\/portal\/index.php?rest_route=%2Fwp%2Fv2%2Fmedia&parent=91809"}],"wp:term":[{"taxonomy":"category","embeddable":true,"href":"https:\/\/aconteceunovale.com.br\/portal\/index.php?rest_route=%2Fwp%2Fv2%2Fcategories&post=91809"},{"taxonomy":"post_tag","embeddable":true,"href":"https:\/\/aconteceunovale.com.br\/portal\/index.php?rest_route=%2Fwp%2Fv2%2Ftags&post=91809"}],"curies":[{"name":"wp","href":"https:\/\/api.w.org\/{rel}","templated":true}]}}