{"id":91784,"date":"2016-07-11T19:19:33","date_gmt":"2016-07-11T22:19:33","guid":{"rendered":"http:\/\/aconteceunovale.com.br\/portal\/?p=91784"},"modified":"2016-07-11T19:22:59","modified_gmt":"2016-07-11T22:22:59","slug":"taxista-de-janauba-continua-desaparecido","status":"publish","type":"post","link":"https:\/\/aconteceunovale.com.br\/portal\/?p=91784","title":{"rendered":"Taxista de Jana\u00faba continua desaparecido"},"content":{"rendered":"<p>O desaparecimento do taxista Jos\u00e9 Ant\u00f4nio Mendes, de 21 anos, de Jana\u00faba, completa um m\u00eas nesta segunda-feira (11\/7). De acordo com a fam\u00edlia, mesmo ap\u00f3s tanto tempo, pouco se sabe sobre o sumi\u00e7o do jovem.<\/p>\n<p>\u201cA pol\u00edcia fala que est\u00e1 trabalhando, investigando o caso, mas afirmam que n\u00e3o podem dar detalhes para n\u00e3o atrapalhar as investiga\u00e7\u00f5es. Enquanto isso, estamos na ang\u00fastia, aguardando\u201d, lamenta a irm\u00e3 de Jos\u00e9 Ant\u00f4nio, C\u00edntia Mendes.<\/p>\n<p>Jos\u00e9 Ant\u00f4nio desapareceu no dia 11 de junho, por volta das 11 horas, quando foi contratado para fazer uma viagem de Jana\u00faba at\u00e9 a cidade de Rio Pardo de Minas. No mesmo dia, o carro do taxista foi usado para sequestrar Gersino da Silva Brito, em Rio Pardo. Quatro dias depois, o corpo do feirante foi encontrado na zona rural do munic\u00edpio, pr\u00f3ximo ao t\u00e1xi, que estava queimado.<\/p>\n<p>No fim do m\u00eas de junho, a Pol\u00edcia Civil confirmou que incluiu no inqu\u00e9rito o retrato falado do homem que contratou o taxista. \u201cEsta \u00e9 uma imagem importante que faz parte da investiga\u00e7\u00e3o. Estamos dedicando todos nossos recursos para a elucida\u00e7\u00e3o deste caso\u201d, informou a delegada M\u00e1rcia Miguel Meira no dia 23 de junho.<\/p>\n<p><img decoding=\"async\" src=\"http:\/\/aconteceunovale.com.br\/portal\/wp-content\/uploads\/2016\/06\/taxista_janauba_2.jpg\" alt=\"\" \/><em>Taxista desaparece durante corrida para Rio Pardo (Foto: Divulga\u00e7\u00e3o)<\/em><br \/>\n<\/br><\/p>\n<p><img decoding=\"async\" src=\"http:\/\/aconteceunovale.com.br\/portal\/wp-content\/uploads\/2016\/07\/retrato_falado_jan.jpg\" alt=\"\" \/><em>Pol\u00edcia anexou imagem \u00e0s investiga\u00e7\u00f5es (Foto: Reprodu\u00e7\u00e3o\/Pol\u00edcia Civil)<\/em><br \/>\n<\/br><\/p>\n<p><img decoding=\"async\" src=\"http:\/\/aconteceunovale.com.br\/portal\/wp-content\/uploads\/2016\/06\/carro_queimado_nm_1.jpg\" alt=\"\" \/><em>Ve\u00edculo estava na zona rural de Rio Pardo de Minas (Foto: Divulga\u00e7\u00e3o)<\/em><br \/>\n<\/br><\/p>\n<p><em>(Fonte: G1 Grande Minas)<\/em><\/p>\n","protected":false},"excerpt":{"rendered":"<p>O desaparecimento do taxista Jos\u00e9 Ant\u00f4nio Mendes, de 21 anos, de Jana\u00faba, completa um m\u00eas nesta segunda-feira (11\/7). De acordo com a fam\u00edlia, mesmo ap\u00f3s tanto tempo, pouco se sabe sobre o sumi\u00e7o do jovem. \u201cA pol\u00edcia fala que est\u00e1 trabalhando, investigando o caso, mas afirmam que n\u00e3o podem dar detalhes para n\u00e3o atrapalhar as [&hellip;]<\/p>\n","protected":false},"author":1,"featured_media":89067,"comment_status":"open","ping_status":"closed","sticky":false,"template":"","format":"standard","meta":{"amp_status":"","footnotes":""},"categories":[1236],"tags":[99318,99314,99317,98730,1018,99313,204,98732,98735,99315,100949,421,98736,98731,98729,98734,99316,104534,98728,98733],"class_list":["post-91784","post","type-post","status-publish","format-standard","has-post-thumbnail","hentry","category-norte_de_minas","tag-corpo-e-encontrado-proximo-a-carro-queimado-no-norte-de-minas","tag-desaparecido-rio-pardo-de-minas","tag-desaparecimento-taxista-de-janauba","tag-desaparecimento-taxista-janauba","tag-destaque","tag-gercino-da-silva-brito","tag-janauba","tag-jose-antonio-mendes-chaves","tag-jose-antonio-taxista","tag-morte-de-taxista-de-janauba","tag-policia-divulga-retrato-falado-de-homem-suspeito-de-sequestrar-taxista-em-janauba","tag-rio-pardo-de-minas","tag-sequestro-jose-antonio-taxista","tag-sequestro-rio-pardo-de-minas","tag-sequestro-taxista-janauba","tag-sequestro-taxista-jose-antonio-mendes-chaves","tag-taxista-de-janauba","tag-taxista-de-janauba-continua-desaparecido","tag-taxista-desaparece-durante-corrida-entre-janauba-e-rio-pardo-de-minas","tag-taxista-jose-antonio-mendes-chaves"],"_links":{"self":[{"href":"https:\/\/aconteceunovale.com.br\/portal\/index.php?rest_route=\/wp\/v2\/posts\/91784","targetHints":{"allow":["GET"]}}],"collection":[{"href":"https:\/\/aconteceunovale.com.br\/portal\/index.php?rest_route=\/wp\/v2\/posts"}],"about":[{"href":"https:\/\/aconteceunovale.com.br\/portal\/index.php?rest_route=\/wp\/v2\/types\/post"}],"author":[{"embeddable":true,"href":"https:\/\/aconteceunovale.com.br\/portal\/index.php?rest_route=\/wp\/v2\/users\/1"}],"replies":[{"embeddable":true,"href":"https:\/\/aconteceunovale.com.br\/portal\/index.php?rest_route=%2Fwp%2Fv2%2Fcomments&post=91784"}],"version-history":[{"count":0,"href":"https:\/\/aconteceunovale.com.br\/portal\/index.php?rest_route=\/wp\/v2\/posts\/91784\/revisions"}],"wp:featuredmedia":[{"embeddable":true,"href":"https:\/\/aconteceunovale.com.br\/portal\/index.php?rest_route=\/wp\/v2\/media\/89067"}],"wp:attachment":[{"href":"https:\/\/aconteceunovale.com.br\/portal\/index.php?rest_route=%2Fwp%2Fv2%2Fmedia&parent=91784"}],"wp:term":[{"taxonomy":"category","embeddable":true,"href":"https:\/\/aconteceunovale.com.br\/portal\/index.php?rest_route=%2Fwp%2Fv2%2Fcategories&post=91784"},{"taxonomy":"post_tag","embeddable":true,"href":"https:\/\/aconteceunovale.com.br\/portal\/index.php?rest_route=%2Fwp%2Fv2%2Ftags&post=91784"}],"curies":[{"name":"wp","href":"https:\/\/api.w.org\/{rel}","templated":true}]}}