{"id":91781,"date":"2016-07-11T18:56:46","date_gmt":"2016-07-11T21:56:46","guid":{"rendered":"http:\/\/aconteceunovale.com.br\/portal\/?p=91781"},"modified":"2016-07-11T18:56:54","modified_gmt":"2016-07-11T21:56:54","slug":"operacao-aplica-mais-de-r-2-milhoes-em-multas-durante-fiscalizacao-na-serra-do-cabral","status":"publish","type":"post","link":"https:\/\/aconteceunovale.com.br\/portal\/?p=91781","title":{"rendered":"Opera\u00e7\u00e3o aplica mais de R$ 2 milh\u00f5es em multas durante fiscaliza\u00e7\u00e3o na Serra do Cabral"},"content":{"rendered":"<p>Os resultados de uma opera\u00e7\u00e3o na Serra do Cabral, realizada entre os dias 27 de junho e 1\u00ba de julho, foram apresentados na tarde desta segunda-feira (11\/7) em Montes Claros, no Norte de Minas. A a\u00e7\u00e3o visou o combate \u00e0 explora\u00e7\u00e3o desordenada dos recursos naturais, e foi coordenada pelo Minist\u00e9rio P\u00fablico Estadual, Pol\u00edcia Militar, IBAMA e Ex\u00e9rcito.<\/p>\n<p>De acordo com o analista ambiental do IBAMA, Rafael Chaves, a Serra do Cabral possui aproximadamente 300 mil hectares, sendo que menos de 10% desta \u00e1rea \u00e9 conservada. \u201cDurante esta a\u00e7\u00e3o percebemos que \u00e9 necess\u00e1rio que os \u00f3rg\u00e3o ambientais se unam de forma que impe\u00e7am infra\u00e7\u00f5es nestas \u00e1reas. Foram aplicadas multas em torno de R$ 2 milh\u00f5es, mas nosso objetivo principal nem \u00e9 a puni\u00e7\u00e3o pecuni\u00e1ria e sim a preserva\u00e7\u00e3o do meio ambiente\u201d.<\/p>\n<p>Al\u00e9m da Serra do Cabral, a Pol\u00edcia Militar fiscalizou ainda 53 \u00e1reas de explora\u00e7\u00e3o mineral em outros 15 munic\u00edpios da regi\u00e3o. Nestes locais, nove pessoas foram presas e 24 multas foram aplicadas. Para o tenente Edney Ferreira, este tipo de trabalho ajuda no combate a outros tipos de crime interligados \u00e0 explora\u00e7\u00e3o ilegal de minerais.<\/p>\n<p>\u201cN\u00f3s j\u00e1 t\u00ednhamos levantamentos do Servi\u00e7o de Intelig\u00eancia sobre os pontos de explora\u00e7\u00e3o ilegal de recursos naturais. Mediante ao conv\u00eanio com o Instituo Estadual de Floresta e a Secretaria Estadual de Meio Ambiente, foram aplicados mais de R$ 286 mil em multas\u201d, explica.<\/p>\n<p>Para o Minist\u00e9rio P\u00fablico, esta \u00e9 a primeira a\u00e7\u00e3o realizada em conjunto com os \u00f3rg\u00e3os de fiscaliza\u00e7\u00e3o ambiental, mas os resultados s\u00e3o considerados importantes para o combate aos crimes ambientais no Norte de Minas.<\/p>\n<p>\u201cCom os resultados, vai caber ao Minist\u00e9rio P\u00fablico responsabilizar todos estes infratores, seja para regularizar ambientalmente estas atividades, seja para reparar os danos ambientais ou indenizar todos os danos que foram constatados. Al\u00e9m disso, o MP vai buscar puni\u00e7\u00e3o dos infratores na esfera criminal\u201d, afirma o promotor Daniel Oliveira de Ornelas.<\/p>\n<p><img decoding=\"async\" src=\"http:\/\/aconteceunovale.com.br\/portal\/wp-content\/uploads\/2016\/07\/operacao_serra_do_cabral.jpg\" alt=\"\" \/><em>M\u00e1quinas foram apreendidas durante a a\u00e7\u00e3o (Foto: IBAMA\/divulga\u00e7\u00e3o)<\/em><br \/>\n<\/br><\/p>\n<p><em>(Fonte: G1 Grande Minas\/Valdivan Veloso)<\/em><\/p>\n","protected":false},"excerpt":{"rendered":"<p>Os resultados de uma opera\u00e7\u00e3o na Serra do Cabral, realizada entre os dias 27 de junho e 1\u00ba de julho, foram apresentados na tarde desta segunda-feira (11\/7) em Montes Claros, no Norte de Minas. A a\u00e7\u00e3o visou o combate \u00e0 explora\u00e7\u00e3o desordenada dos recursos naturais, e foi coordenada pelo Minist\u00e9rio P\u00fablico Estadual, Pol\u00edcia Militar, IBAMA [&hellip;]<\/p>\n","protected":false},"author":1,"featured_media":91782,"comment_status":"open","ping_status":"closed","sticky":false,"template":"","format":"standard","meta":{"amp_status":"","footnotes":""},"categories":[1236],"tags":[104531,1018,104533,210,104530,104532,104529,37013],"class_list":["post-91781","post","type-post","status-publish","format-standard","has-post-thumbnail","hentry","category-norte_de_minas","tag-autuacoes-durante-operacao-na-serra-do-cabral","tag-destaque","tag-fiscalizacao-na-serra-do-cabral","tag-montes-claros","tag-multas-durante-operacao-na-serra-do-cabral","tag-operacao-aplica-mais-de-r-2-milhoes-em-multas-durante-fiscalizacao-na-serra-do-cabral","tag-operacao-na-serra-do-cabral","tag-serra-do-cabral"],"_links":{"self":[{"href":"https:\/\/aconteceunovale.com.br\/portal\/index.php?rest_route=\/wp\/v2\/posts\/91781","targetHints":{"allow":["GET"]}}],"collection":[{"href":"https:\/\/aconteceunovale.com.br\/portal\/index.php?rest_route=\/wp\/v2\/posts"}],"about":[{"href":"https:\/\/aconteceunovale.com.br\/portal\/index.php?rest_route=\/wp\/v2\/types\/post"}],"author":[{"embeddable":true,"href":"https:\/\/aconteceunovale.com.br\/portal\/index.php?rest_route=\/wp\/v2\/users\/1"}],"replies":[{"embeddable":true,"href":"https:\/\/aconteceunovale.com.br\/portal\/index.php?rest_route=%2Fwp%2Fv2%2Fcomments&post=91781"}],"version-history":[{"count":0,"href":"https:\/\/aconteceunovale.com.br\/portal\/index.php?rest_route=\/wp\/v2\/posts\/91781\/revisions"}],"wp:featuredmedia":[{"embeddable":true,"href":"https:\/\/aconteceunovale.com.br\/portal\/index.php?rest_route=\/wp\/v2\/media\/91782"}],"wp:attachment":[{"href":"https:\/\/aconteceunovale.com.br\/portal\/index.php?rest_route=%2Fwp%2Fv2%2Fmedia&parent=91781"}],"wp:term":[{"taxonomy":"category","embeddable":true,"href":"https:\/\/aconteceunovale.com.br\/portal\/index.php?rest_route=%2Fwp%2Fv2%2Fcategories&post=91781"},{"taxonomy":"post_tag","embeddable":true,"href":"https:\/\/aconteceunovale.com.br\/portal\/index.php?rest_route=%2Fwp%2Fv2%2Ftags&post=91781"}],"curies":[{"name":"wp","href":"https:\/\/api.w.org\/{rel}","templated":true}]}}