{"id":91766,"date":"2016-07-11T17:26:24","date_gmt":"2016-07-11T20:26:24","guid":{"rendered":"http:\/\/aconteceunovale.com.br\/portal\/?p=91766"},"modified":"2016-07-11T17:26:24","modified_gmt":"2016-07-11T20:26:24","slug":"policia-registra-homicidio-e-assalto-em-sao-sebastiao-do-anta-no-vale-do-rio-doce","status":"publish","type":"post","link":"https:\/\/aconteceunovale.com.br\/portal\/?p=91766","title":{"rendered":"Pol\u00edcia registra homic\u00eddio e assalto em S\u00e3o Sebasti\u00e3o do Anta, no Vale do Rio Doce"},"content":{"rendered":"<p>Um jovem de 19 anos foi assassinado na tarde de domingo, 10 de julho, em S\u00e3o Sebasti\u00e3o do Anta, no Vale do Rio Doce. Vin\u00edcius Germano do Nascimento Rodrigues Dias e o adolescente N.G.N, de 17 anos, foram alvejados por disparos de arma de fogo  no Bairro Bela Vista. M.C.A, de 20 anos, considerado o principal suspeito do crime, \u00e9 procurado pela Pol\u00edcia.<\/p>\n<p>De acordo com a Pol\u00edcia Militar (PM), as v\u00edtimas transitavam pela Rua Dorvalino Gomes quando foram surpreendidas por dois indiv\u00edduos em uma moto preta. Neste momento, o passageiro do ve\u00edculo sacou uma arma de fogo e atirou em dire\u00e7\u00e3o a Vin\u00edcius e N.G.N.<\/p>\n<p>Os dois jovens foram socorridos e encaminhados para um hospital em Caratinga. Vin\u00edcius n\u00e3o resistiu aos ferimentos e veio a \u00f3bito durante o trajeto. O corpo foi encaminhado para o Instituto M\u00e9dico Legal (IML). J\u00e1 o menor N.G.N foi baleado na m\u00e3o direita e permaneceu no hospital sob cuidados m\u00e9dicos.<\/p>\n<p>A Pol\u00edcia Militar realizou rastreamentos na cidade e zona rural, mas o atirador e seu comparsa n\u00e3o foram localizados. O crime ser\u00e1 investigado pela Pol\u00edcia Civil.<\/p>\n<p><strong>Cobrador de \u00f4nibus \u00e9 roubado no munic\u00edpio de S\u00e3o Sebasti\u00e3o do Anta<\/strong><\/p>\n<p>Dois indiv\u00edduos assaltaram um cobrador de \u00f4nibus na manh\u00e3 desta segunda-feira, 11 de julho, na zona rural de S\u00e3o Sebasti\u00e3o do Anta. A v\u00edtima procurou a PM e relatou que estava no C\u00f3rrego do Anta, fazendo a cobran\u00e7a de passagens para uma empresa que realiza viagens entre a localidade e Inhapim, quando foi surpreendido pelos assaltantes, que de posse de uma arma de fogo, anunciaram o roubo dizendo: &#8220;passe somente o dinheiro da empresa&#8221;. <\/p>\n<p>Os autores fugiram levando a quantia de R$ 1.098,00 em dinheiro. O assalto aconteceu por volta das 7h30, mas a v\u00edtima s\u00f3 procurou a pol\u00edcia \u00e0s 10h50. Questionado, ele afirmou que foi orientado pela empresa a terminar o servi\u00e7o e s\u00f3 depois fazer o registro. Segundo a PM, essa demora prejudicou o rastreamento dos assaltantes.<\/p>\n","protected":false},"excerpt":{"rendered":"<p>Um jovem de 19 anos foi assassinado na tarde de domingo, 10 de julho, em S\u00e3o Sebasti\u00e3o do Anta, no Vale do Rio Doce. Vin\u00edcius Germano do Nascimento Rodrigues Dias e o adolescente N.G.N, de 17 anos, foram alvejados por disparos de arma de fogo no Bairro Bela Vista. M.C.A, de 20 anos, considerado o [&hellip;]<\/p>\n","protected":false},"author":1,"featured_media":90576,"comment_status":"open","ping_status":"closed","sticky":false,"template":"","format":"standard","meta":{"amp_status":"","footnotes":""},"categories":[121],"tags":[104502,104505,104500,104498,104497,237,104499,104504,104495,104507,104494,104496,104493,104508,104509,104503,104506,104501,316,323,104492],"class_list":["post-91766","post","type-post","status-publish","format-standard","has-post-thumbnail","hentry","category-leste","tag-assalto-cobrador-de-onibus-sao-sebastiao-do-anta","tag-assalto-corrego-do-anta","tag-assalto-sao-sebastiao-do-anta","tag-assassinado-em-sao-sebastiao-do-anta","tag-assassinato-sao-sebastiao-do-anta","tag-caratinga","tag-cobrador-de-onibus-e-roubado-no-municipio-de-sao-sebastiao-do-anta","tag-corrego-do-anta","tag-homicidio-sao-sebastiao-do-anta","tag-jhonatan-pascoalato-de-paula","tag-michael-calixto-dos-anjos","tag-morto-sao-sebastiao-do-anta","tag-neviton-germano-do-nascimento","tag-policia-registra-homicidio-e-assalto-a-mao-armada-em-sao-sebastiao-do-anta","tag-policia-registra-homicidio-e-assalto-em-sao-sebastiao-do-anta","tag-roubo-cobrador-de-onibus-sao-sebastiao-do-anta","tag-roubo-corrego-do-anta","tag-roubo-sao-sebastiao-do-anta","tag-sao-domingos-das-dores","tag-sao-sebastiao-do-anta","tag-vinicius-germano-do-nascimento-rodrigues-dias"],"_links":{"self":[{"href":"https:\/\/aconteceunovale.com.br\/portal\/index.php?rest_route=\/wp\/v2\/posts\/91766","targetHints":{"allow":["GET"]}}],"collection":[{"href":"https:\/\/aconteceunovale.com.br\/portal\/index.php?rest_route=\/wp\/v2\/posts"}],"about":[{"href":"https:\/\/aconteceunovale.com.br\/portal\/index.php?rest_route=\/wp\/v2\/types\/post"}],"author":[{"embeddable":true,"href":"https:\/\/aconteceunovale.com.br\/portal\/index.php?rest_route=\/wp\/v2\/users\/1"}],"replies":[{"embeddable":true,"href":"https:\/\/aconteceunovale.com.br\/portal\/index.php?rest_route=%2Fwp%2Fv2%2Fcomments&post=91766"}],"version-history":[{"count":0,"href":"https:\/\/aconteceunovale.com.br\/portal\/index.php?rest_route=\/wp\/v2\/posts\/91766\/revisions"}],"wp:featuredmedia":[{"embeddable":true,"href":"https:\/\/aconteceunovale.com.br\/portal\/index.php?rest_route=\/wp\/v2\/media\/90576"}],"wp:attachment":[{"href":"https:\/\/aconteceunovale.com.br\/portal\/index.php?rest_route=%2Fwp%2Fv2%2Fmedia&parent=91766"}],"wp:term":[{"taxonomy":"category","embeddable":true,"href":"https:\/\/aconteceunovale.com.br\/portal\/index.php?rest_route=%2Fwp%2Fv2%2Fcategories&post=91766"},{"taxonomy":"post_tag","embeddable":true,"href":"https:\/\/aconteceunovale.com.br\/portal\/index.php?rest_route=%2Fwp%2Fv2%2Ftags&post=91766"}],"curies":[{"name":"wp","href":"https:\/\/api.w.org\/{rel}","templated":true}]}}