{"id":91690,"date":"2016-07-10T18:44:31","date_gmt":"2016-07-10T21:44:31","guid":{"rendered":"http:\/\/aconteceunovale.com.br\/portal\/?p=91690"},"modified":"2016-07-10T18:44:31","modified_gmt":"2016-07-10T21:44:31","slug":"acidente-entre-moto-caminhao-e-onibus-deixa-uma-pessoa-ferida-em-padre-paraiso","status":"publish","type":"post","link":"https:\/\/aconteceunovale.com.br\/portal\/?p=91690","title":{"rendered":"Acidente entre moto, caminh\u00e3o e \u00f4nibus deixa uma pessoa ferida em Padre Para\u00edso"},"content":{"rendered":"<p>Um acidente envolvendo uma motocicleta, um caminh\u00e3o e um \u00f4nibus deixou uma pessoa gravemente ferida na noite deste s\u00e1bado (9\/7) na BR-116, pr\u00f3ximo a Padre Para\u00edso, no Vale do Jequitinhonha. Devido ao acidente, a via ficou parcialmente interditada por algumas horas.<\/p>\n<p>Segundo a Pol\u00edcia Rodovi\u00e1ria Federal (PRF), o caminh\u00e3o colidiu lateralmente na moto, e logo em seguida o \u00f4nibus bateu na traseira do ve\u00edculo de carga. O motociclista sofreu ferimentos graves, sendo socorrido por uma equipe do Servi\u00e7o de Atendimento M\u00f3vel de Urg\u00eancia (SAMU) e encaminhado a um hospital de Te\u00f3filo Otoni.<\/p>\n<p><img decoding=\"async\" src=\"http:\/\/aconteceunovale.com.br\/portal\/wp-content\/uploads\/2016\/07\/acidente_pp.jpg\" alt=\"\" \/><em>Acidente aconteceu na BR-116, perto de Padre Para\u00edso (Foto: Internauta\/WhatsApp)<\/em><br \/>\n<\/br><\/p>\n<p><em>(G1 Vales de Minas Gerais)<\/em><\/p>\n","protected":false},"excerpt":{"rendered":"<p>Um acidente envolvendo uma motocicleta, um caminh\u00e3o e um \u00f4nibus deixou uma pessoa gravemente ferida na noite deste s\u00e1bado (9\/7) na BR-116, pr\u00f3ximo a Padre Para\u00edso, no Vale do Jequitinhonha. Devido ao acidente, a via ficou parcialmente interditada por algumas horas. Segundo a Pol\u00edcia Rodovi\u00e1ria Federal (PRF), o caminh\u00e3o colidiu lateralmente na moto, e logo [&hellip;]<\/p>\n","protected":false},"author":1,"featured_media":91691,"comment_status":"open","ping_status":"closed","sticky":false,"template":"","format":"standard","meta":{"amp_status":"","footnotes":""},"categories":[120],"tags":[104345,104346,13718,104348,104344,13720,104347,572],"class_list":["post-91690","post","type-post","status-publish","format-standard","has-post-thumbnail","hentry","category-jequi","tag-acidente-aguia-branca-padre-paraiso","tag-acidente-com-onibus-da-aguia-branca-em-padre-paraiso","tag-acidente-em-padre-paraiso","tag-acidente-entre-moto-caminhao-e-onibus-deixa-uma-pessoa-ferida-em-padre-paraiso","tag-acidente-moto-em-padre-paraiso","tag-acidente-na-br-116-em-padre-paraiso","tag-acidente-onibus-aguia-branca","tag-padre-paraiso"],"_links":{"self":[{"href":"https:\/\/aconteceunovale.com.br\/portal\/index.php?rest_route=\/wp\/v2\/posts\/91690","targetHints":{"allow":["GET"]}}],"collection":[{"href":"https:\/\/aconteceunovale.com.br\/portal\/index.php?rest_route=\/wp\/v2\/posts"}],"about":[{"href":"https:\/\/aconteceunovale.com.br\/portal\/index.php?rest_route=\/wp\/v2\/types\/post"}],"author":[{"embeddable":true,"href":"https:\/\/aconteceunovale.com.br\/portal\/index.php?rest_route=\/wp\/v2\/users\/1"}],"replies":[{"embeddable":true,"href":"https:\/\/aconteceunovale.com.br\/portal\/index.php?rest_route=%2Fwp%2Fv2%2Fcomments&post=91690"}],"version-history":[{"count":0,"href":"https:\/\/aconteceunovale.com.br\/portal\/index.php?rest_route=\/wp\/v2\/posts\/91690\/revisions"}],"wp:featuredmedia":[{"embeddable":true,"href":"https:\/\/aconteceunovale.com.br\/portal\/index.php?rest_route=\/wp\/v2\/media\/91691"}],"wp:attachment":[{"href":"https:\/\/aconteceunovale.com.br\/portal\/index.php?rest_route=%2Fwp%2Fv2%2Fmedia&parent=91690"}],"wp:term":[{"taxonomy":"category","embeddable":true,"href":"https:\/\/aconteceunovale.com.br\/portal\/index.php?rest_route=%2Fwp%2Fv2%2Fcategories&post=91690"},{"taxonomy":"post_tag","embeddable":true,"href":"https:\/\/aconteceunovale.com.br\/portal\/index.php?rest_route=%2Fwp%2Fv2%2Ftags&post=91690"}],"curies":[{"name":"wp","href":"https:\/\/api.w.org\/{rel}","templated":true}]}}