{"id":91674,"date":"2016-07-10T15:55:25","date_gmt":"2016-07-10T18:55:25","guid":{"rendered":"http:\/\/aconteceunovale.com.br\/portal\/?p=91674"},"modified":"2016-07-10T22:44:54","modified_gmt":"2016-07-11T01:44:54","slug":"wesley-safadao-doa-parte-do-cache-de-show-em-montes-claros-para-tratamento-do-garoto-lucas-costa","status":"publish","type":"post","link":"https:\/\/aconteceunovale.com.br\/portal\/?p=91674","title":{"rendered":"Wesley Safad\u00e3o doa parte do cach\u00ea de show em Montes Claros para tratamento do garoto Lucas Costa"},"content":{"rendered":"<p>O cantor Wesley Safad\u00e3o aderiu \u00e0 campanha de doa\u00e7\u00f5es para ajudar o garoto Lucas Costa, de 8 anos, morador de Montes Claros, no Norte de Minas, portador de uma doen\u00e7a rara, a epiderm\u00f3lise bolhosa. Ao se apresentar na Exposi\u00e7\u00e3o Agropecu\u00e1ria da cidade (Expomontes), nesse s\u00e1bado \u00e0 noite (9\/7), o cantor disse que doou parte do cach\u00ea do show para a campanha em prol de Lucas. Ele tamb\u00e9m pediu ao p\u00fablico para ajudar a fam\u00edlia do garoto.<\/p>\n<p>&#8220;Falo aqui n\u00e3o como artista, mas como pai de dois filhos. Sei que \u00e9 um momento de festa e de alegria. Mas temos que ajudar o Lucas. J\u00e1 fiz uma doa\u00e7\u00e3o antes e estou doando parte do meu cach\u00ea (do show na Expomontes)&#8221;, afirmou Wesley Safad\u00e3o, um dos cantores de grande sucesso, atualmente.<\/p>\n<p>Na sequencia, Lucas, que e cadeirante, foi levado ao palco. O cantor se apresentou usando uma camisa alusiva a campanha de doa\u00e7\u00f5es, tendo a foto de Lucas e frase &#8220;compartilhe solidariedade. Doe mais um dia de vida&#8221;. Ele fez um apelo para que as pessoas venham ajudar o menino. &#8220;Que voc\u00eas continuem ajudando o Lucas nessa batalha. E n\u00e3o s\u00f3 com dinheiro, mas que possam orar por ele. Possam pedir a Deus que continue aben\u00e7oando para que ele tenha for\u00e7a para seguir nessa batalha,nessa luta di\u00e1ria&#8221;, conclamou o artista diante de um publico de 35 mil pessoas, segundo os organizadores.<\/p>\n<p><img decoding=\"async\" src=\"http:\/\/aconteceunovale.com.br\/portal\/wp-content\/uploads\/2016\/07\/safadao_moc_2.jpg\" alt=\"\" \/><em>Wesley Safad\u00e3o e o garoto Lucas Costa (Foto: Divulga\u00e7\u00e3o)<\/em><br \/>\n<\/br><\/p>\n<p>Lucas \u00e9 integrante de fam\u00edlia humilde e, h\u00e1 tr\u00eas anos pai dele, Helio Pereira Costa, foi obrigado a deixar o servi\u00e7o de comerci\u00e1rio para cuidar do filho. <\/p>\n<p>A maior dificuldade da fam\u00edlia \u00e9 conseguir recursos para comprar a pomada Curefini, usada no tratamento, importada dos Estados Unidos. Um tubo da pomada custa U$ 35,00 e s\u00e3o consumidos 10 potes por dia, gerando uma despesa di\u00e1ria de U$ 350,00 (R$ 1.169,00). &#8220;Imaginem se cada um de voc\u00eas doar um real, vai ter dinheiro para comprada durante dois meses&#8221;, afirmou Wesley Safad\u00e3o. N\u00e3o foi divulgado o valor do cach\u00ea do artista.<\/p>\n<p><strong>V\u00cdDEO (Wesley Safad\u00e3o fala sobre Lucas durante show na Expomontes):<\/strong><\/p>\n<p><iframe loading=\"lazy\" width=\"640\" height=\"480\" src=\"https:\/\/www.youtube.com\/embed\/2IF9i8FDSZM\" frameborder=\"0\" allowfullscreen><\/iframe><br \/>\n<\/br><\/p>\n<p><strong>Outros famosos<\/strong><\/p>\n<p>Os cantores Lucas Lucco e Ivete Sangalo tamb\u00e9m se apresentaram na Exposi\u00e7\u00e3o Agropecu\u00e1ria de Montes Claros e posaram para fotos ao lado do menino que sofre a doen\u00e7a rara, em apoio a campanha de doa\u00e7\u00f5es. <\/p>\n<p>Realizada h\u00e1 tr\u00eas anos, a campanha em prol de doa\u00e7\u00f5es para o tratamento do menino Lucas Costa ganhou proje\u00e7\u00e3o nacional e passou a contar com a ades\u00e3o de celebridades, recentemente, depois que a publicit\u00e1ria Let\u00edcia Turano divulgou a mobiliza\u00e7\u00e3o numa p\u00e1gina no Instagram. O jogador de futebol Neymar foi uma das personalidades que se manifestaram nas redes sociais pedindo apoio para Lucas. Entre outros famosos que fizeram postagens em prol do garoto est\u00e3o as atrizes Luana Piovani, Luiza Brunet, Tata Werneck e Fernanda Paes Leme.<\/p>\n<p><img decoding=\"async\" src=\"http:\/\/aconteceunovale.com.br\/portal\/wp-content\/uploads\/2016\/07\/post_safadao_1.jpg\" alt=\"\" \/><em>Publica\u00e7\u00e3o realizada pelo cantor Wesley Safad\u00e3o no dia 22 de junho (Foto: Reprodu\u00e7\u00e3o)<\/em><br \/>\n<\/br><\/p>\n<p><img decoding=\"async\" src=\"http:\/\/aconteceunovale.com.br\/portal\/wp-content\/uploads\/2016\/07\/safadao_moc_1.jpg\" alt=\"\" \/><em>Safad\u00e3o cantou para 30 mil pessoas em Montes Claros (Foto: Divulga\u00e7\u00e3o)<\/em><br \/>\n<\/br><\/p>\n<p><img decoding=\"async\" src=\"http:\/\/aconteceunovale.com.br\/portal\/wp-content\/uploads\/2016\/07\/safadao_moc_4.jpg\" alt=\"\" \/><em>O cantor usou a camisa da campanha durante o show (Foto: Divulga\u00e7\u00e3o)<\/em><br \/>\n<\/br><\/p>\n<p><em>(Fonte: Estado de Minas \/ Rep\u00f3rter: Luiz Ribeiro)<\/em><\/p>\n","protected":false},"excerpt":{"rendered":"<p>O cantor Wesley Safad\u00e3o aderiu \u00e0 campanha de doa\u00e7\u00f5es para ajudar o garoto Lucas Costa, de 8 anos, morador de Montes Claros, no Norte de Minas, portador de uma doen\u00e7a rara, a epiderm\u00f3lise bolhosa. Ao se apresentar na Exposi\u00e7\u00e3o Agropecu\u00e1ria da cidade (Expomontes), nesse s\u00e1bado \u00e0 noite (9\/7), o cantor disse que doou parte do [&hellip;]<\/p>\n","protected":false},"author":1,"featured_media":91677,"comment_status":"open","ping_status":"closed","sticky":false,"template":"","format":"standard","meta":{"amp_status":"","footnotes":""},"categories":[125,1236],"tags":[100916,101115,101116,100918,101114,4848,100917,102704,100921,102705,101113,1018,100914,102024,103967,104329,102706,100922,104328,100913,442,100920,210,3088,100923,100919,101112,100915,68595,104331,104333,104332,104334,104330],"class_list":["post-91674","post","type-post","status-publish","format-standard","has-post-thumbnail","hentry","category-noticias","category-norte_de_minas","tag-amigos-do-lucas-costa","tag-amigos-e-portadores-de-epidermolise-bolhosa","tag-ampapeb","tag-arolina-dieckman","tag-associacao-mineira-de-parentes","tag-barcelona","tag-campanha-amigos-do-lucas-costa","tag-cantor-lucas-lucco","tag-cantor-wesley-safadao","tag-carolina-dieckman","tag-claudia-portela","tag-destaque","tag-epidermolise-bolhosa","tag-expomontes-2016","tag-exposicao-agropecuaria-de-montes-claros","tag-fernanda-paes-leme","tag-garoto-de-montes-claros-que-tem-doenca-rara-ganha-apoio-do-cantor-lucas-lucco","tag-leticia-turano","tag-luana-piovani","tag-lucas-costa","tag-lucas-lucco","tag-luiza-brunet","tag-montes-claros","tag-neymar","tag-neymar-e-varios-famosos-fazem-campanha-por-garoto-montes-clarense-com-doenca-rara","tag-tata-werneck","tag-uxcilene-melo","tag-vitimas-epidermolise-bolhosa","tag-wesley-safadao","tag-wesley-safadao-doa-parte-de-cache-para-tratamento-do-garoto-lucas-costa","tag-wesley-safadao-doa-parte-do-cache-de-show-em-montes-claros","tag-wesley-safadao-doa-parte-do-cache-de-show-em-montes-claros-para-tratamento-do-garoto-lucas-costa","tag-wesley-safadao-doa-parte-do-cache-de-show-ma-expomontes","tag-wesley-safadao-doa-parte-do-cache-de-show-na-expomontes-2016-para-garoto-que-tem-doenca-rara"],"_links":{"self":[{"href":"https:\/\/aconteceunovale.com.br\/portal\/index.php?rest_route=\/wp\/v2\/posts\/91674","targetHints":{"allow":["GET"]}}],"collection":[{"href":"https:\/\/aconteceunovale.com.br\/portal\/index.php?rest_route=\/wp\/v2\/posts"}],"about":[{"href":"https:\/\/aconteceunovale.com.br\/portal\/index.php?rest_route=\/wp\/v2\/types\/post"}],"author":[{"embeddable":true,"href":"https:\/\/aconteceunovale.com.br\/portal\/index.php?rest_route=\/wp\/v2\/users\/1"}],"replies":[{"embeddable":true,"href":"https:\/\/aconteceunovale.com.br\/portal\/index.php?rest_route=%2Fwp%2Fv2%2Fcomments&post=91674"}],"version-history":[{"count":0,"href":"https:\/\/aconteceunovale.com.br\/portal\/index.php?rest_route=\/wp\/v2\/posts\/91674\/revisions"}],"wp:featuredmedia":[{"embeddable":true,"href":"https:\/\/aconteceunovale.com.br\/portal\/index.php?rest_route=\/wp\/v2\/media\/91677"}],"wp:attachment":[{"href":"https:\/\/aconteceunovale.com.br\/portal\/index.php?rest_route=%2Fwp%2Fv2%2Fmedia&parent=91674"}],"wp:term":[{"taxonomy":"category","embeddable":true,"href":"https:\/\/aconteceunovale.com.br\/portal\/index.php?rest_route=%2Fwp%2Fv2%2Fcategories&post=91674"},{"taxonomy":"post_tag","embeddable":true,"href":"https:\/\/aconteceunovale.com.br\/portal\/index.php?rest_route=%2Fwp%2Fv2%2Ftags&post=91674"}],"curies":[{"name":"wp","href":"https:\/\/api.w.org\/{rel}","templated":true}]}}