{"id":91667,"date":"2016-07-10T15:18:02","date_gmt":"2016-07-10T18:18:02","guid":{"rendered":"http:\/\/aconteceunovale.com.br\/portal\/?p=91667"},"modified":"2016-07-10T15:18:02","modified_gmt":"2016-07-10T18:18:02","slug":"duas-pessoas-ficam-feridas-em-acidente-na-estrada-entre-malacacheta-e-franciscopolis","status":"publish","type":"post","link":"https:\/\/aconteceunovale.com.br\/portal\/?p=91667","title":{"rendered":"Duas pessoas ficam feridas em acidente na estrada entre Malacacheta e Francisc\u00f3polis"},"content":{"rendered":"<p>A colis\u00e3o entre um autom\u00f3vel e um cavalo deixou duas pessoas feridas na tarde de s\u00e1bado, 9 de julho, na rodovia que liga Malacacheta e Francisc\u00f3polis, no Vale do Mucuri. Segundo informa\u00e7\u00f5es, um cavaleiro saiu de uma \u00e1rea de pastagem \u00e0s margens da estrada e ao tentar atravessar a pista, foi atingido pelo GM\/Corsa, placa GTG-1490, de Contagem (MG). <\/p>\n<p>No momento do acidente, um caminh\u00e3o transitava em sentido contr\u00e1rio ao carro de passeio, o que impossibilitou o desvio do cavaleiro. Com o impacto, o animal morreu no local. <\/p>\n<p>O condutor do carro e o cavaleiro foram socorridos pelo Servi\u00e7o de Atendimento M\u00f3vel de Urg\u00eancia (SAMU) e encaminhados para hospitais da regi\u00e3o. O homem que estava montado no cavalo sofreu traumatismo cranioencef\u00e1lico (TCE).<\/p>\n<p><img decoding=\"async\" src=\"http:\/\/aconteceunovale.com.br\/portal\/wp-content\/uploads\/2016\/07\/acidente_malacacheta_1.jpg\" alt=\"\" \/><em>Acidente aconteceu na estrada entre Malacacheta e Francisc\u00f3polis (Foto: Internauta \/ WhatsApp)<\/em><br \/>\n<\/br><\/p>\n<p><img decoding=\"async\" src=\"http:\/\/aconteceunovale.com.br\/portal\/wp-content\/uploads\/2016\/07\/acidente_fran_mal_1.jpg\" alt=\"\" \/><em>Acidente aconteceu na estrada entre Malacacheta e Francisc\u00f3polis (Foto: Internauta \/ WhatsApp)<\/em><\/p>\n","protected":false},"excerpt":{"rendered":"<p>A colis\u00e3o entre um autom\u00f3vel e um cavalo deixou duas pessoas feridas na tarde de s\u00e1bado, 9 de julho, na rodovia que liga Malacacheta e Francisc\u00f3polis, no Vale do Mucuri. Segundo informa\u00e7\u00f5es, um cavaleiro saiu de uma \u00e1rea de pastagem \u00e0s margens da estrada e ao tentar atravessar a pista, foi atingido pelo GM\/Corsa, placa [&hellip;]<\/p>\n","protected":false},"author":1,"featured_media":91668,"comment_status":"open","ping_status":"closed","sticky":false,"template":"","format":"standard","meta":{"amp_status":"","footnotes":""},"categories":[122],"tags":[104325,104324,104326,956,104323,1089,104327,226],"class_list":["post-91667","post","type-post","status-publish","format-standard","has-post-thumbnail","hentry","category-mucuri","tag-acidente-entre-carro-e-cavalo-na-estrada-entre-malacacheta-e-franciscopolis","tag-acidente-na-estrada-entre-malacacheta-e-franciscopolis","tag-colisao-entre-carro-e-cavalo-na-estrada-entre-malacacheta-e-franciscopolis","tag-contagem","tag-duas-pessoas-ficam-feridas-em-acidente-na-estrada-entre-malacacheta-e-franciscopolis","tag-franciscopolis","tag-joaquim-miguel","tag-malacacheta"],"_links":{"self":[{"href":"https:\/\/aconteceunovale.com.br\/portal\/index.php?rest_route=\/wp\/v2\/posts\/91667","targetHints":{"allow":["GET"]}}],"collection":[{"href":"https:\/\/aconteceunovale.com.br\/portal\/index.php?rest_route=\/wp\/v2\/posts"}],"about":[{"href":"https:\/\/aconteceunovale.com.br\/portal\/index.php?rest_route=\/wp\/v2\/types\/post"}],"author":[{"embeddable":true,"href":"https:\/\/aconteceunovale.com.br\/portal\/index.php?rest_route=\/wp\/v2\/users\/1"}],"replies":[{"embeddable":true,"href":"https:\/\/aconteceunovale.com.br\/portal\/index.php?rest_route=%2Fwp%2Fv2%2Fcomments&post=91667"}],"version-history":[{"count":0,"href":"https:\/\/aconteceunovale.com.br\/portal\/index.php?rest_route=\/wp\/v2\/posts\/91667\/revisions"}],"wp:featuredmedia":[{"embeddable":true,"href":"https:\/\/aconteceunovale.com.br\/portal\/index.php?rest_route=\/wp\/v2\/media\/91668"}],"wp:attachment":[{"href":"https:\/\/aconteceunovale.com.br\/portal\/index.php?rest_route=%2Fwp%2Fv2%2Fmedia&parent=91667"}],"wp:term":[{"taxonomy":"category","embeddable":true,"href":"https:\/\/aconteceunovale.com.br\/portal\/index.php?rest_route=%2Fwp%2Fv2%2Fcategories&post=91667"},{"taxonomy":"post_tag","embeddable":true,"href":"https:\/\/aconteceunovale.com.br\/portal\/index.php?rest_route=%2Fwp%2Fv2%2Ftags&post=91667"}],"curies":[{"name":"wp","href":"https:\/\/api.w.org\/{rel}","templated":true}]}}