{"id":91659,"date":"2016-07-10T14:38:45","date_gmt":"2016-07-10T17:38:45","guid":{"rendered":"http:\/\/aconteceunovale.com.br\/portal\/?p=91659"},"modified":"2016-07-10T17:16:06","modified_gmt":"2016-07-10T20:16:06","slug":"policia-procura-autor-de-homicidio-no-municipio-de-carai-no-vale-do-jequitinhonha","status":"publish","type":"post","link":"https:\/\/aconteceunovale.com.br\/portal\/?p=91659","title":{"rendered":"Pol\u00edcia procura autor de homic\u00eddio no munic\u00edpio de Cara\u00ed, no Vale do Jequitinhonha"},"content":{"rendered":"<p>Um adolescente de 17 anos foi assassinado na noite desse s\u00e1bado, 9 de julho, no munic\u00edpio de Cara\u00ed, no Vale do Jequitinhonha. Jos\u00e9 M\u00e1rcio Alves Pereira foi alvejado por disparo de arma de fogo no Povoado Maranh\u00e3o. A v\u00edtima chegou a ser socorrida ao hospital de Padre Para\u00edso, mas n\u00e3o resistiu ao ferimento e veio a \u00f3bito. <\/p>\n<p>De acordo com a Pol\u00edcia Militar (PM), uma testemunha relatou que o autor do crime pegou uma arma carregada com seis cartuchos e em seguida retirou cinco, deixando apenas uma muni\u00e7\u00e3o. Em a\u00e7\u00e3o cont\u00ednua, apontou em dire\u00e7\u00e3o a Jos\u00e9 M\u00e1rcio dizendo &#8220;toma Neguim&#8221; e efetuou dois disparos a seco. Na terceira tentativa, a arma disparou a muni\u00e7\u00e3o e atingiu o jovem na regi\u00e3o superior esquerda do t\u00f3rax.<\/p>\n<p>Ap\u00f3s a a\u00e7\u00e3o criminosa, o autor recebeu ajuda de um familiar e evadiu do local. A PM realizou rastreamentos, contudo o criminoso e a arma utilizada para pr\u00e1tica do crime ainda n\u00e3o foram localizados. O caso ser\u00e1 investigado pela Pol\u00edcia Civil.<\/p>\n<p><img decoding=\"async\" src=\"http:\/\/aconteceunovale.com.br\/portal\/wp-content\/uploads\/2016\/07\/homicidio_carai.jpg\" alt=\"\" \/><em>Jos\u00e9 M\u00e1rcio Alves Pereira tinha 17 anos (Foto: Reprodu\u00e7\u00e3o)<\/em><\/p>\n","protected":false},"excerpt":{"rendered":"<p>Um adolescente de 17 anos foi assassinado na noite desse s\u00e1bado, 9 de julho, no munic\u00edpio de Cara\u00ed, no Vale do Jequitinhonha. Jos\u00e9 M\u00e1rcio Alves Pereira foi alvejado por disparo de arma de fogo no Povoado Maranh\u00e3o. A v\u00edtima chegou a ser socorrida ao hospital de Padre Para\u00edso, mas n\u00e3o resistiu ao ferimento e veio [&hellip;]<\/p>\n","protected":false},"author":1,"featured_media":91660,"comment_status":"open","ping_status":"closed","sticky":false,"template":"","format":"standard","meta":{"amp_status":"","footnotes":""},"categories":[120],"tags":[48308,81377,490,104312,81375,104314,104311,48307,572,104308,104309,104310,104313],"class_list":["post-91659","post","type-post","status-publish","format-standard","has-post-thumbnail","hentry","category-jequi","tag-assassinado-em-carai","tag-assassinato-carai","tag-carai","tag-daniel-martins-pereira","tag-homicidio-carai","tag-homicidio-no-povoado-maranhao","tag-jose-marcio-alves-pereira","tag-morto-em-carai","tag-padre-paraiso","tag-policia-procura-autor-de-homicidio-no-municipio-de-carai","tag-povoado-maranhao","tag-povoado-maranhao-carai","tag-rodrigo-filho-de-vanderique"],"_links":{"self":[{"href":"https:\/\/aconteceunovale.com.br\/portal\/index.php?rest_route=\/wp\/v2\/posts\/91659","targetHints":{"allow":["GET"]}}],"collection":[{"href":"https:\/\/aconteceunovale.com.br\/portal\/index.php?rest_route=\/wp\/v2\/posts"}],"about":[{"href":"https:\/\/aconteceunovale.com.br\/portal\/index.php?rest_route=\/wp\/v2\/types\/post"}],"author":[{"embeddable":true,"href":"https:\/\/aconteceunovale.com.br\/portal\/index.php?rest_route=\/wp\/v2\/users\/1"}],"replies":[{"embeddable":true,"href":"https:\/\/aconteceunovale.com.br\/portal\/index.php?rest_route=%2Fwp%2Fv2%2Fcomments&post=91659"}],"version-history":[{"count":0,"href":"https:\/\/aconteceunovale.com.br\/portal\/index.php?rest_route=\/wp\/v2\/posts\/91659\/revisions"}],"wp:featuredmedia":[{"embeddable":true,"href":"https:\/\/aconteceunovale.com.br\/portal\/index.php?rest_route=\/wp\/v2\/media\/91660"}],"wp:attachment":[{"href":"https:\/\/aconteceunovale.com.br\/portal\/index.php?rest_route=%2Fwp%2Fv2%2Fmedia&parent=91659"}],"wp:term":[{"taxonomy":"category","embeddable":true,"href":"https:\/\/aconteceunovale.com.br\/portal\/index.php?rest_route=%2Fwp%2Fv2%2Fcategories&post=91659"},{"taxonomy":"post_tag","embeddable":true,"href":"https:\/\/aconteceunovale.com.br\/portal\/index.php?rest_route=%2Fwp%2Fv2%2Ftags&post=91659"}],"curies":[{"name":"wp","href":"https:\/\/api.w.org\/{rel}","templated":true}]}}