{"id":91656,"date":"2016-07-10T14:08:03","date_gmt":"2016-07-10T17:08:03","guid":{"rendered":"http:\/\/aconteceunovale.com.br\/portal\/?p=91656"},"modified":"2016-07-10T14:08:03","modified_gmt":"2016-07-10T17:08:03","slug":"motorista-de-caminhao-morre-em-acidente-no-municipio-de-bertopolis","status":"publish","type":"post","link":"https:\/\/aconteceunovale.com.br\/portal\/?p=91656","title":{"rendered":"Motorista de caminh\u00e3o morre em acidente no munic\u00edpio de Bert\u00f3polis"},"content":{"rendered":"<p>O caminhoneiro Paulo Valdique Serafim, de 62 anos, morreu em um acidente no in\u00edcio da madrugada deste domingo, 10 de julho, na altura do quil\u00f4metro 09 da LMG-682, munic\u00edpio de Bert\u00f3polis, no Vale do Mucuri. De acordo com informa\u00e7\u00f5es da Pol\u00edcia Militar (PM), o ve\u00edculo M\/Benz, placa MPY-0881, desceu a rodovia desgovernado e ficou dependurado em uma ribanceira de aproximadamente 50 metros.<\/p>\n<p>O condutor chegou a ser socorrido por uma equipe do Servi\u00e7o de Atendimento M\u00f3vel de Urg\u00eancia (SAMU) de \u00c1guas Formosas e foi encaminhado para o hospital de Machacalis, mas n\u00e3o resistiu aos graves ferimentos e veio a \u00f3bito. <\/p>\n<p>O corpo de Paulo Valdique foi removido ao Instituto M\u00e9dico Legal (IML) de Te\u00f3filo Otoni, sendo liberado \u00e0 fam\u00edlia manh\u00e3 deste domingo ap\u00f3s necropsia realizada pelo legista Denio Soares, auxiliado por Francisco Couy.<\/p>\n<p>As causas do acidente s\u00e3o apuradas. A Per\u00edcia T\u00e9cnica da Pol\u00edcia Civil da cidade de Nanuque compareceu ao local do acidente e realizou os trabalhos de praxe.<\/p>\n<p><img decoding=\"async\" src=\"http:\/\/aconteceunovale.com.br\/portal\/wp-content\/uploads\/2016\/07\/acidente_bertopolis.jpg\" alt=\"\" \/><em>Paulo Valdique Serafim tinha 62 anos (Foto: Reprodu\u00e7\u00e3o)<\/em><\/p>\n","protected":false},"excerpt":{"rendered":"<p>O caminhoneiro Paulo Valdique Serafim, de 62 anos, morreu em um acidente no in\u00edcio da madrugada deste domingo, 10 de julho, na altura do quil\u00f4metro 09 da LMG-682, munic\u00edpio de Bert\u00f3polis, no Vale do Mucuri. De acordo com informa\u00e7\u00f5es da Pol\u00edcia Militar (PM), o ve\u00edculo M\/Benz, placa MPY-0881, desceu a rodovia desgovernado e ficou dependurado [&hellip;]<\/p>\n","protected":false},"author":1,"featured_media":91657,"comment_status":"open","ping_status":"closed","sticky":false,"template":"","format":"standard","meta":{"amp_status":"","footnotes":""},"categories":[122],"tags":[104306,104299,104298,104305,104304,1798,104303,2236,104301,104300,104307,104297,104302],"class_list":["post-91656","post","type-post","status-publish","format-standard","has-post-thumbnail","hentry","category-mucuri","tag-acidente-caminhoneiro-de-machacalis","tag-acidente-com-caminhao-em-bertopolis","tag-acidente-em-bertopolis","tag-acidente-morador-de-machacalis","tag-acidente-na-lmg-682","tag-bertopolis","tag-lmg-682","tag-machacalis","tag-morte-de-caminhoneiro-em-bertopolis","tag-morte-de-motorista-em-bertopolis","tag-motorista-de-caminhao-morre-em-acidente-no-municipio-de-bertopolis","tag-motorista-morre-em-acidente-no-municipio-de-bertopolis","tag-paulo-valdique-serafim"],"_links":{"self":[{"href":"https:\/\/aconteceunovale.com.br\/portal\/index.php?rest_route=\/wp\/v2\/posts\/91656","targetHints":{"allow":["GET"]}}],"collection":[{"href":"https:\/\/aconteceunovale.com.br\/portal\/index.php?rest_route=\/wp\/v2\/posts"}],"about":[{"href":"https:\/\/aconteceunovale.com.br\/portal\/index.php?rest_route=\/wp\/v2\/types\/post"}],"author":[{"embeddable":true,"href":"https:\/\/aconteceunovale.com.br\/portal\/index.php?rest_route=\/wp\/v2\/users\/1"}],"replies":[{"embeddable":true,"href":"https:\/\/aconteceunovale.com.br\/portal\/index.php?rest_route=%2Fwp%2Fv2%2Fcomments&post=91656"}],"version-history":[{"count":0,"href":"https:\/\/aconteceunovale.com.br\/portal\/index.php?rest_route=\/wp\/v2\/posts\/91656\/revisions"}],"wp:featuredmedia":[{"embeddable":true,"href":"https:\/\/aconteceunovale.com.br\/portal\/index.php?rest_route=\/wp\/v2\/media\/91657"}],"wp:attachment":[{"href":"https:\/\/aconteceunovale.com.br\/portal\/index.php?rest_route=%2Fwp%2Fv2%2Fmedia&parent=91656"}],"wp:term":[{"taxonomy":"category","embeddable":true,"href":"https:\/\/aconteceunovale.com.br\/portal\/index.php?rest_route=%2Fwp%2Fv2%2Fcategories&post=91656"},{"taxonomy":"post_tag","embeddable":true,"href":"https:\/\/aconteceunovale.com.br\/portal\/index.php?rest_route=%2Fwp%2Fv2%2Ftags&post=91656"}],"curies":[{"name":"wp","href":"https:\/\/api.w.org\/{rel}","templated":true}]}}