{"id":91635,"date":"2016-07-08T20:29:05","date_gmt":"2016-07-08T23:29:05","guid":{"rendered":"http:\/\/aconteceunovale.com.br\/portal\/?p=91635"},"modified":"2016-07-08T20:29:05","modified_gmt":"2016-07-08T23:29:05","slug":"pastor-acusado-de-pedofilia-vai-responder-em-liberdade","status":"publish","type":"post","link":"https:\/\/aconteceunovale.com.br\/portal\/?p=91635","title":{"rendered":"Pastor acusado de pedofilia vai responder em liberdade"},"content":{"rendered":"<p>O pastor Felipe Heiderich, acusado de crime de pedofilia contra o enteado de 5 anos, vai responder em liberdade. Ele se encontrava em sistema de pris\u00e3o tempor\u00e1ria e como o Minist\u00e9rio P\u00fablico do Rio de Janeiro (MPRJ) n\u00e3o pediu a convers\u00e3o em pris\u00e3o preventiva o pastor ser\u00e1 liberado.<\/p>\n<p>\u201cHavia sido decretada a pris\u00e3o tempor\u00e1ria do acusado, que s\u00f3 vale durante a fase de inqu\u00e9rito. A partir do momento que o Minist\u00e9rio P\u00fablico ofereceu a den\u00fancia, o inqu\u00e9rito foi encerrado. Ressalto que o MPRJ n\u00e3o pediu a pris\u00e3o preventiva, mas somente medidas cautelares\u201d, informou o juiz Paulo C\u00e9zar Vieira de Carvalho Filho, titular da 17\u00aa Vara Criminal da Capital.<\/p>\n<p>Felipe Heiderich, est\u00e1 proibido de se aproximar da mulher, a pastora Bianca Toledo e do filho dela de 5 anos. Felipe tamb\u00e9m ser\u00e1 monitorado por tornozeleira eletr\u00f4nica. \u201cDeterminei o monitoramento eletr\u00f4nico e que o r\u00e9u fique proibido de se aproximar da crian\u00e7a e da m\u00e3e\u201d, explicou o magistrado em decis\u00e3o divulgada hoje (8).<\/p>\n<p>Felipe estava preso na Cadeia P\u00fablica Jos\u00e9 Frederico Marques (Bangu 10), no Complexo Penitenci\u00e1rio de Gericin\u00f3, em Bangu, na Zona Oeste do Rio.<\/p>\n<p><img decoding=\"async\" src=\"http:\/\/aconteceunovale.com.br\/portal\/wp-content\/uploads\/2016\/07\/pastor_pedofilo.jpg\" alt=\"\" \/><em>Felipe Heiderich e Bianca Toledo (Foto: Reprodu\u00e7\u00e3o\/Youtube)<\/em><br \/>\n<\/br><\/p>\n<p><em>(Ag\u00eancia Brasil)<\/em><\/p>\n","protected":false},"excerpt":{"rendered":"<p>O pastor Felipe Heiderich, acusado de crime de pedofilia contra o enteado de 5 anos, vai responder em liberdade. Ele se encontrava em sistema de pris\u00e3o tempor\u00e1ria e como o Minist\u00e9rio P\u00fablico do Rio de Janeiro (MPRJ) n\u00e3o pediu a convers\u00e3o em pris\u00e3o preventiva o pastor ser\u00e1 liberado. \u201cHavia sido decretada a pris\u00e3o tempor\u00e1ria do [&hellip;]<\/p>\n","protected":false},"author":1,"featured_media":91636,"comment_status":"open","ping_status":"closed","sticky":false,"template":"","format":"standard","meta":{"amp_status":"","footnotes":""},"categories":[6],"tags":[104260,104258,25807,104256,104255,104257,104259,18917],"class_list":["post-91635","post","type-post","status-publish","format-standard","has-post-thumbnail","hentry","category-br","tag-bianca-toledo","tag-felipe-heiderich","tag-justica","tag-pastor-acusado-de-pedofilia","tag-pastor-acusado-de-pedofilia-vai-responder-em-liberdade","tag-pastor-felipe-heiderich","tag-pastora-bianca-toledo","tag-pedofilia"],"_links":{"self":[{"href":"https:\/\/aconteceunovale.com.br\/portal\/index.php?rest_route=\/wp\/v2\/posts\/91635","targetHints":{"allow":["GET"]}}],"collection":[{"href":"https:\/\/aconteceunovale.com.br\/portal\/index.php?rest_route=\/wp\/v2\/posts"}],"about":[{"href":"https:\/\/aconteceunovale.com.br\/portal\/index.php?rest_route=\/wp\/v2\/types\/post"}],"author":[{"embeddable":true,"href":"https:\/\/aconteceunovale.com.br\/portal\/index.php?rest_route=\/wp\/v2\/users\/1"}],"replies":[{"embeddable":true,"href":"https:\/\/aconteceunovale.com.br\/portal\/index.php?rest_route=%2Fwp%2Fv2%2Fcomments&post=91635"}],"version-history":[{"count":0,"href":"https:\/\/aconteceunovale.com.br\/portal\/index.php?rest_route=\/wp\/v2\/posts\/91635\/revisions"}],"wp:featuredmedia":[{"embeddable":true,"href":"https:\/\/aconteceunovale.com.br\/portal\/index.php?rest_route=\/wp\/v2\/media\/91636"}],"wp:attachment":[{"href":"https:\/\/aconteceunovale.com.br\/portal\/index.php?rest_route=%2Fwp%2Fv2%2Fmedia&parent=91635"}],"wp:term":[{"taxonomy":"category","embeddable":true,"href":"https:\/\/aconteceunovale.com.br\/portal\/index.php?rest_route=%2Fwp%2Fv2%2Fcategories&post=91635"},{"taxonomy":"post_tag","embeddable":true,"href":"https:\/\/aconteceunovale.com.br\/portal\/index.php?rest_route=%2Fwp%2Fv2%2Ftags&post=91635"}],"curies":[{"name":"wp","href":"https:\/\/api.w.org\/{rel}","templated":true}]}}