{"id":91632,"date":"2016-07-08T20:22:26","date_gmt":"2016-07-08T23:22:26","guid":{"rendered":"http:\/\/aconteceunovale.com.br\/portal\/?p=91632"},"modified":"2016-07-08T20:34:31","modified_gmt":"2016-07-08T23:34:31","slug":"fabio-ramalho-e-o-quinto-deputado-a-registrar-candidatura-para-presidencia-da-camara","status":"publish","type":"post","link":"https:\/\/aconteceunovale.com.br\/portal\/?p=91632","title":{"rendered":"F\u00e1bio Ramalho \u00e9 o quinto deputado a registrar candidatura para presid\u00eancia da C\u00e2mara"},"content":{"rendered":"<p>Mesmo com o impasse em torno da data da elei\u00e7\u00e3o, a quinta candidatura \u00e0 presid\u00eancia da C\u00e2mara dos Deputados foi registrada hoje (8\/7), a do peemedebista F\u00e1bio Ramalho (MG), para ocupar o cargo de Eduardo Cunha (PMDB-RJ) ap\u00f3s sua ren\u00fancia. F\u00e1bio Ramalho est\u00e1 em seu terceiro mandato. Formado em direito, o parlamentar foi prefeito de Malacacheta (MG) entre 1997 e 2004.<\/p>\n<p>Al\u00e9m de Ramalho, registraram candidaturas na Secretaria-Geral da Mesa os deputados Carlos Henrique Gaguim (PTN-TO), Fausto Pinato (PP-SP) \u2013 que foi o primeiro relator do processo contra Cunha no Conselho de \u00c9tica \u2013 e Carlos Manato (SD-ES), que \u00e9 o atual corregedor da C\u00e2mara. O ex-ministro da Sa\u00fade do governo Dilma Marcelo Castro (PMDB-PI) tamb\u00e9m registrou candidatura.<\/p>\n<p>Enquanto a situa\u00e7\u00e3o do mandato de Cunha n\u00e3o se define, nos corredores da C\u00e2mara continuam as negocia\u00e7\u00f5es em torno de um novo nome que o suceder\u00e1 no comando da Casa. A expectativa \u00e9 que o 1\u00ba secret\u00e1rio da Mesa Diretora, Beto Mansur (PRB-SP), tamb\u00e9m registre sua candidatura em breve. Mansur anunciou a inten\u00e7\u00e3o de concorrer ao cargo em entrevista coletiva no final da manh\u00e3.<\/p>\n<p><strong>Reuni\u00e3o da Mesa e Col\u00e9gio de L\u00edderes<\/strong><\/p>\n<p>Na manh\u00e3 de hoje, o presidente interino Waldir Maranh\u00e3o disse que manteria a elei\u00e7\u00e3o para a pr\u00f3xima quinta-feira (14). Em seguida, Maranh\u00e3o anunciou a exonera\u00e7\u00e3o do secret\u00e1rio-geral da Mesa (SGM) da C\u00e2mara, Silvio Avelino, que participou da conversa entre os parlamentares. Funcion\u00e1rio da Casa, Avelino que comandou por 15 anos o Departamento de Comiss\u00f5es da C\u00e2mara, chegou \u00e0 SGM com a elei\u00e7\u00e3o de Cunha.<\/p>\n<p>A tarde houve reuni\u00e3o de l\u00edderes partid\u00e1rios do chamado \u201ccentr\u00e3o\u201d, que comp\u00f5e a base aliada do presidente interino, Michel Temer. Defensores de que a elei\u00e7\u00e3o seja feita na ter\u00e7a-feira (12), eles marcaram nova reuni\u00e3o para segunda-feira (11), \u00e0s 17h, para confirmar a convoca\u00e7\u00e3o do Col\u00e9gio de L\u00edderes e tentar fazer o pleito na ter\u00e7a.<\/p>\n<p>A data e o hor\u00e1rio marcado pelos l\u00edderes \u00e9 o mesmo previsto para a reuni\u00e3o da Comiss\u00e3o de Constitui\u00e7\u00e3o e Justi\u00e7a (CCJ) que pode decidir o futuro pol\u00edtico de Cunha. Caso a data se confirme, a CCJ teria que cancelar a reuni\u00e3o, que \u00e9 questionada por opositores e Cunha.<\/p>\n<p><strong>Reuni\u00e3o remarcada<\/strong><\/p>\n<p>Marcada inicialmente para segunda-feira (11), a reuni\u00e3o foi remarcada ontem (7) pelo presidente do colegiado, Osmar Serraglio (PMDB-PR), ap\u00f3s a ren\u00fancia e o an\u00fancio de que Cunha apresentou um aditamento a um recurso em tr\u00e2mite na comiss\u00e3o pedindo que a tramita\u00e7\u00e3o de seu processo de cassa\u00e7\u00e3o no Conselho de \u00c9tica seja revisto.<\/p>\n<p>O l\u00edder da Rede, Alessandro Molon (RJ) disse que a mudan\u00e7a faz parte de uma manobra para atrasar o processo e evitar a cassa\u00e7\u00e3o do deputado. Ele anunciou que est\u00e1 colhendo assinaturas na Casa para manter a reuni\u00e3o na segunda-feira, mas o documento, que precisa de um ter\u00e7o das assinaturas do colegiado, tem efeito mais simb\u00f3lico do que pr\u00e1tico, pois precisaria ser aprovado por maioria simples da CCJ em uma sess\u00e3o j\u00e1 agendada.<\/p>\n<p><strong>Instabilidade de Maranh\u00e3o<\/strong><\/p>\n<p>Os l\u00edderes partid\u00e1rios do \u201ccentr\u00e3o\u201d justificaram a urg\u00eancia alegando a instabilidade das decis\u00f5es de Waldir Maranh\u00e3o na presid\u00eancia. Segundo eles, caso a elei\u00e7\u00e3o seja feita na quinta-feira, o presidente interino poderia cancelar de \u00faltima hora a sess\u00e3o, jogando a decis\u00e3o para depois do recesso parlamentar, em agosto. \u201cNosso receio \u00e9 que, por algum motivo, a elei\u00e7\u00e3o de quinta seja revogada, como j\u00e1 foram outras decis\u00f5es recentes\u201d, disse o l\u00edder do PSD, Rog\u00e9rio Rosso (DF), ap\u00f3s reuni\u00e3o.<\/p>\n<p>Contr\u00e1rio \u00e0 elei\u00e7\u00e3o na ter\u00e7a-feira, o l\u00edder do DEM, Pauderney Avelino (AM), defendeu a data de quinta-feira para o processo. Segundo ele, uma convoca\u00e7\u00e3o pelos l\u00edderes s\u00f3 poderia ser feita caso houvesse omiss\u00e3o de Waldir Maranh\u00e3o. \u201cUm conjunto de partidos est\u00e1 querendo se sobrepor a um presidente em exerc\u00edcio que j\u00e1 tomou provid\u00eancias para fazer a elei\u00e7\u00e3o na quinta-feira\u201d, disse.<\/p>\n<p><strong>Nota de F\u00e1bio Ramalho<\/strong><\/p>\n<p><em>\u201cAnuncio aos meus eleitores e a todos e todas que acompanham meu trabalho na C\u00e2mara dos Deputados que sou candidato ao cargo de presidente da Casa. Se ganhar, irei fazer da C\u00e2mara uma Casa de altivez, com propostas voltadas para o povo e enfrentamento da crise econ\u00f4mica para que as mudan\u00e7as desejadas pela popula\u00e7\u00e3o possam acontecer. Com um parlamento e um governo unido por um Brasil melhor.\u201d<\/em>, diz nota divulgada nas redes sociais.<\/p>\n<p><img decoding=\"async\" src=\"http:\/\/aconteceunovale.com.br\/portal\/wp-content\/uploads\/2016\/07\/fabio_ramalho.jpg\" alt=\"\" \/><em>F\u00e1bio Ramalho anunciou candidatura \u00e0 presid\u00eancia da C\u00e2mara (Foto: Divulga\u00e7\u00e3o)<\/em><br \/>\n<\/br><\/p>\n<p><em>(Ag\u00eancia Brasil)<\/em><\/p>\n","protected":false},"excerpt":{"rendered":"<p>Mesmo com o impasse em torno da data da elei\u00e7\u00e3o, a quinta candidatura \u00e0 presid\u00eancia da C\u00e2mara dos Deputados foi registrada hoje (8\/7), a do peemedebista F\u00e1bio Ramalho (MG), para ocupar o cargo de Eduardo Cunha (PMDB-RJ) ap\u00f3s sua ren\u00fancia. F\u00e1bio Ramalho est\u00e1 em seu terceiro mandato. Formado em direito, o parlamentar foi prefeito de [&hellip;]<\/p>\n","protected":false},"author":1,"featured_media":91633,"comment_status":"open","ping_status":"closed","sticky":false,"template":"","format":"standard","meta":{"amp_status":"","footnotes":""},"categories":[6,40240,122],"tags":[104251,104253,104247,41240,104254,104246,104248,104252,226,104250,103866,104249],"class_list":["post-91632","post","type-post","status-publish","format-standard","has-post-thumbnail","hentry","category-br","category-politica-2","category-mucuri","tag-carlos-henrique-gaguim","tag-carlos-manato","tag-deputado-fabio-ramalho","tag-fabio-ramalho","tag-fabio-ramalho-anunciou-candidatura-a-presidencia-da-camara","tag-fabio-ramalho-e-o-quinto-deputado-a-registrar-candidatura-para-presidencia-da-camara","tag-fabio-ramalho-presidencia-da-camara","tag-fausto-pinato","tag-malacacheta","tag-peemedebista-fabio-ramalho","tag-presidencia-da-camara","tag-quinta-candidatura-a-presidencia-da-camara-dos-deputados"],"_links":{"self":[{"href":"https:\/\/aconteceunovale.com.br\/portal\/index.php?rest_route=\/wp\/v2\/posts\/91632","targetHints":{"allow":["GET"]}}],"collection":[{"href":"https:\/\/aconteceunovale.com.br\/portal\/index.php?rest_route=\/wp\/v2\/posts"}],"about":[{"href":"https:\/\/aconteceunovale.com.br\/portal\/index.php?rest_route=\/wp\/v2\/types\/post"}],"author":[{"embeddable":true,"href":"https:\/\/aconteceunovale.com.br\/portal\/index.php?rest_route=\/wp\/v2\/users\/1"}],"replies":[{"embeddable":true,"href":"https:\/\/aconteceunovale.com.br\/portal\/index.php?rest_route=%2Fwp%2Fv2%2Fcomments&post=91632"}],"version-history":[{"count":0,"href":"https:\/\/aconteceunovale.com.br\/portal\/index.php?rest_route=\/wp\/v2\/posts\/91632\/revisions"}],"wp:featuredmedia":[{"embeddable":true,"href":"https:\/\/aconteceunovale.com.br\/portal\/index.php?rest_route=\/wp\/v2\/media\/91633"}],"wp:attachment":[{"href":"https:\/\/aconteceunovale.com.br\/portal\/index.php?rest_route=%2Fwp%2Fv2%2Fmedia&parent=91632"}],"wp:term":[{"taxonomy":"category","embeddable":true,"href":"https:\/\/aconteceunovale.com.br\/portal\/index.php?rest_route=%2Fwp%2Fv2%2Fcategories&post=91632"},{"taxonomy":"post_tag","embeddable":true,"href":"https:\/\/aconteceunovale.com.br\/portal\/index.php?rest_route=%2Fwp%2Fv2%2Ftags&post=91632"}],"curies":[{"name":"wp","href":"https:\/\/api.w.org\/{rel}","templated":true}]}}