{"id":91620,"date":"2016-07-08T19:36:50","date_gmt":"2016-07-08T22:36:50","guid":{"rendered":"http:\/\/aconteceunovale.com.br\/portal\/?p=91620"},"modified":"2016-07-08T19:36:50","modified_gmt":"2016-07-08T22:36:50","slug":"cemiterio-em-aracuai-tem-cadaver-e-ossos-humanos-expostos-a-ceu-aberto","status":"publish","type":"post","link":"https:\/\/aconteceunovale.com.br\/portal\/?p=91620","title":{"rendered":"Cemit\u00e9rio em Ara\u00e7ua\u00ed tem cad\u00e1ver e ossos humanos expostos a c\u00e9u aberto"},"content":{"rendered":"<p>Um corpo  em decomposi\u00e7\u00e3o, dentro de um caix\u00e3o abandonado entre t\u00famulos,  e ossada humana  exposta ao p\u00fablico, al\u00e9m de muita sujeira e mato. Esse \u00e9 o retrato do descaso e abandono a que foi relegado o cemit\u00e9rio municipal de Ara\u00e7ua\u00ed, no Vale do Jequitinhonha.<\/p>\n<p>O caso chegou ao conhecimento do Minist\u00e9rio P\u00fablico na tarde desta quinta-feira, 7 de julho, pelas m\u00e3os da farmac\u00eautica Liliana Rocha Costa, que est\u00e1 indignada com o desrespeito aos mortos e aos seus familiares, por parte da administra\u00e7\u00e3o municipal.<\/p>\n<p>O caix\u00e3o, bastante danificado e com um corpo dentro, foi abandonado entre  t\u00famulos de filhos ilustres de Ara\u00e7ua\u00ed. <\/p>\n<p><img decoding=\"async\" src=\"http:\/\/aconteceunovale.com.br\/portal\/wp-content\/uploads\/2016\/07\/cemiterio_ara_1.jpg\" alt=\"\" \/><em>Cemit\u00e9rio est\u00e1 abandonado pelo poder p\u00fablico (Foto: Gazeta de Ara\u00e7ua\u00ed)<\/em><br \/>\n<\/br><\/p>\n<p>Ao lado  do t\u00famulo,  onde foi deixado o caix\u00e3o,  est\u00e3o sepultados os corpos do advogado Dalmo da Cunha  Melo,  o pai dele, Asdr\u00fabal da Cunha Melo e Nahyda Pereira Matos Paix\u00e3o, filha do professor e escritor Leopoldo Pereira e irm\u00e3 de Caio Mario da Silva Pereira,  j\u00e1 falecido e considerado o maior civilista do pa\u00eds, com obras adotadas em praticamente todos as faculdades de Direito brasileiras.<\/p>\n<p>Revoltada com o quadro que se parece com o de um filme de terror, a farmac\u00eautica  registrou h\u00e1 duas semanas uma ocorr\u00eancia na Pol\u00edcia Militar que foi encaminhada para a Delegacia de Pol\u00edcia Civil.<\/p>\n<p>Na tarde de quarta-feira (6) ela retornou ao cemit\u00e9rio e ficou mais indignada ao perceber que nenhuma provid\u00eancia havia sido tomada. \u201cN\u00e3o existe nenhuma preocupa\u00e7\u00e3o com a limpeza e seguran\u00e7a do lugar. O t\u00famulo do meu pai foi danificado poucos dias depois que instalamos uma l\u00e1pide de m\u00e1rmore. O que se v\u00ea por aqui \u00e9 muita sujeira, descaso, abandono e  desrespeito. \u00c9 um absurdo e revoltante ver um caix\u00e3o com um corpo dentro, abandonado desta forma\u201d, desabafou a farmac\u00eautica que decidiu denunciar o caso \u00e0 Promotoria P\u00fablica.<\/p>\n<p>Procurado, o delegado Cristiano Castelucci informou que estava retornando de f\u00e9rias e que n\u00e3o tinha conhecimento da ocorr\u00eancia. \u201cVou averiguar os fatos e analisar se existe algum il\u00edcito penal e ver quais medidas administrativas poder\u00e3o ser tomadas contra a administra\u00e7\u00e3o municipal, respons\u00e1vel pelo cemit\u00e9rio\u201d, disse o policial.<\/p>\n<p>O encarregado pela administra\u00e7\u00e3o do cemit\u00e9rio, Salvador Siqueira, disse que tamb\u00e9m n\u00e3o tinha conhecimento do fato e que na pr\u00f3xima segunda-feira, 11 de julho,  ir\u00e1  pessoalmente ao local.<\/p>\n<p>H\u00e1 pelo menos 15 anos, foi inaugurado um novo cemit\u00e9rio municipal no bairro Canoeiro. \u201cMesmo assim, muitas fam\u00edlias insistem em realizar sepultamentos no cemit\u00e9rio antigo\u201d, afirma Siqueira.<\/p>\n<p>Ele disse que o local passa por limpeza peri\u00f3dica, principalmente no Dia de Finados, mas n\u00e3o possui vigias nem funcion\u00e1rios para zelar pelo lugar. \u201cV\u00e2ndalos entram por l\u00e1, \u00e0 noite,  para uso de drogas e at\u00e9 pr\u00e1tica de sexo. Acredito que possam ter desenterrado este cad\u00e1ver e deixado \u00e0 mostra\u201d, acredita o administrador.<\/p>\n<p>No antigo  cemit\u00e9rio municipal existem outros t\u00famulos que tamb\u00e9m est\u00e3o danificados e sem identifica\u00e7\u00e3o. Em um deles, \u00e9 poss\u00edvel ver ossos como t\u00edbia e costelas humanas. O caso j\u00e1 foi denunciado h\u00e1 dois anos,  em reportagem do Jornal Gazeta, mas nenhuma provid\u00eancia foi tomada.<\/p>\n<p>&#8220;Nesta \u00e9poca, quando fui visitar o t\u00famulo do meu pai, fiquei surpreso ao ver dois cr\u00e2nios insepultos pr\u00f3ximo ao jazigo dele&#8221;, lembrou o engenheiro e professor Josias Gomes Ribeiro.<\/p>\n<p>Quem possui um jazigo em um cemit\u00e9rio p\u00fablico tem a responsabilidade de zelar pelo t\u00famulo, j\u00e1 que \u00e9 uma concess\u00e3o p\u00fablica, diz a lei.<\/p>\n<p>\u201cMuitos t\u00famulos que est\u00e3o danificados, n\u00e3o possuem placas e por isso fica dif\u00edcil identificar familiares. Entra administra\u00e7\u00e3o e sai administra\u00e7\u00e3o e o abandono continua o mesmo\u201d, lamentou  Salvador Silveira.<\/p>\n<p><img decoding=\"async\" src=\"http:\/\/aconteceunovale.com.br\/portal\/wp-content\/uploads\/2016\/07\/cemiterio_ara_2.jpg\" alt=\"\" \/><em>Caix\u00e3o com cad\u00e1ver foi abandonado entre t\u00famulos (Foto: Gazeta de Ara\u00e7ua\u00ed)<\/em><br \/>\n<\/br><\/p>\n<p><img decoding=\"async\" src=\"http:\/\/aconteceunovale.com.br\/portal\/wp-content\/uploads\/2016\/07\/cemiterio_ara_3.jpg\" alt=\"\" \/><em>Caix\u00e3o com cad\u00e1ver foi abandonado entre t\u00famulos (Foto: Gazeta de Ara\u00e7ua\u00ed)<\/em><br \/>\n<\/br><\/p>\n<p><img decoding=\"async\" src=\"http:\/\/aconteceunovale.com.br\/portal\/wp-content\/uploads\/2016\/07\/cemiterio_ara_4.jpg\" alt=\"\" \/><em>V\u00e1rios t\u00famulos est\u00e3o danificados e sem placas (Foto: Gazeta de Ara\u00e7ua\u00ed)<\/em><br \/>\n<\/br><\/p>\n<p><img decoding=\"async\" src=\"http:\/\/aconteceunovale.com.br\/portal\/wp-content\/uploads\/2016\/07\/cemiterio_ara_5.jpg\" alt=\"\" \/><em>T\u00famulo est\u00e1 aberto h\u00e1 mais de dois anos (Foto: Gazeta de Ara\u00e7ua\u00ed)<\/em><br \/>\n<\/br><\/p>\n<p><em>(Fonte: Gazeta de Ara\u00e7ua\u00ed\/S\u00e9rgio Vasconcelos)<\/em><\/p>\n","protected":false},"excerpt":{"rendered":"<p>Um corpo em decomposi\u00e7\u00e3o, dentro de um caix\u00e3o abandonado entre t\u00famulos, e ossada humana exposta ao p\u00fablico, al\u00e9m de muita sujeira e mato. Esse \u00e9 o retrato do descaso e abandono a que foi relegado o cemit\u00e9rio municipal de Ara\u00e7ua\u00ed, no Vale do Jequitinhonha. O caso chegou ao conhecimento do Minist\u00e9rio P\u00fablico na tarde desta [&hellip;]<\/p>\n","protected":false},"author":1,"featured_media":91625,"comment_status":"open","ping_status":"closed","sticky":false,"template":"","format":"standard","meta":{"amp_status":"","footnotes":""},"categories":[120],"tags":[104238,186,104237,104241,104240,104236,104239],"class_list":["post-91620","post","type-post","status-publish","format-standard","has-post-thumbnail","hentry","category-jequi","tag-abandono-do-cemiterio-em-aracuai","tag-aracuai","tag-cemiterio-em-aracuai","tag-cemiterio-em-aracuai-descaso","tag-cemiterio-em-aracuai-e-abandonado","tag-cemiterio-em-aracuai-tem-cadaver-e-ossos-humanos-expostos-a-ceu-aberto","tag-descaso-com-cemiterio-em-aracuai"],"_links":{"self":[{"href":"https:\/\/aconteceunovale.com.br\/portal\/index.php?rest_route=\/wp\/v2\/posts\/91620","targetHints":{"allow":["GET"]}}],"collection":[{"href":"https:\/\/aconteceunovale.com.br\/portal\/index.php?rest_route=\/wp\/v2\/posts"}],"about":[{"href":"https:\/\/aconteceunovale.com.br\/portal\/index.php?rest_route=\/wp\/v2\/types\/post"}],"author":[{"embeddable":true,"href":"https:\/\/aconteceunovale.com.br\/portal\/index.php?rest_route=\/wp\/v2\/users\/1"}],"replies":[{"embeddable":true,"href":"https:\/\/aconteceunovale.com.br\/portal\/index.php?rest_route=%2Fwp%2Fv2%2Fcomments&post=91620"}],"version-history":[{"count":0,"href":"https:\/\/aconteceunovale.com.br\/portal\/index.php?rest_route=\/wp\/v2\/posts\/91620\/revisions"}],"wp:featuredmedia":[{"embeddable":true,"href":"https:\/\/aconteceunovale.com.br\/portal\/index.php?rest_route=\/wp\/v2\/media\/91625"}],"wp:attachment":[{"href":"https:\/\/aconteceunovale.com.br\/portal\/index.php?rest_route=%2Fwp%2Fv2%2Fmedia&parent=91620"}],"wp:term":[{"taxonomy":"category","embeddable":true,"href":"https:\/\/aconteceunovale.com.br\/portal\/index.php?rest_route=%2Fwp%2Fv2%2Fcategories&post=91620"},{"taxonomy":"post_tag","embeddable":true,"href":"https:\/\/aconteceunovale.com.br\/portal\/index.php?rest_route=%2Fwp%2Fv2%2Ftags&post=91620"}],"curies":[{"name":"wp","href":"https:\/\/api.w.org\/{rel}","templated":true}]}}