{"id":91277,"date":"2016-07-06T11:39:54","date_gmt":"2016-07-06T14:39:54","guid":{"rendered":"http:\/\/aconteceunovale.com.br\/portal\/?p=91277"},"modified":"2016-07-06T11:39:54","modified_gmt":"2016-07-06T14:39:54","slug":"papa-aceita-saida-de-arcebispo-brasileiro-acusado-de-ser-gay","status":"publish","type":"post","link":"https:\/\/aconteceunovale.com.br\/portal\/?p=91277","title":{"rendered":"Papa aceita sa\u00edda de arcebispo brasileiro acusado de ser gay"},"content":{"rendered":"<p>O papa Francisco aceitou nesta quarta-feira (6\/7) a ren\u00fancia ao governo pastoral da arquidiocese da Para\u00edba apresentada pelo arcebispo dom Aldo Di Cillo Pagotto, acusado de manter rela\u00e7\u00f5es homossexuais e de ignorar casos de pedofilia.<\/p>\n<p>Por meio de um processo can\u00f4nico, a arquidiocese havia sofrido no ano passado uma interven\u00e7\u00e3o da Santa S\u00e9, com o envio do bispo de Garanhuns, Fernando Guimar\u00e3es, como &#8220;visitante apost\u00f3lico&#8221;. Na ocasi\u00e3o, Pagotto, de 66 anos, foi proibido de ordenar novos di\u00e1conos e sacerdotes e de receber seminaristas at\u00e9 que o Vaticano conclu\u00edsse as investiga\u00e7\u00f5es.<\/p>\n<p>O inqu\u00e9rito nasceu ap\u00f3s den\u00fancias de que o arcebispo da Para\u00edba havia acolhido padres e seminaristas expulsos de outras dioceses. Al\u00e9m disso, ele teria se recusado a discutir casos de pedofilia. Tamb\u00e9m em 2015, uma carta escrita por uma mulher o acusou de manter uma rela\u00e7\u00e3o afetiva com um jovem de 18 anos e de realizar &#8220;encontros \u00edntimos&#8221; na sede da arquidiocese.<\/p>\n<p>Mais tarde, a autora da correspond\u00eancia, Mariana Jos\u00e9, disse que n\u00e3o conhecia os personagens citados no texto, embora admitisse que a assinatura no documento era sua. J\u00e1 o arcebispo sempre negou todas as acusa\u00e7\u00f5es.<\/p>\n<p>A ren\u00fancia de Pagotto foi aceita por Francisco com base no Artigo 2 do c\u00e2none 401 do C\u00f3digo de Direito Can\u00f4nico, ou seja, por &#8220;grave causa&#8221;. Seu substituto interino ser\u00e1 dom Genival Saraiva de Fran\u00e7a, bispo em\u00e9rito de Palmares. (Ansa)<\/p>\n","protected":false},"excerpt":{"rendered":"<p>O papa Francisco aceitou nesta quarta-feira (6\/7) a ren\u00fancia ao governo pastoral da arquidiocese da Para\u00edba apresentada pelo arcebispo dom Aldo Di Cillo Pagotto, acusado de manter rela\u00e7\u00f5es homossexuais e de ignorar casos de pedofilia. Por meio de um processo can\u00f4nico, a arquidiocese havia sofrido no ano passado uma interven\u00e7\u00e3o da Santa S\u00e9, com o [&hellip;]<\/p>\n","protected":false},"author":1,"featured_media":91279,"comment_status":"open","ping_status":"closed","sticky":false,"template":"","format":"standard","meta":{"amp_status":"","footnotes":""},"categories":[28848],"tags":[103438,103444,103439,103448,103440,103446,103442,103447,58634,103437,946,32468,103445,103441,103443],"class_list":["post-91277","post","type-post","status-publish","format-standard","has-post-thumbnail","hentry","category-mundo","tag-acusado-de-ser-gay","tag-aldo-di-cillo-pagotto","tag-arcebispo-brasileiro-acusado-de-ser-gay","tag-arcebispo-da-paraiba","tag-arcebispo-dom-aldo-di-cillo-pagotto","tag-arquidiocese-da-paraiba","tag-dom-aldo-di-cillo-pagotto","tag-fernando-guimaraes","tag-garanhuns","tag-papa-aceita-saida-de-arcebispo-brasileiro-acusado-de-ser-gay","tag-papa-francisco","tag-renuncia","tag-renuncia-aldo-di-cillo-pagotto","tag-renuncia-arcebispo-dom-aldo-di-cillo-pagotto","tag-renuncia-dom-aldo-di-cillo-pagotto"],"_links":{"self":[{"href":"https:\/\/aconteceunovale.com.br\/portal\/index.php?rest_route=\/wp\/v2\/posts\/91277","targetHints":{"allow":["GET"]}}],"collection":[{"href":"https:\/\/aconteceunovale.com.br\/portal\/index.php?rest_route=\/wp\/v2\/posts"}],"about":[{"href":"https:\/\/aconteceunovale.com.br\/portal\/index.php?rest_route=\/wp\/v2\/types\/post"}],"author":[{"embeddable":true,"href":"https:\/\/aconteceunovale.com.br\/portal\/index.php?rest_route=\/wp\/v2\/users\/1"}],"replies":[{"embeddable":true,"href":"https:\/\/aconteceunovale.com.br\/portal\/index.php?rest_route=%2Fwp%2Fv2%2Fcomments&post=91277"}],"version-history":[{"count":0,"href":"https:\/\/aconteceunovale.com.br\/portal\/index.php?rest_route=\/wp\/v2\/posts\/91277\/revisions"}],"wp:featuredmedia":[{"embeddable":true,"href":"https:\/\/aconteceunovale.com.br\/portal\/index.php?rest_route=\/wp\/v2\/media\/91279"}],"wp:attachment":[{"href":"https:\/\/aconteceunovale.com.br\/portal\/index.php?rest_route=%2Fwp%2Fv2%2Fmedia&parent=91277"}],"wp:term":[{"taxonomy":"category","embeddable":true,"href":"https:\/\/aconteceunovale.com.br\/portal\/index.php?rest_route=%2Fwp%2Fv2%2Fcategories&post=91277"},{"taxonomy":"post_tag","embeddable":true,"href":"https:\/\/aconteceunovale.com.br\/portal\/index.php?rest_route=%2Fwp%2Fv2%2Ftags&post=91277"}],"curies":[{"name":"wp","href":"https:\/\/api.w.org\/{rel}","templated":true}]}}