{"id":91111,"date":"2016-07-04T23:07:14","date_gmt":"2016-07-05T02:07:14","guid":{"rendered":"http:\/\/aconteceunovale.com.br\/portal\/?p=91111"},"modified":"2016-07-04T23:07:14","modified_gmt":"2016-07-05T02:07:14","slug":"mp-ajuiza-acao-contra-cinema-de-governador-valadares","status":"publish","type":"post","link":"https:\/\/aconteceunovale.com.br\/portal\/?p=91111","title":{"rendered":"MP aju\u00edza a\u00e7\u00e3o contra cinema de Governador Valadares"},"content":{"rendered":"<p>O Minist\u00e9rio P\u00fablico em Governador Valadares ajuizou, na tarde desta segunda-feira (4\/7), uma a\u00e7\u00e3o contra a empresa Cinesercla, dona do \u00fanico cinema da cidade, por venda casada, que \u00e9 a pr\u00e1tica de condicionar um produto\/servi\u00e7o \u00e0 aquisi\u00e7\u00e3o de outro. Para o MP, a empresa n\u00e3o pode impedir os clientes de entrarem nas salas de cinema com quaisquer alimentos.<\/p>\n<p>Segundo o promotor L\u00e9lio Braga Calhau, a a\u00e7\u00e3o foi motivada por uma den\u00fancia. No dia 21 de abril uma consumidora registrou boletim de ocorr\u00eancia ap\u00f3s ter sido impedida de entrar no cinema com um sandu\u00edche. <\/p>\n<p>&#8220;Ap\u00f3s recebermos a den\u00fancia, instauramos investiga\u00e7\u00e3o e ouvimos todos os funcion\u00e1rios do cinema. Ningu\u00e9m negou que o fato tenha acontecido. O Cinesercla acredita que tem direito de limitar os produtos que podem entrar na sala de cinema, mas n\u00f3s acreditamos que isso fere o direito de liberdade de escolha do consumidor&#8221;, aponta L\u00e9lio Calhau.<\/p>\n<p>Ainda de acordo com o promotor, o tipo de pr\u00e1tica realizada pelo cinema da cidade \u00e9 chamada de &#8220;venda casada transversa&#8221;, na qual a empresa n\u00e3o obriga o consumidor a comprar o que ela vende, mas pressiona os consumidores a comprar os itens que ela oferece.<\/p>\n<p>A a\u00e7\u00e3o pede o fim da proibi\u00e7\u00e3o dos consumidores de assistirem os filmes com produtos aliment\u00edcios que n\u00e3o tenham sido adquiridos no pr\u00f3prio cinema, al\u00e9m de multa de R$ 10 mil e indeniza\u00e7\u00e3o por danos morais coletivos no valor de R$ 200 mil.<\/p>\n<p>A empresa ainda n\u00e3o se pronunciou sobre a den\u00fancia do Minist\u00e9rio P\u00fablico.<\/p>\n<p><img decoding=\"async\" src=\"http:\/\/aconteceunovale.com.br\/portal\/wp-content\/uploads\/2016\/07\/cinema_gv_2.jpg\" alt=\"\" \/><em>Minist\u00e9rio P\u00fablico alega que cinema Cinesercla pratica venda casada ao proibir entrada de alimentos comprados em outros estabelecimentos (Foto: Cinesercla \/ Divulga\u00e7\u00e3o)<\/em><br \/>\n<\/br><\/p>\n<p><em>(Fonte: G1 Vales de Minas Gerais \/ Rep\u00f3rter: Zana Ferreira)<\/em><\/p>\n","protected":false},"excerpt":{"rendered":"<p>O Minist\u00e9rio P\u00fablico em Governador Valadares ajuizou, na tarde desta segunda-feira (4\/7), uma a\u00e7\u00e3o contra a empresa Cinesercla, dona do \u00fanico cinema da cidade, por venda casada, que \u00e9 a pr\u00e1tica de condicionar um produto\/servi\u00e7o \u00e0 aquisi\u00e7\u00e3o de outro. Para o MP, a empresa n\u00e3o pode impedir os clientes de entrarem nas salas de cinema [&hellip;]<\/p>\n","protected":false},"author":1,"featured_media":91112,"comment_status":"open","ping_status":"closed","sticky":false,"template":"","format":"standard","meta":{"amp_status":"","footnotes":""},"categories":[121],"tags":[103075,103080,103076,103081,103072,103077,247,103082,103074,103079,103073,103078],"class_list":["post-91111","post","type-post","status-publish","format-standard","has-post-thumbnail","hentry","category-leste","tag-acao-contra-a-cinesercla","tag-acao-contra-a-cinesercla-governador-valadares","tag-acao-por-venda-casada-contra-a-cinesercla","tag-acao-por-venda-casada-contra-a-cinesercla-governador-valadares","tag-cinesercla","tag-cinesercla-governador-valadares","tag-governador-valadares","tag-mp-ajuiza-acao-contra-cinema-de-governador-valadares","tag-processo-cinesercla","tag-processo-cinesercla-governador-valadares","tag-venda-casada-cinesercla","tag-venda-casada-cinesercla-governador-valadares"],"_links":{"self":[{"href":"https:\/\/aconteceunovale.com.br\/portal\/index.php?rest_route=\/wp\/v2\/posts\/91111","targetHints":{"allow":["GET"]}}],"collection":[{"href":"https:\/\/aconteceunovale.com.br\/portal\/index.php?rest_route=\/wp\/v2\/posts"}],"about":[{"href":"https:\/\/aconteceunovale.com.br\/portal\/index.php?rest_route=\/wp\/v2\/types\/post"}],"author":[{"embeddable":true,"href":"https:\/\/aconteceunovale.com.br\/portal\/index.php?rest_route=\/wp\/v2\/users\/1"}],"replies":[{"embeddable":true,"href":"https:\/\/aconteceunovale.com.br\/portal\/index.php?rest_route=%2Fwp%2Fv2%2Fcomments&post=91111"}],"version-history":[{"count":0,"href":"https:\/\/aconteceunovale.com.br\/portal\/index.php?rest_route=\/wp\/v2\/posts\/91111\/revisions"}],"wp:featuredmedia":[{"embeddable":true,"href":"https:\/\/aconteceunovale.com.br\/portal\/index.php?rest_route=\/wp\/v2\/media\/91112"}],"wp:attachment":[{"href":"https:\/\/aconteceunovale.com.br\/portal\/index.php?rest_route=%2Fwp%2Fv2%2Fmedia&parent=91111"}],"wp:term":[{"taxonomy":"category","embeddable":true,"href":"https:\/\/aconteceunovale.com.br\/portal\/index.php?rest_route=%2Fwp%2Fv2%2Fcategories&post=91111"},{"taxonomy":"post_tag","embeddable":true,"href":"https:\/\/aconteceunovale.com.br\/portal\/index.php?rest_route=%2Fwp%2Fv2%2Ftags&post=91111"}],"curies":[{"name":"wp","href":"https:\/\/api.w.org\/{rel}","templated":true}]}}